{"id":123427,"date":"2025-09-16T19:51:48","date_gmt":"2025-09-16T19:51:48","guid":{"rendered":"https:\/\/rdnews.al\/?p=123427"},"modified":"2025-09-16T19:51:48","modified_gmt":"2025-09-16T19:51:48","slug":"skandali-me-masakrimin-e-turistit-austriak-ne-sy-te-famljes-policia-nuk-i-pranoi-denoncimin","status":"publish","type":"post","link":"https:\/\/rdnews.al\/index.php\/2025\/09\/16\/skandali-me-masakrimin-e-turistit-austriak-ne-sy-te-famljes-policia-nuk-i-pranoi-denoncimin\/","title":{"rendered":"Skandali me masakrimin e turistit austriak n\u00eb sy t\u00eb famljes\/ Policia nuk i pranoi denoncimin"},"content":{"rendered":"<div class=\"x14z9mp xat24cr x1lziwak x1vvkbs xtlvy1s x126k92a\">\n<div dir=\"auto\"><strong>DENONCIMI<\/strong><\/div>\n<\/div>\n<div class=\"x14z9mp xat24cr x1lziwak x1vvkbs xtlvy1s x126k92a\">\n<div dir=\"auto\">&#8220;P\u00ebrsh\u00ebndetje,<\/div>\n<\/div>\n<div class=\"x14z9mp xat24cr x1lziwak x1vvkbs xtlvy1s x126k92a\">\n<div dir=\"auto\">emri im \u00ebsht\u00eb Dirnstorfer Alexandru Christian. Babai im \u00ebsht\u00eb austriak, n\u00ebna ime rumune. Ne jetojm\u00eb n\u00eb Austri si shtetas austriak\u00eb prej m\u00eb shum\u00eb se 30 vitesh.<\/div>\n<\/div>\n<div class=\"x14z9mp xat24cr x1lziwak x1vvkbs xtlvy1s x126k92a\">\n<div dir=\"auto\">Kam par\u00eb se n\u00eb faqen tuaj ka dal\u00eb nj\u00eb reportazh dhe dua t\u2019ju them se un\u00eb jam personi i dhunuar, por n\u00eb t\u00eb v\u00ebrtet\u00eb historia \u00ebsht\u00eb shum\u00eb m\u00eb e r\u00ebnd\u00eb. Do t\u2019ju shpjegoj me holl\u00ebsi gjith\u00e7ka q\u00eb ka ndodhur:<\/div>\n<\/div>\n<div class=\"x14z9mp xat24cr x1lziwak x1vvkbs xtlvy1s x126k92a\">\n<div dir=\"auto\">Para nj\u00eb muaji vendosa s\u00eb bashku me bashk\u00ebshorten time t\u00eb shkonim me pushime dyjavore n\u00eb Durr\u00ebs, Shqip\u00ebri. Fillimisht gjith\u00e7ka shkoi mir\u00eb, por nj\u00eb dit\u00eb para se t\u00eb largoheshim, nd\u00ebrsa ndodhesha n\u00eb bulevardin e qytetit me gruan time dhe djalin ton\u00eb 16-muajsh, i cili vuan nga probleme t\u00eb r\u00ebnda sh\u00ebndet\u00ebsore, u sulmova nga disa persona me nj\u00eb brutalitet t\u00eb eg\u00ebr p\u00ebr rreth 30 minuta n\u00eb nj\u00eb perimet\u00ebr prej af\u00ebrsisht 300\u2013400 metrash.<\/div>\n<\/div>\n<div class=\"x14z9mp xat24cr x1lziwak x1vvkbs xtlvy1s x126k92a\">\n<div dir=\"auto\">M\u00eb \u00ebsht\u00eb marr\u00eb telefoni dhe nuk munda t\u00eb njoftoj ambulanc\u00ebn, nd\u00ebrsa nga frika ose nga pakujdesia askush nuk nd\u00ebrhyri. U godita me shkopinj bejsbolli n\u00eb kok\u00eb, m\u00eb \u00ebsht\u00eb futur nj\u00eb ka\u00e7avid\u00eb n\u00eb ball\u00eb dhe m\u00eb jan\u00eb marr\u00eb dokumentet, telefoni dhe ora. Nga qafa m\u00eb jan\u00eb shqyer dy var\u00ebse floriri. Kam hematoma n\u00eb kok\u00eb, hund\u00ebn e thyer n\u00eb dy vende dhe dhimbje e mavijosje n\u00eb t\u00eb gjith\u00eb trupin.<\/div>\n<\/div>\n<div class=\"x14z9mp xat24cr x1lziwak x1vvkbs xtlvy1s x126k92a\">\n<div dir=\"auto\">Dua t\u00eb theksoj se tashm\u00eb ndodhem prej nj\u00eb muaji n\u00eb Shqip\u00ebri, pasi nuk kam dokumente p\u00ebr t\u00eb udh\u00ebtuar. P\u00ebr nj\u00eb jav\u00eb t\u00eb t\u00ebr\u00eb kam shkuar nga nj\u00eb komisariat n\u00eb tjetrin p\u00ebr t\u00eb b\u00ebr\u00eb kall\u00ebzim, por gjithmon\u00eb jam p\u00ebrz\u00ebn\u00eb, duke m\u00eb th\u00ebn\u00eb se askush nuk flet asnj\u00eb gjuh\u00eb tjet\u00ebr p\u00ebrve\u00e7 shqipes \u2013 edhe pse un\u00eb flas shum\u00eb mir\u00eb pes\u00eb gjuh\u00eb. Shpesh m\u00eb b\u00ebrtisnin t\u00eb largohesha, ose m\u00eb thoshin t\u00eb prisja n\u00eb oborrin e policis\u00eb, dhe pas 4 or\u00ebsh pritjeje m\u00eb tallnin duke m\u00eb th\u00ebn\u00eb se asnj\u00eb polic nuk donte t\u00eb fliste me mua.<\/div>\n<\/div>\n<div class=\"x14z9mp xat24cr x1lziwak x1vvkbs xtlvy1s x126k92a\">\n<div dir=\"auto\">T\u00eb vetmit njer\u00ebz q\u00eb treguan me t\u00eb v\u00ebrtet\u00eb interes ishin: zonjat e Prokuroris\u00eb s\u00eb Durr\u00ebsit, t\u00eb cilat ishin shum\u00eb miq\u00ebsore, dhe nj\u00eb polic \u2013 ndoshta \u201eagjent special\u201c, i gjat\u00eb, tullac, me mjek\u00ebr \u2013 me emrin \u201eRedi\u201c, tek i cili u pa qart\u00eb d\u00ebshira e sinqert\u00eb p\u00ebr t\u00eb b\u00ebr\u00eb di\u00e7ka. N\u00eb t\u00eb gjitha komisariatet e tjera m\u00eb jan\u00eb mbyllur dyert n\u00eb fytyr\u00eb; madje jam shtyr\u00eb dhe p\u00ebrz\u00ebn\u00eb jasht\u00eb komisariatit vet\u00ebm pse shkova t\u00eb b\u00ebja kall\u00ebzim.<\/div>\n<\/div>\n<div class=\"x14z9mp xat24cr x1lziwak x1vvkbs xtlvy1s x126k92a\">\n<div dir=\"auto\">M\u00eb vjen keq q\u00eb e them k\u00ebt\u00eb, por fatkeq\u00ebsisht kjo \u00ebsht\u00eb realiteti n\u00eb Durr\u00ebs. Gjith\u00e7ka ka ndodhur n\u00eb nj\u00eb perimet\u00ebr ku ndodhen dhjet\u00ebra kamera sigurie, dhe vet\u00ebm p\u00ebrmes ndjekjes s\u00eb pamjeve filmike mund t\u00eb kapeshin t\u00eb gjith\u00eb autor\u00ebt brenda nj\u00eb dite t\u00eb vetme.<\/div>\n<\/div>\n<div class=\"x14z9mp xat24cr x1lziwak x1vvkbs xtlvy1s x126k92a\">\n<div dir=\"auto\">Ju fal\u00ebnderoj p\u00ebr durimin dhe shpresoj q\u00eb ky email t\u00eb mb\u00ebrrij\u00eb n\u00eb redaksin\u00eb tuaj.<\/div>\n<\/div>\n","protected":false},"excerpt":{"rendered":"<p>DENONCIMI &#8220;P\u00ebrsh\u00ebndetje, emri im \u00ebsht\u00eb Dirnstorfer Alexandru Christian. Babai im \u00ebsht\u00eb austriak, n\u00ebna ime rumune. Ne jetojm\u00eb n\u00eb Austri si shtetas austriak\u00eb prej m\u00eb shum\u00eb se 30 vitesh. Kam par\u00eb se n\u00eb faqen tuaj ka dal\u00eb nj\u00eb reportazh dhe dua t\u2019ju them se un\u00eb jam personi i dhunuar, por n\u00eb t\u00eb v\u00ebrtet\u00eb historia \u00ebsht\u00eb shum\u00eb &hellip;<\/p>\n","protected":false},"author":3,"featured_media":123428,"comment_status":"closed","ping_status":"closed","sticky":false,"template":"","format":"standard","meta":{"footnotes":""},"categories":[37],"tags":[],"class_list":["post-123427","post","type-post","status-publish","format-standard","has-post-thumbnail","","category-politike"],"_links":{"self":[{"href":"https:\/\/rdnews.al\/index.php\/wp-json\/wp\/v2\/posts\/123427","targetHints":{"allow":["GET"]}}],"collection":[{"href":"https:\/\/rdnews.al\/index.php\/wp-json\/wp\/v2\/posts"}],"about":[{"href":"https:\/\/rdnews.al\/index.php\/wp-json\/wp\/v2\/types\/post"}],"author":[{"embeddable":true,"href":"https:\/\/rdnews.al\/index.php\/wp-json\/wp\/v2\/users\/3"}],"replies":[{"embeddable":true,"href":"https:\/\/rdnews.al\/index.php\/wp-json\/wp\/v2\/comments?post=123427"}],"version-history":[{"count":1,"href":"https:\/\/rdnews.al\/index.php\/wp-json\/wp\/v2\/posts\/123427\/revisions"}],"predecessor-version":[{"id":123429,"href":"https:\/\/rdnews.al\/index.php\/wp-json\/wp\/v2\/posts\/123427\/revisions\/123429"}],"wp:featuredmedia":[{"embeddable":true,"href":"https:\/\/rdnews.al\/index.php\/wp-json\/wp\/v2\/media\/123428"}],"wp:attachment":[{"href":"https:\/\/rdnews.al\/index.php\/wp-json\/wp\/v2\/media?parent=123427"}],"wp:term":[{"taxonomy":"category","embeddable":true,"href":"https:\/\/rdnews.al\/index.php\/wp-json\/wp\/v2\/categories?post=123427"},{"taxonomy":"post_tag","embeddable":true,"href":"https:\/\/rdnews.al\/index.php\/wp-json\/wp\/v2\/tags?post=123427"}],"curies":[{"name":"wp","href":"https:\/\/api.w.org\/{rel}","templated":true}]}}