{"id":123437,"date":"2025-09-17T08:21:18","date_gmt":"2025-09-17T08:21:18","guid":{"rendered":"https:\/\/rdnews.al\/?p=123437"},"modified":"2025-09-17T08:21:18","modified_gmt":"2025-09-17T08:21:18","slug":"cv-ja-qe-i-siguroi-vazhdimesine-belinda-ballukut-si-ministre-dhe-zv-kryeministre","status":"publish","type":"post","link":"https:\/\/rdnews.al\/index.php\/2025\/09\/17\/cv-ja-qe-i-siguroi-vazhdimesine-belinda-ballukut-si-ministre-dhe-zv-kryeministre\/","title":{"rendered":"CV-ja q\u00eb i siguroi vazhdim\u00ebsin\u00eb Belinda Ballukut si ministre dhe zv\/kryeministre!"},"content":{"rendered":"<p>Kryetari i PD, Sali Berisha ka publikuar nj\u00eb \u201cCV\u201d t\u00eb Belinda Ballukut jo p\u00ebr karrier\u00ebn e saj, por p\u00ebr aferat korruptive p\u00ebr t\u00eb cilat \u00ebsht\u00eb p\u00ebrfolur.<\/p>\n<p>Berisha i rendit Ballukut q\u00eb nga rritja e kostos me tunelin e Llogaras\u00eb, milionat e eurove t\u00eb zhdukura me \u201cTigrat\u201d q\u00eb supozohet t\u00eb prodhonin energji elektrike, manipulimin me \u00e7mimin e energjis\u00eb, kostot me rrug\u00ebn e Arbrit, Quk\u00ebs-Qaf\u00eb Pllo\u00e7\u00eb apo Kor\u00e7\u00eb-Ersek\u00eb, si dhe p\u00ebr inceneratorin e Tiran\u00ebs ku nuk kreu asnj\u00eb supervizim.<\/p>\n<p>Postimi i Berish\u00ebs<\/p>\n<p>CV-ja q\u00eb i siguroi vazhdim\u00ebsin\u00eb Belinda Ballukut si ministre dhe zv\/kryeministre:<\/p>\n<p>Tuneli i Llogaras\u00eb: refuzoi ofert\u00ebn 130 mln \u20ac dhe u miratoi ofert\u00ebn 200 mln \u20ac<\/p>\n<p>Gjenerator\u00ebt \u201cTigri 1 &amp; Tigri 2\u201d n\u00eb Vlor\u00eb: miliona euro t\u00eb zhdukura<\/p>\n<p>Manipulim me \u00e7mimin e energjis\u00eb duke anashkaluar burs\u00ebn shqiptare<\/p>\n<p>Rruga e Arbrit: kostoja u 4-fishua<\/p>\n<p>Rruga Quk\u00ebs-Qaf\u00eb Pllo\u00e7\u00eb: 16 vite nd\u00ebrtim, \u00e7mimi u 5-fishua<\/p>\n<p>Rruga Kor\u00e7\u00eb-Ersek\u00eb: 5 mln \u20ac p\u00ebr kilomet\u00ebr<\/p>\n<p>Inceneratori i Tiran\u00ebs: asnj\u00eb raport, asnj\u00eb supervizim nga ministria e saj q\u00eb duhej t\u00eb realizonte mbik\u00ebqyrjen<\/p>\n<p>T\u00eb gjitha k\u00ebto n\u00eb bashk\u00ebpunim me Edi Ram\u00ebn.<\/p>\n<p><img decoding=\"async\" src=\"https:\/\/www.syri.net\/uploads\/syri.net\/images\/2025\/September\/16\/auto_IMG_19701758057720.jpeg\" alt=\"Image\" \/><\/p>\n<p>&nbsp;<\/p>\n","protected":false},"excerpt":{"rendered":"<p>Kryetari i PD, Sali Berisha ka publikuar nj\u00eb \u201cCV\u201d t\u00eb Belinda Ballukut jo p\u00ebr karrier\u00ebn e saj, por p\u00ebr aferat korruptive p\u00ebr t\u00eb cilat \u00ebsht\u00eb p\u00ebrfolur. Berisha i rendit Ballukut q\u00eb nga rritja e kostos me tunelin e Llogaras\u00eb, milionat e eurove t\u00eb zhdukura me \u201cTigrat\u201d q\u00eb supozohet t\u00eb prodhonin energji elektrike, manipulimin me \u00e7mimin &hellip;<\/p>\n","protected":false},"author":4,"featured_media":123438,"comment_status":"closed","ping_status":"closed","sticky":false,"template":"","format":"standard","meta":{"footnotes":""},"categories":[37],"tags":[],"class_list":["post-123437","post","type-post","status-publish","format-standard","has-post-thumbnail","","category-politike"],"_links":{"self":[{"href":"https:\/\/rdnews.al\/index.php\/wp-json\/wp\/v2\/posts\/123437","targetHints":{"allow":["GET"]}}],"collection":[{"href":"https:\/\/rdnews.al\/index.php\/wp-json\/wp\/v2\/posts"}],"about":[{"href":"https:\/\/rdnews.al\/index.php\/wp-json\/wp\/v2\/types\/post"}],"author":[{"embeddable":true,"href":"https:\/\/rdnews.al\/index.php\/wp-json\/wp\/v2\/users\/4"}],"replies":[{"embeddable":true,"href":"https:\/\/rdnews.al\/index.php\/wp-json\/wp\/v2\/comments?post=123437"}],"version-history":[{"count":1,"href":"https:\/\/rdnews.al\/index.php\/wp-json\/wp\/v2\/posts\/123437\/revisions"}],"predecessor-version":[{"id":123439,"href":"https:\/\/rdnews.al\/index.php\/wp-json\/wp\/v2\/posts\/123437\/revisions\/123439"}],"wp:featuredmedia":[{"embeddable":true,"href":"https:\/\/rdnews.al\/index.php\/wp-json\/wp\/v2\/media\/123438"}],"wp:attachment":[{"href":"https:\/\/rdnews.al\/index.php\/wp-json\/wp\/v2\/media?parent=123437"}],"wp:term":[{"taxonomy":"category","embeddable":true,"href":"https:\/\/rdnews.al\/index.php\/wp-json\/wp\/v2\/categories?post=123437"},{"taxonomy":"post_tag","embeddable":true,"href":"https:\/\/rdnews.al\/index.php\/wp-json\/wp\/v2\/tags?post=123437"}],"curies":[{"name":"wp","href":"https:\/\/api.w.org\/{rel}","templated":true}]}}