{"id":123440,"date":"2025-09-17T08:25:35","date_gmt":"2025-09-17T08:25:35","guid":{"rendered":"https:\/\/rdnews.al\/?p=123440"},"modified":"2025-09-17T08:25:35","modified_gmt":"2025-09-17T08:25:35","slug":"keshilltaret-e-hekalit-dhe-abedinet-e-elises","status":"publish","type":"post","link":"https:\/\/rdnews.al\/index.php\/2025\/09\/17\/keshilltaret-e-hekalit-dhe-abedinet-e-elises\/","title":{"rendered":"K\u00ebshilltar\u00ebt e Hekalit dhe Abedin\u00ebt e Elis\u00ebs"},"content":{"rendered":"<p>Historia e k\u00ebshilltar\u00ebve t\u00eb Hekalit lidhet me nj\u00eb ngjarje t\u00eb ndodhur n\u00eb Fier diku nga fundi i vitit 1943, ku n\u00eb fshatin Gorishov\u00eb u pushkatuan 11 burra. K\u00ebta ishin k\u00ebshilltar\u00eb t\u00eb fshatit Hekal.<\/p>\n<p>P\u00ebr gati 70 vjet, shqiptar\u00ebve iu servir nj\u00eb histori e manipuluar e ngjarjes nga diktatura e Enver Hoxh\u00ebs. Madje kjo u b\u00eb edhe film, si\u00e7 thot\u00eb Elisa. Sipas k\u00ebtij varianti, 11 k\u00ebshilltar\u00ebt u pushkatuan nga gjerman\u00ebt p\u00ebr rezistenc\u00ebn e tyre patriotike kund\u00ebr okupatorit. Historia e v\u00ebrtet\u00eb \u00ebsht\u00eb shum\u00eb ndryshe. K\u00ebshilltar\u00ebt u vran\u00eb p\u00ebr hasm\u00ebri nga nj\u00eb fshatar i kamur i zon\u00ebs, q\u00eb quhej Isuf Hasani.<\/p>\n<p>Disa hekaliot\u00eb i kishin vrar\u00eb v\u00ebllain Isuf Hasanit, dy apo tre dit\u00eb m\u00eb par\u00eb. Ky kishte informacionin q\u00eb vras\u00ebsit ishin k\u00ebshilltar\u00eb n\u00eb Hekal, por nuk e dinte sakt\u00ebsisht se kush ishte prej tyre. Ndaj i mori t\u00eb 11-t\u00eb dhe i vrau. M\u00eb von\u00eb Isufi u arratis n\u00eb Amerik\u00eb, ku edhe vdiq, thon\u00eb nga viti 1992 pa ardhur m\u00eb asnj\u00ebher\u00eb n\u00eb Shqip\u00ebri.<\/p>\n<p>Nejse. Historia e k\u00ebshilltar\u00ebve t\u00eb Hekalit iku. Tani doli historia e k\u00ebshilltar\u00ebve t\u00eb Elis\u00ebs.<\/p>\n<p>Kryetarja e Kuvendit rezulton t\u00eb ket\u00eb patur plot 17 k\u00ebshillar\u00eb, edhe m\u00eb shum\u00eb se fshati Hekal. K\u00ebta, sipas dokumentave t\u00eb publikuara, paskan patur nj\u00eb fond pagash prej 475 mij\u00eb eurosh n\u00eb vit, p\u00ebrfshir\u00eb sigurimet p\u00ebrkat\u00ebse. Kaq paguanin taksapguesit shqiptar\u00eb \u00e7do vit q\u00eb t\u00eb k\u00ebshillohej Elisa Spiropali.<\/p>\n<p><img loading=\"lazy\" decoding=\"async\" class=\"alignnone size-medium wp-image-1599823\" src=\"https:\/\/boldnews.al\/wp-content\/uploads\/2025\/09\/900-0-1758089466xkeshilltaret-256-640x815.jpg\" sizes=\"auto, (max-width: 640px) 100vw, 640px\" srcset=\"https:\/\/boldnews.al\/wp-content\/uploads\/2025\/09\/900-0-1758089466xkeshilltaret-256-640x815.jpg 640w, https:\/\/boldnews.al\/wp-content\/uploads\/2025\/09\/900-0-1758089466xkeshilltaret-256-750x955.jpg 750w, https:\/\/boldnews.al\/wp-content\/uploads\/2025\/09\/900-0-1758089466xkeshilltaret-256.jpg 900w\" alt=\"\" width=\"640\" height=\"815\" data-pin-no-hover=\"true\" \/><\/p>\n<p><strong>Bylyku i keshilltareve te Elises\u00a0<\/strong><\/p>\n<p>Pyetja q\u00eb shtrohet \u00ebsht\u00eb, p\u00ebr \u00e7far\u00eb e k\u00ebshillonin kryetaren e Kuvendit gjith\u00eb k\u00ebta k\u00ebshilltar\u00eb?<\/p>\n<p>N\u00eb institutet m\u00eb t\u00eb avancuara k\u00ebrkimore t\u00eb bot\u00ebs, p\u00ebrgjith\u00ebsisht skuadrat e k\u00ebrkimit jan\u00eb n\u00eb grupe nga 3 deri n\u00eb 4 veta. Aktualisht madh\u00ebsia mesatare e skuadrave t\u00eb shkenc\u00ebtar\u00ebve n\u00eb rang global \u00ebsht\u00eb 7.3 vet\u00eb. K\u00ebta b\u00ebjn\u00eb shpikjet, q\u00eb ndryshojn\u00eb jet\u00ebn n\u00eb tok\u00eb dhe avancojn\u00eb shoq\u00ebrin\u00eb njer\u00ebzore. Nd\u00ebrsa nj\u00eb skuad\u00ebr m\u00eb 17 veta p\u00ebrdoret n\u00eb raste shum\u00eb t\u00eb rralla, p\u00ebr projektemadhore dhe komplekse.<\/p>\n<p>Imagjinoni tani 17 koka t\u00eb m\u00ebdha q\u00eb k\u00ebshillojn\u00eb. Por \u00e7far\u00eb k\u00ebshillojn\u00eb se?<\/p>\n<p>Deri m\u00eb tani k\u00ebshillimi intensiv dhe i kushtuesh\u00ebm i Mamic\u00ebs ka prodhuar vet\u00ebm dy gj\u00ebra t\u00eb men\u00e7ura p\u00ebr kombin. E para i vuri Edi Ram\u00ebs emrin Sk\u00ebnderbe dhe e dyta u tregoi shqiptar\u00ebve se turizmi u rrit ngaq\u00eb Edi Rama ja b\u00ebri rrup sup ambasadorit rus n\u00eb OKB, madje e b\u00ebri t\u00eb dridhet edhe Lavrovin me Putinin. Me pak fjal\u00eb kjo armat\u00eb kshilltar\u00ebsh ka prodhuar produktin brilant t\u00eb Spiropalizimit.<\/p>\n<p>Kaq kan\u00eb marr\u00eb taksapaguesit shqiptar\u00eb n\u00eb k\u00ebmbim t\u00eb 2 milion\u00eb eurove, q\u00eb paguan p\u00ebr Murat B\u00ebn\u00e7at dhe Abedin\u00ebt e Elis\u00ebs n\u00eb 4 vite rresht. Dhe n\u00eb fakt, nj\u00eb pjes\u00eb e tyre\u00a0jan\u00eb pik\u00ebrisht si Murati me Abedinin. Pa shkoll\u00eb. Se n\u00eb list\u00ebn e gjat\u00eb t\u00eb k\u00ebshilltar\u00ebve paska dhe njer\u00ebz me diploma false, t\u00eb cil\u00ebt kan\u00eb vjedhur dhe ambasad\u00ebn amerikane.<\/p>\n<p>Mbaj sh\u00ebnim ti Abedin. Dhe voto prap\u00eb. Se tani k\u00ebshilltar\u00ebt do i kesh n\u00eb Ministrin\u00eb e Jashtme dhe do ja b\u00ebjn\u00eb edhe m\u00eb rrup-sup Putinit.<strong>\/kapitali.al<\/strong><\/p>\n","protected":false},"excerpt":{"rendered":"<p>Historia e k\u00ebshilltar\u00ebve t\u00eb Hekalit lidhet me nj\u00eb ngjarje t\u00eb ndodhur n\u00eb Fier diku nga fundi i vitit 1943, ku n\u00eb fshatin Gorishov\u00eb u pushkatuan 11 burra. K\u00ebta ishin k\u00ebshilltar\u00eb t\u00eb fshatit Hekal. P\u00ebr gati 70 vjet, shqiptar\u00ebve iu servir nj\u00eb histori e manipuluar e ngjarjes nga diktatura e Enver Hoxh\u00ebs. Madje kjo u b\u00eb &hellip;<\/p>\n","protected":false},"author":4,"featured_media":123441,"comment_status":"closed","ping_status":"closed","sticky":false,"template":"","format":"standard","meta":{"footnotes":""},"categories":[37],"tags":[],"class_list":["post-123440","post","type-post","status-publish","format-standard","has-post-thumbnail","","category-politike"],"_links":{"self":[{"href":"https:\/\/rdnews.al\/index.php\/wp-json\/wp\/v2\/posts\/123440","targetHints":{"allow":["GET"]}}],"collection":[{"href":"https:\/\/rdnews.al\/index.php\/wp-json\/wp\/v2\/posts"}],"about":[{"href":"https:\/\/rdnews.al\/index.php\/wp-json\/wp\/v2\/types\/post"}],"author":[{"embeddable":true,"href":"https:\/\/rdnews.al\/index.php\/wp-json\/wp\/v2\/users\/4"}],"replies":[{"embeddable":true,"href":"https:\/\/rdnews.al\/index.php\/wp-json\/wp\/v2\/comments?post=123440"}],"version-history":[{"count":1,"href":"https:\/\/rdnews.al\/index.php\/wp-json\/wp\/v2\/posts\/123440\/revisions"}],"predecessor-version":[{"id":123442,"href":"https:\/\/rdnews.al\/index.php\/wp-json\/wp\/v2\/posts\/123440\/revisions\/123442"}],"wp:featuredmedia":[{"embeddable":true,"href":"https:\/\/rdnews.al\/index.php\/wp-json\/wp\/v2\/media\/123441"}],"wp:attachment":[{"href":"https:\/\/rdnews.al\/index.php\/wp-json\/wp\/v2\/media?parent=123440"}],"wp:term":[{"taxonomy":"category","embeddable":true,"href":"https:\/\/rdnews.al\/index.php\/wp-json\/wp\/v2\/categories?post=123440"},{"taxonomy":"post_tag","embeddable":true,"href":"https:\/\/rdnews.al\/index.php\/wp-json\/wp\/v2\/tags?post=123440"}],"curies":[{"name":"wp","href":"https:\/\/api.w.org\/{rel}","templated":true}]}}