{"id":123446,"date":"2025-09-17T09:41:20","date_gmt":"2025-09-17T09:41:20","guid":{"rendered":"https:\/\/rdnews.al\/?p=123446"},"modified":"2025-09-17T09:41:20","modified_gmt":"2025-09-17T09:41:20","slug":"berisha-lidhjet-e-pirro-vengut-me-kartelin-troplini-dhe-dorezimi-i-pronave-te-ushtrise-te-oligarket-e-rames","status":"publish","type":"post","link":"https:\/\/rdnews.al\/index.php\/2025\/09\/17\/berisha-lidhjet-e-pirro-vengut-me-kartelin-troplini-dhe-dorezimi-i-pronave-te-ushtrise-te-oligarket-e-rames\/","title":{"rendered":"Berisha: Lidhjet e Pirro Vengut me kartelin Troplini dhe dor\u00ebzimi i pronave t\u00eb ushtris\u00eb te oligark\u00ebt e Ram\u00ebs"},"content":{"rendered":"<p>Kryetari i PD, Sali Berisha, ka publikuar n\u00eb faqen e tij n\u00eb Facebook nj\u00eb version t\u00eb ashtuquajtur \u201cCV\u201d t\u00eb Pirro Vengut, i cili \u00ebsht\u00eb rikonfirmuar nga kryeministri Edi Rama si Minist\u00ebr i Mbrojtjes.<\/p>\n<p>Berish\u00eba\u00a0 p\u00ebrmend p\u00ebrfshirejn e Vengut n\u00eb kartelin Troplini, \u201csuksesin\u201d si drejtor i Portit t\u00eb Durr\u00ebsit, ku gjat\u00eb periudh\u00ebs s\u00eb tij nuk \u00ebsht\u00eb kapur asnj\u00eb kilogram\u00eb kokain\u00eb, si dhe ndihm\u00ebn n\u00eb dor\u00ebzimin e pronave t\u00eb ushtris\u00eb tek oligark\u00ebt e lidhur me qeverin\u00eb.<\/p>\n<div class=\"jeg_featured featured_image\">\n<div class=\"thumbnail-container\"><img loading=\"lazy\" decoding=\"async\" class=\"attachment-jnews-featured-750 size-jnews-featured-750 wp-post-image\" src=\"https:\/\/boldnews.al\/wp-content\/uploads\/2025\/09\/Screenshot_4-3.jpg\" alt=\"\" width=\"606\" height=\"392\" \/><\/div>\n<\/div>\n<div class=\"jeg_share_top_container\">\n<div class=\"jeg_share_button clearfix\">\n<div class=\"jeg_sharelist\"><\/div>\n<\/div>\n<\/div>\n","protected":false},"excerpt":{"rendered":"<p>Kryetari i PD, Sali Berisha, ka publikuar n\u00eb faqen e tij n\u00eb Facebook nj\u00eb version t\u00eb ashtuquajtur \u201cCV\u201d t\u00eb Pirro Vengut, i cili \u00ebsht\u00eb rikonfirmuar nga kryeministri Edi Rama si Minist\u00ebr i Mbrojtjes. Berish\u00eba\u00a0 p\u00ebrmend p\u00ebrfshirejn e Vengut n\u00eb kartelin Troplini, \u201csuksesin\u201d si drejtor i Portit t\u00eb Durr\u00ebsit, ku gjat\u00eb periudh\u00ebs s\u00eb tij nuk \u00ebsht\u00eb &hellip;<\/p>\n","protected":false},"author":4,"featured_media":123447,"comment_status":"closed","ping_status":"closed","sticky":false,"template":"","format":"standard","meta":{"footnotes":""},"categories":[37],"tags":[],"class_list":["post-123446","post","type-post","status-publish","format-standard","has-post-thumbnail","","category-politike"],"_links":{"self":[{"href":"https:\/\/rdnews.al\/index.php\/wp-json\/wp\/v2\/posts\/123446","targetHints":{"allow":["GET"]}}],"collection":[{"href":"https:\/\/rdnews.al\/index.php\/wp-json\/wp\/v2\/posts"}],"about":[{"href":"https:\/\/rdnews.al\/index.php\/wp-json\/wp\/v2\/types\/post"}],"author":[{"embeddable":true,"href":"https:\/\/rdnews.al\/index.php\/wp-json\/wp\/v2\/users\/4"}],"replies":[{"embeddable":true,"href":"https:\/\/rdnews.al\/index.php\/wp-json\/wp\/v2\/comments?post=123446"}],"version-history":[{"count":1,"href":"https:\/\/rdnews.al\/index.php\/wp-json\/wp\/v2\/posts\/123446\/revisions"}],"predecessor-version":[{"id":123448,"href":"https:\/\/rdnews.al\/index.php\/wp-json\/wp\/v2\/posts\/123446\/revisions\/123448"}],"wp:featuredmedia":[{"embeddable":true,"href":"https:\/\/rdnews.al\/index.php\/wp-json\/wp\/v2\/media\/123447"}],"wp:attachment":[{"href":"https:\/\/rdnews.al\/index.php\/wp-json\/wp\/v2\/media?parent=123446"}],"wp:term":[{"taxonomy":"category","embeddable":true,"href":"https:\/\/rdnews.al\/index.php\/wp-json\/wp\/v2\/categories?post=123446"},{"taxonomy":"post_tag","embeddable":true,"href":"https:\/\/rdnews.al\/index.php\/wp-json\/wp\/v2\/tags?post=123446"}],"curies":[{"name":"wp","href":"https:\/\/api.w.org\/{rel}","templated":true}]}}