{"id":123476,"date":"2025-09-17T17:52:30","date_gmt":"2025-09-17T17:52:30","guid":{"rendered":"https:\/\/rdnews.al\/?p=123476"},"modified":"2025-09-17T17:52:30","modified_gmt":"2025-09-17T17:52:30","slug":"rama-kerkon-ushtarin-e-ri-paralajmerim-i-gjermanise-per-zgjedhjen-e-kreut-te-ri-te-spak","status":"publish","type":"post","link":"https:\/\/rdnews.al\/index.php\/2025\/09\/17\/rama-kerkon-ushtarin-e-ri-paralajmerim-i-gjermanise-per-zgjedhjen-e-kreut-te-ri-te-spak\/","title":{"rendered":"Rama k\u00ebrkon ushtarin e ri\/ Paralajm\u00ebrim i Gjermanis\u00eb p\u00ebr zgjedhjen e kreut t\u00eb ri t\u00eb SPAK"},"content":{"rendered":"<p><strong>Rama k\u00ebrkon nj\u00eb ushtar t\u00eb ri t\u00eb tij n\u00eb SPAK p\u00ebr t\u00eb mbuluar aferat kriminale sikurse ka b\u00ebr\u00eb gjat\u00eb k\u00ebtyre viteve me Dumanin. Mesazhe t\u00eb forta po vijn\u00eb nga Gjermania ku k\u00ebrkojn\u00eb nj\u00eb drejt\u00ebsi dhe nj\u00eb drejtues t\u00eb SAK t\u00eb pa kapur politikisht.<\/strong><\/p>\n<p>Me rastin e hapjes s\u00eb aplikimeve p\u00ebr pasardh\u00ebsin e kreut t\u00eb Prokuroris\u00eb s\u00eb Posa\u00e7me (SPAK), Ambasadori Gjerman n\u00eb Tiran\u00eb, Karl Bergner, deklaroi sot se<\/p>\n<p>&#8220;Procesi i nisur sot nga K\u00ebshilli i Lart\u00eb i Prokuroris\u00eb p\u00ebr t\u00eb zgjedhur kreun e ardhsh\u00ebm t\u00eb SPAK duhet t\u00eb jet\u00eb transparent, i bazuar n\u00eb merit\u00eb dhe i lir\u00eb nga ndikimi i jasht\u00ebm.<\/p>\n<div class=\"adredux mid-content aligncenter\">\n<div class=\"adbox\">\n<div data-type=\"_mgwidget\" data-widget-id=\"1324015\" data-uid=\"0ed9d\">\n<div id=\"mgw1324015_0ed9d\">\n<div class=\"mgbox\">\n<div id=\"233dcf6b-93ee-11f0-a1ce-d404e6f98490\" class=\"mgline teaser-24754632 type-w\" data-i=\"iQ8ciCjQgoJ97j2QEmekxyNv-Zy-grW3PUGaVYAj85O1-nksff5Ec1wvb5KA6tTZydZptnx_2Wr659oTjhAijrR2aZm18neYfyunH03CLdJCnVmZOOqTx7Kl7Q3xScca\" data-observing-start=\"1758131146751\" data-observing-time=\"1220\" data-showed=\"1\">\n<div class=\"image-with-text\">\n<div class=\"mcimg\"><\/div>\n<div class=\"text-elements\">\n<div class=\"text_on_hover\">\n<div class=\"mgtobottom\">\n<div class=\"mcdomain\">Pavar\u00ebsia e gjyq\u00ebsorit, e cila duhet t\u00eb demonstrohet n\u00eb procesin e nisur sot, por edhe n\u00eb veprimet e p\u00ebrditshme t\u00eb organeve ekzekutive dhe legjislative, \u00ebsht\u00eb nj\u00eb kriter ky\u00e7 p\u00ebr Gjermanin\u00eb n\u00eb lidhje me sundimin e ligjit dhe nivelin e p\u00ebrgatitjes s\u00eb Shqip\u00ebris\u00eb p\u00ebr an\u00ebtar\u00ebsim n\u00eb BE.\u201d<\/div>\n<\/div>\n<\/div>\n<\/div>\n<\/div>\n<\/div>\n<\/div>\n<\/div>\n<\/div>\n<\/div>\n<\/div>\n<p>Ky reagim vjen pasi n\u00eb mbledhjen e sotme, 17 shtator, t\u00eb K\u00ebshillit t\u00eb Lart\u00eb t\u00eb Prokuroris\u00eb (KLP) \u00ebsht\u00eb shpallur zyrtarisht vakanca p\u00ebr kreun e ri t\u00eb Prokuroris\u00eb s\u00eb Posa\u00e7me AntiKorrupsion (SPAK).<\/p>\n","protected":false},"excerpt":{"rendered":"<p>Rama k\u00ebrkon nj\u00eb ushtar t\u00eb ri t\u00eb tij n\u00eb SPAK p\u00ebr t\u00eb mbuluar aferat kriminale sikurse ka b\u00ebr\u00eb gjat\u00eb k\u00ebtyre viteve me Dumanin. Mesazhe t\u00eb forta po vijn\u00eb nga Gjermania ku k\u00ebrkojn\u00eb nj\u00eb drejt\u00ebsi dhe nj\u00eb drejtues t\u00eb SAK t\u00eb pa kapur politikisht. Me rastin e hapjes s\u00eb aplikimeve p\u00ebr pasardh\u00ebsin e kreut t\u00eb Prokuroris\u00eb &hellip;<\/p>\n","protected":false},"author":3,"featured_media":69661,"comment_status":"closed","ping_status":"closed","sticky":false,"template":"","format":"standard","meta":{"footnotes":""},"categories":[37],"tags":[],"class_list":["post-123476","post","type-post","status-publish","format-standard","has-post-thumbnail","","category-politike"],"_links":{"self":[{"href":"https:\/\/rdnews.al\/index.php\/wp-json\/wp\/v2\/posts\/123476","targetHints":{"allow":["GET"]}}],"collection":[{"href":"https:\/\/rdnews.al\/index.php\/wp-json\/wp\/v2\/posts"}],"about":[{"href":"https:\/\/rdnews.al\/index.php\/wp-json\/wp\/v2\/types\/post"}],"author":[{"embeddable":true,"href":"https:\/\/rdnews.al\/index.php\/wp-json\/wp\/v2\/users\/3"}],"replies":[{"embeddable":true,"href":"https:\/\/rdnews.al\/index.php\/wp-json\/wp\/v2\/comments?post=123476"}],"version-history":[{"count":1,"href":"https:\/\/rdnews.al\/index.php\/wp-json\/wp\/v2\/posts\/123476\/revisions"}],"predecessor-version":[{"id":123483,"href":"https:\/\/rdnews.al\/index.php\/wp-json\/wp\/v2\/posts\/123476\/revisions\/123483"}],"wp:featuredmedia":[{"embeddable":true,"href":"https:\/\/rdnews.al\/index.php\/wp-json\/wp\/v2\/media\/69661"}],"wp:attachment":[{"href":"https:\/\/rdnews.al\/index.php\/wp-json\/wp\/v2\/media?parent=123476"}],"wp:term":[{"taxonomy":"category","embeddable":true,"href":"https:\/\/rdnews.al\/index.php\/wp-json\/wp\/v2\/categories?post=123476"},{"taxonomy":"post_tag","embeddable":true,"href":"https:\/\/rdnews.al\/index.php\/wp-json\/wp\/v2\/tags?post=123476"}],"curies":[{"name":"wp","href":"https:\/\/api.w.org\/{rel}","templated":true}]}}