{"id":123481,"date":"2025-09-17T17:50:54","date_gmt":"2025-09-17T17:50:54","guid":{"rendered":"https:\/\/rdnews.al\/?p=123481"},"modified":"2025-09-17T17:50:54","modified_gmt":"2025-09-17T17:50:54","slug":"spak-refuzon-te-hetoje-maznikun-per-tenderit-471-milion-leke","status":"publish","type":"post","link":"https:\/\/rdnews.al\/index.php\/2025\/09\/17\/spak-refuzon-te-hetoje-maznikun-per-tenderit-471-milion-leke\/","title":{"rendered":"SPAK refuzon t\u00eb hetoj\u00eb Maznikun p\u00ebr tenderit 471 milion lek\u00eb"},"content":{"rendered":"<p>Prokuroria e Posa\u00e7me SPAK, ka refuzuar t\u00eb hetoj\u00eb Arbjan Maznikun p\u00ebr nj\u00eb tender me vler\u00eb 471 milion lek\u00eb t\u00eb vjetra q\u00eb b\u00ebnte fjal\u00eb p\u00ebr rehabilitimin e rrug\u00ebs \u201cXhon Belushi\u201d n\u00eb zon\u00ebn e Freskut n\u00eb Tiran\u00eb.<\/p>\n<p>Gazetari Elton Qyno ka m\u00ebsuar se vendimi \u00ebsht\u00eb mar\u00eb 1 muaj pasi dosja hetimore \u00ebsht\u00eb \u00e7uar p\u00ebr moskopetenc\u00eb nga prokuroria e Tiran\u00ebs drejt SPAK.<\/p>\n<p>Por dosja kund\u00ebr Maznikut dhe disa zyrtar\u00ebve t\u00eb tjer\u00eb t\u00eb Komisionit t\u00eb Vler\u00ebsimit t\u00eb Ofertave pran\u00eb Bashkis\u00eb Tiran\u00eb,\u00a0 m\u00eb par\u00eb ka dal\u00eb nga godina e SPAK se sa \u00ebsht\u00eb verifikuar.<\/p>\n<p>Tashm\u00eb \u00e7\u00ebshtja penale ndaj ish-zv\/kryetarit t\u00eb Bashkis\u00eb Tiran\u00eb dhe ministrit aktual t\u00eb qeveris\u00eb \u201cRama 4\u201d, \u00ebsht\u00eb rikthyer s\u00ebrisht n\u00eb prokurorin\u00eb e Tiran\u00ebs, ku n\u00eb dit\u00ebt n\u00eb vijim prokuror\u00ebve t\u00eb k\u00ebtij institucioni do ti duhet t\u00eb marin nj\u00eb vendimarje p\u00ebrfundimtare.<\/p>\n<p>SPAK, ka pretenduar n\u00eb mospranimin e dosjes s\u00eb d\u00ebrguar nga prokuroria e Tiran\u00ebs, se pavar\u00ebsisht se hapjes s\u00eb nj\u00eb tenderi fiktiv me vler\u00eb 471 milion lek\u00eb nga ana e autoritetit kontraktues Bashkia Tiran\u00ebs, tenderi \u00ebsht\u00eb anulluar dhe p\u00ebr pasoj\u00eb vepra penale nuk ka mar\u00eb kuptimin e kryerjes s\u00eb saj.<\/p>\n<p>Duke u nisur nga ky kuptim, SPAK ka refuzuar t\u00eb \u00e7el\u00eb hetimin ndaj Arbian Maznikut dhe zyrtar\u00ebve t\u00eb tjer\u00eb, e p\u00ebr pasoj\u00eb ka \u00e7uar menj\u00ebher\u00eb dosjen penale s\u00ebrisht n\u00eb prokutorin\u00eb e Tiran\u00ebs.<\/p>\n<p>Ky tender u anullua nga Arbian Mazniku, vet\u00ebm 1 dit\u00eb pasi u denoncua publikisht nga Belind K\u00eblli\u00e7i, i cili e quajti rastin si nj\u00eb vjedhje flagrante duke i b\u00ebr\u00eb thirje SPAK t\u00eb hetonte.<\/p>\n<p>Rruga \u201cXhon Belushi\u201d ishte asfaltuar dhe rehabilituar nga punonj\u00ebsit e bashkis\u00eb s\u00eb Tiran\u00ebs, n\u00eb nj\u00eb koh\u00eb q\u00eb tenderi ishte ende i hapur dhe nuk ishte shpallur asnj\u00eb kompani fituese.<\/p>\n<p>Por nj\u00eb dit\u00eb pas denoncimit t\u00eb K\u00eblli\u00e7it, tenderi fiktiv me fond limit prej 471 milion\u00eb lek\u00ebsh u anulua.<\/p>\n<p>Partia Demokratike kall\u00ebzoi n\u00eb Prokurorin\u00eb e Tiran\u00ebs Erion Veliajn dhe Arbjan Maznikun, i cili n\u00eb at\u00eb koh\u00eb ishte n\u00eb detyr\u00ebn e n\u00ebnkryetarit t\u00eb Bashkis\u00eb, por edhe n\u00eb cil\u00ebsin\u00eb e autoritetit kontraktor.<\/p>\n<p>Kjo ishte edhe arsyeja pse Arbian Mazniku, disa muaj m\u00eb par\u00eb u thir n\u00eb prokurorin\u00eb e Tiran\u00ebs, duke dh\u00ebn\u00eb shpjegime p\u00ebr 5 or\u00eb me rradh\u00eb.<\/p>\n<p>Pas pyetjes s\u00eb tij dhe zyrtar\u00ebve t\u00eb tjer\u00eb t\u00eb bashkis\u00eb Tiran\u00eb,\u00a0prokuroria e Tiran\u00ebs vler\u00ebsoi se Mazniku dhe an\u00ebtar\u00ebt e KVO-s\u00eb kishin \u201cShp\u00ebrdoruar detyr\u00ebn\u201d.<\/p>\n<p>Ndaj duke konsideruar se kjo dosje i p\u00ebrkiste kopetenc\u00ebs s\u00eb SPAK, vler\u00ebsuan dhe shpall\u00ebn moskopetenc\u00ebn dhe \u00e7uan \u00e7\u00ebshtjen p\u00ebr hetime t\u00eb m\u00ebtejshme n\u00eb SPAK.<\/p>\n<p>Por SPAK, nuk nguroi fare t\u00eb kryej\u00eb verifikime t\u00eb m\u00ebtejshme, duke kthyer mbrapsht dosjen e Arbjan Maznikut. \/Ora News<\/p>\n","protected":false},"excerpt":{"rendered":"<p>Prokuroria e Posa\u00e7me SPAK, ka refuzuar t\u00eb hetoj\u00eb Arbjan Maznikun p\u00ebr nj\u00eb tender me vler\u00eb 471 milion lek\u00eb t\u00eb vjetra q\u00eb b\u00ebnte fjal\u00eb p\u00ebr rehabilitimin e rrug\u00ebs \u201cXhon Belushi\u201d n\u00eb zon\u00ebn e Freskut n\u00eb Tiran\u00eb. Gazetari Elton Qyno ka m\u00ebsuar se vendimi \u00ebsht\u00eb mar\u00eb 1 muaj pasi dosja hetimore \u00ebsht\u00eb \u00e7uar p\u00ebr moskopetenc\u00eb nga prokuroria &hellip;<\/p>\n","protected":false},"author":4,"featured_media":85108,"comment_status":"closed","ping_status":"closed","sticky":false,"template":"","format":"standard","meta":{"footnotes":""},"categories":[37],"tags":[],"class_list":["post-123481","post","type-post","status-publish","format-standard","has-post-thumbnail","","category-politike"],"_links":{"self":[{"href":"https:\/\/rdnews.al\/index.php\/wp-json\/wp\/v2\/posts\/123481","targetHints":{"allow":["GET"]}}],"collection":[{"href":"https:\/\/rdnews.al\/index.php\/wp-json\/wp\/v2\/posts"}],"about":[{"href":"https:\/\/rdnews.al\/index.php\/wp-json\/wp\/v2\/types\/post"}],"author":[{"embeddable":true,"href":"https:\/\/rdnews.al\/index.php\/wp-json\/wp\/v2\/users\/4"}],"replies":[{"embeddable":true,"href":"https:\/\/rdnews.al\/index.php\/wp-json\/wp\/v2\/comments?post=123481"}],"version-history":[{"count":1,"href":"https:\/\/rdnews.al\/index.php\/wp-json\/wp\/v2\/posts\/123481\/revisions"}],"predecessor-version":[{"id":123482,"href":"https:\/\/rdnews.al\/index.php\/wp-json\/wp\/v2\/posts\/123481\/revisions\/123482"}],"wp:featuredmedia":[{"embeddable":true,"href":"https:\/\/rdnews.al\/index.php\/wp-json\/wp\/v2\/media\/85108"}],"wp:attachment":[{"href":"https:\/\/rdnews.al\/index.php\/wp-json\/wp\/v2\/media?parent=123481"}],"wp:term":[{"taxonomy":"category","embeddable":true,"href":"https:\/\/rdnews.al\/index.php\/wp-json\/wp\/v2\/categories?post=123481"},{"taxonomy":"post_tag","embeddable":true,"href":"https:\/\/rdnews.al\/index.php\/wp-json\/wp\/v2\/tags?post=123481"}],"curies":[{"name":"wp","href":"https:\/\/api.w.org\/{rel}","templated":true}]}}