{"id":123486,"date":"2025-09-17T17:59:26","date_gmt":"2025-09-17T17:59:26","guid":{"rendered":"https:\/\/rdnews.al\/?p=123486"},"modified":"2025-09-17T17:59:26","modified_gmt":"2025-09-17T17:59:26","slug":"ambasada-e-shba-ne-klp-ndjek-procesin-e-hapjes-se-gares-per-kreun-e-ri-te-spak","status":"publish","type":"post","link":"https:\/\/rdnews.al\/index.php\/2025\/09\/17\/ambasada-e-shba-ne-klp-ndjek-procesin-e-hapjes-se-gares-per-kreun-e-ri-te-spak\/","title":{"rendered":"Ambasada e SHBA n\u00eb KLP\/ Ndjek procesin e hapjes s\u00eb gar\u00ebs p\u00ebr kreun e ri t\u00eb SPAK"},"content":{"rendered":"<p><span data-contrast=\"none\">K\u00ebshilli i Lart\u00eb i Prokuroris\u00eb (KLP) hap sot zyrtarisht gar\u00ebn p\u00ebr drejtuesin e ri t\u00eb Struktur\u00ebs s\u00eb Posa\u00e7me Kund\u00ebr Korrupsionit dhe Krimit t\u00eb Organizuar (SPAK).<\/span><span data-ccp-props=\"{}\">\u00a0<\/span><\/p>\n<p><span data-contrast=\"none\">Bazuar n\u00eb ligj, gara \u00ebsht\u00eb hapur 3 muaj p\u00ebrpara p\u00ebrfundimit t\u00eb mandatit t\u00eb kryeprokurorit\u00a0Altin Dumani\u00a0i cili \u00ebsht\u00eb zgjedhur p\u00ebr t\u00eb qen\u00eb n\u00eb krye t\u00eb Prokuroris\u00eb s\u00eb Posa\u00e7me m\u00eb 16 dhjetor 2022.\u00a0<\/span><span data-ccp-props=\"{}\">\u00a0<\/span><\/p>\n<p><span data-contrast=\"none\">Sakaq, dit\u00ebn e sotme n\u00eb mbledhjen e\u00a0trup\u00ebs s\u00eb\u00a0KLP-s\u00eb, po marrin pjes\u00eb dhe p\u00ebrfaq\u00ebsuese t\u00eb Ambasad\u00ebs Amerikane.<\/span><span data-ccp-props=\"{}\">\u00a0<\/span><\/p>\n","protected":false},"excerpt":{"rendered":"<p>K\u00ebshilli i Lart\u00eb i Prokuroris\u00eb (KLP) hap sot zyrtarisht gar\u00ebn p\u00ebr drejtuesin e ri t\u00eb Struktur\u00ebs s\u00eb Posa\u00e7me Kund\u00ebr Korrupsionit dhe Krimit t\u00eb Organizuar (SPAK).\u00a0 Bazuar n\u00eb ligj, gara \u00ebsht\u00eb hapur 3 muaj p\u00ebrpara p\u00ebrfundimit t\u00eb mandatit t\u00eb kryeprokurorit\u00a0Altin Dumani\u00a0i cili \u00ebsht\u00eb zgjedhur p\u00ebr t\u00eb qen\u00eb n\u00eb krye t\u00eb Prokuroris\u00eb s\u00eb Posa\u00e7me m\u00eb 16 dhjetor &hellip;<\/p>\n","protected":false},"author":3,"featured_media":123487,"comment_status":"closed","ping_status":"closed","sticky":false,"template":"","format":"standard","meta":{"footnotes":""},"categories":[37],"tags":[],"class_list":["post-123486","post","type-post","status-publish","format-standard","has-post-thumbnail","","category-politike"],"_links":{"self":[{"href":"https:\/\/rdnews.al\/index.php\/wp-json\/wp\/v2\/posts\/123486","targetHints":{"allow":["GET"]}}],"collection":[{"href":"https:\/\/rdnews.al\/index.php\/wp-json\/wp\/v2\/posts"}],"about":[{"href":"https:\/\/rdnews.al\/index.php\/wp-json\/wp\/v2\/types\/post"}],"author":[{"embeddable":true,"href":"https:\/\/rdnews.al\/index.php\/wp-json\/wp\/v2\/users\/3"}],"replies":[{"embeddable":true,"href":"https:\/\/rdnews.al\/index.php\/wp-json\/wp\/v2\/comments?post=123486"}],"version-history":[{"count":1,"href":"https:\/\/rdnews.al\/index.php\/wp-json\/wp\/v2\/posts\/123486\/revisions"}],"predecessor-version":[{"id":123488,"href":"https:\/\/rdnews.al\/index.php\/wp-json\/wp\/v2\/posts\/123486\/revisions\/123488"}],"wp:featuredmedia":[{"embeddable":true,"href":"https:\/\/rdnews.al\/index.php\/wp-json\/wp\/v2\/media\/123487"}],"wp:attachment":[{"href":"https:\/\/rdnews.al\/index.php\/wp-json\/wp\/v2\/media?parent=123486"}],"wp:term":[{"taxonomy":"category","embeddable":true,"href":"https:\/\/rdnews.al\/index.php\/wp-json\/wp\/v2\/categories?post=123486"},{"taxonomy":"post_tag","embeddable":true,"href":"https:\/\/rdnews.al\/index.php\/wp-json\/wp\/v2\/tags?post=123486"}],"curies":[{"name":"wp","href":"https:\/\/api.w.org\/{rel}","templated":true}]}}