{"id":123504,"date":"2025-09-17T20:33:17","date_gmt":"2025-09-17T20:33:17","guid":{"rendered":"https:\/\/rdnews.al\/?p=123504"},"modified":"2025-09-17T20:33:17","modified_gmt":"2025-09-17T20:33:17","slug":"trump-do-te-shpalle-organizate-terroriste-grupin-antifa","status":"publish","type":"post","link":"https:\/\/rdnews.al\/index.php\/2025\/09\/17\/trump-do-te-shpalle-organizate-terroriste-grupin-antifa\/","title":{"rendered":"Trump do t\u00eb shpall\u00eb organizat\u00eb terroriste grupin \u201cANTIFA\u201d"},"content":{"rendered":"<p>Shtetet e Bashkuara t\u00eb Amerik\u00ebs do ta shpallin grupin antifashist \u201cANTIFA\u201d nj\u00eb organizat\u00eb terroriste. Lajmi \u00ebsht\u00eb b\u00ebr\u00eb i ditur nga Presidenti Donald Trump n\u00eb nj\u00eb postim n\u00eb Twitter.<\/p>\n<p>Kreu i Sht\u00ebpis\u00eb s\u00eb Bardh\u00eb akuzon k\u00ebt\u00eb grupim si shkaktar p\u00ebr trazirat e dhunshme n\u00eb qytetet kryesore amerikane pas vrasjes s\u00eb afro-amerikanit George Floyd. Protestat p\u00ebr vdekjen e tij, q\u00eb nd\u00ebrroi jet\u00eb gjat\u00eb arrestimit nga policia, u shnd\u00ebrruan n\u00eb dhun\u00eb dhe shkat\u00ebrrim.<\/p>\n<div class=\"wp-block-image\">\n<figure class=\"aligncenter\"><img loading=\"lazy\" decoding=\"async\" class=\"wp-image-999999275997\" src=\"https:\/\/tvklan.al\/wp-content\/uploads\/2020\/05\/twitter-donald.jpg\" sizes=\"auto, (max-width: 480px) 100vw, 480px\" srcset=\"https:\/\/tvklan.al\/wp-content\/uploads\/2020\/05\/twitter-donald.jpg 480w, https:\/\/tvklan.al\/wp-content\/uploads\/2020\/05\/twitter-donald-300x153.jpg 300w\" alt=\"\" width=\"480\" height=\"245\" \/><\/figure>\n<\/div>\n<p>Trump i ka konsideruar anarkist\u00ebt e udh\u00ebhequr nga ANTIFA dhe anarkist\u00ebt e majt\u00eb radikal\u00eb si p\u00ebrgjegj\u00ebs p\u00ebr aktet e dhunshme.<\/p>\n<p>Nd\u00ebrsa Guvernatori demokrat i Minnesota tha t\u00eb shtun\u00ebn se prapa dhun\u00ebs q\u00ebndrojn\u00eb kartelet e drog\u00ebs, ndikime t\u00eb jashtme dhe supremacist\u00ebt e bardh\u00eb.<\/p>\n<p>ANTIFA \u00ebsht\u00eb shkurtimi i em\u00ebrtes\u00ebs l\u00ebvizja antifashiste. Ky grupim \u00ebsht\u00eb nj\u00eb l\u00ebvizje n\u00eb SHBA q\u00eb kund\u00ebrshton neo-nazist\u00ebt, fashist\u00ebt, racizmin dhe supremacist\u00ebt e bardh\u00eb.<strong><em>\u00a0<\/em><\/strong><\/p>\n<p>Soros \u00ebsht\u00eb akuzuar se financon Antifa-n, organizat\u00ebn e ekstremit t\u00eb majt\u00eb n\u00eb SHBA q\u00eb shkaktoi nj\u00eb s\u00ebr\u00eb protestash t\u00eb dhunshme n\u00eb mbar\u00eb vendin.<\/p>\n","protected":false},"excerpt":{"rendered":"<p>Shtetet e Bashkuara t\u00eb Amerik\u00ebs do ta shpallin grupin antifashist \u201cANTIFA\u201d nj\u00eb organizat\u00eb terroriste. Lajmi \u00ebsht\u00eb b\u00ebr\u00eb i ditur nga Presidenti Donald Trump n\u00eb nj\u00eb postim n\u00eb Twitter. Kreu i Sht\u00ebpis\u00eb s\u00eb Bardh\u00eb akuzon k\u00ebt\u00eb grupim si shkaktar p\u00ebr trazirat e dhunshme n\u00eb qytetet kryesore amerikane pas vrasjes s\u00eb afro-amerikanit George Floyd. Protestat p\u00ebr vdekjen &hellip;<\/p>\n","protected":false},"author":3,"featured_media":123505,"comment_status":"closed","ping_status":"closed","sticky":false,"template":"","format":"standard","meta":{"footnotes":""},"categories":[38],"tags":[],"class_list":["post-123504","post","type-post","status-publish","format-standard","has-post-thumbnail","","category-bota"],"_links":{"self":[{"href":"https:\/\/rdnews.al\/index.php\/wp-json\/wp\/v2\/posts\/123504","targetHints":{"allow":["GET"]}}],"collection":[{"href":"https:\/\/rdnews.al\/index.php\/wp-json\/wp\/v2\/posts"}],"about":[{"href":"https:\/\/rdnews.al\/index.php\/wp-json\/wp\/v2\/types\/post"}],"author":[{"embeddable":true,"href":"https:\/\/rdnews.al\/index.php\/wp-json\/wp\/v2\/users\/3"}],"replies":[{"embeddable":true,"href":"https:\/\/rdnews.al\/index.php\/wp-json\/wp\/v2\/comments?post=123504"}],"version-history":[{"count":1,"href":"https:\/\/rdnews.al\/index.php\/wp-json\/wp\/v2\/posts\/123504\/revisions"}],"predecessor-version":[{"id":123506,"href":"https:\/\/rdnews.al\/index.php\/wp-json\/wp\/v2\/posts\/123504\/revisions\/123506"}],"wp:featuredmedia":[{"embeddable":true,"href":"https:\/\/rdnews.al\/index.php\/wp-json\/wp\/v2\/media\/123505"}],"wp:attachment":[{"href":"https:\/\/rdnews.al\/index.php\/wp-json\/wp\/v2\/media?parent=123504"}],"wp:term":[{"taxonomy":"category","embeddable":true,"href":"https:\/\/rdnews.al\/index.php\/wp-json\/wp\/v2\/categories?post=123504"},{"taxonomy":"post_tag","embeddable":true,"href":"https:\/\/rdnews.al\/index.php\/wp-json\/wp\/v2\/tags?post=123504"}],"curies":[{"name":"wp","href":"https:\/\/api.w.org\/{rel}","templated":true}]}}