{"id":123516,"date":"2025-09-18T08:16:16","date_gmt":"2025-09-18T08:16:16","guid":{"rendered":"https:\/\/rdnews.al\/?p=123516"},"modified":"2025-09-18T08:18:00","modified_gmt":"2025-09-18T08:18:00","slug":"mbledhja-ne-mesnate-vakanca-ne-kushtetuese-nga-vokshi-te-llagami-e-klgj-e-bungo-e-kpk","status":"publish","type":"post","link":"https:\/\/rdnews.al\/index.php\/2025\/09\/18\/mbledhja-ne-mesnate-vakanca-ne-kushtetuese-nga-vokshi-te-llagami-e-klgj-e-bungo-e-kpk\/","title":{"rendered":"Mbledhja n\u00eb mesnat\u00eb\/ Vakanca n\u00eb Kushtetuese, nga Vokshi te Llagami e KLGJ e Bungo e KPK&#8230;"},"content":{"rendered":"<p>K\u00ebshilli i Em\u00ebrimeve n\u00eb Drejt\u00ebsi ka mbyllur procesin e vler\u00ebsimit t\u00eb kandidaturave p\u00ebr nje vend vakant n\u00eb Gjykat\u00ebn Kushtetuese, n\u00eb p\u00ebrfundim t\u00eb<a href=\"https:\/\/www.gjykataelarte.gov.al\/sq\/lajme\/aktivitete\/mbledhja-e-radhes-e-k.e.d.-date-17.09.2025\" target=\"_blank\" rel=\"noopener\">\u00a0nj\u00eb mbledhjeje maraton\u00eb<\/a>\u00a0t\u00eb zhvilluar t\u00eb m\u00ebrkur\u00ebn (17 shtator 2025).<\/p>\n<p>An\u00ebtari i Gjykat\u00ebs s\u00eb Lart\u00eb,\u00a0<strong>Asim Vokshi<\/strong>, kryeson me pik\u00eb list\u00ebn prej 6 kandidat\u00ebsh q\u00eb garojn\u00eb p\u00ebr t\u00eb z\u00ebn\u00eb vendin e gjyqtares kushtetuese, nj\u00ebkoh\u00ebsisht edhe kryetare, Holta Zacaj.<\/p>\n<p>Asim Vokshi \u00ebsht\u00eb vler\u00ebsuar me 89.5 pik\u00eb. Pas tij \u00ebsht\u00eb rendituar kandidatja\u00a0<strong>Naureda Llagami<\/strong>, ish-kryetare e K\u00ebshillit t\u00eb Lart\u00eb Gjyq\u00ebsor. Ajo \u00ebsht\u00eb vler\u00ebsuar nga KED-i me 89.3 pik\u00eb.<\/p>\n<p>Treshja e par\u00eb plot\u00ebsohet me ish-Komisioneri Publik t\u00eb Vetingut, i cili \u00ebsht\u00eb vler\u00ebsuar me 77.83 pik\u00eb<\/p>\n<p>Lista e kandidat\u00ebve vijon m\u00eb tej me ish-komisioneren e Vetingut,<strong>\u00a0Alma Faskaj<\/strong>, e cila ka marr\u00eb 77.77 pik\u00eb. M\u00eb pas renditet ish-shefja e saj n\u00eb Komisionin e Pavarur t\u00eb Kualifikimit,\u00a0<strong>Genta Bungo Tafa<\/strong>, me 75.44 pik\u00eb.<\/p>\n<p>Lista e kandidat\u00ebve mbyllet me emrin e\u00a0<strong>Alban Toro<\/strong>, ish-an\u00ebtar i K\u00ebshillit t\u00eb Lart\u00eb Gjyq\u00ebsor, i cili ka marr\u00eb 74.22 pik\u00eb nga K\u00ebshilli i Em\u00ebrimeve n\u00eb Drejt\u00ebsi, gjat\u00eb procedur\u00ebs s\u00eb verifikimit p\u00ebr kandidimin p\u00ebr nj\u00eb post n\u00eb Kushtetuese.<\/p>\n<p>Tashm\u00eb, lista e kandidat\u00ebve do t\u2019i p\u00ebrcillet Gjykat\u00ebs s\u00eb Lart\u00eb, e cila duhet t\u00eb zgjedh\u00eb nj\u00ebrin prej gjasht\u00eb kandidat\u00ebve si an\u00ebtar t\u00eb Gjykat\u00ebs Kushtetuese.<\/p>\n","protected":false},"excerpt":{"rendered":"<p>K\u00ebshilli i Em\u00ebrimeve n\u00eb Drejt\u00ebsi ka mbyllur procesin e vler\u00ebsimit t\u00eb kandidaturave p\u00ebr nje vend vakant n\u00eb Gjykat\u00ebn Kushtetuese, n\u00eb p\u00ebrfundim t\u00eb\u00a0nj\u00eb mbledhjeje maraton\u00eb\u00a0t\u00eb zhvilluar t\u00eb m\u00ebrkur\u00ebn (17 shtator 2025). An\u00ebtari i Gjykat\u00ebs s\u00eb Lart\u00eb,\u00a0Asim Vokshi, kryeson me pik\u00eb list\u00ebn prej 6 kandidat\u00ebsh q\u00eb garojn\u00eb p\u00ebr t\u00eb z\u00ebn\u00eb vendin e gjyqtares kushtetuese, nj\u00ebkoh\u00ebsisht edhe kryetare, &hellip;<\/p>\n","protected":false},"author":4,"featured_media":123519,"comment_status":"closed","ping_status":"closed","sticky":false,"template":"","format":"standard","meta":{"footnotes":""},"categories":[37],"tags":[],"class_list":["post-123516","post","type-post","status-publish","format-standard","has-post-thumbnail","","category-politike"],"_links":{"self":[{"href":"https:\/\/rdnews.al\/index.php\/wp-json\/wp\/v2\/posts\/123516","targetHints":{"allow":["GET"]}}],"collection":[{"href":"https:\/\/rdnews.al\/index.php\/wp-json\/wp\/v2\/posts"}],"about":[{"href":"https:\/\/rdnews.al\/index.php\/wp-json\/wp\/v2\/types\/post"}],"author":[{"embeddable":true,"href":"https:\/\/rdnews.al\/index.php\/wp-json\/wp\/v2\/users\/4"}],"replies":[{"embeddable":true,"href":"https:\/\/rdnews.al\/index.php\/wp-json\/wp\/v2\/comments?post=123516"}],"version-history":[{"count":1,"href":"https:\/\/rdnews.al\/index.php\/wp-json\/wp\/v2\/posts\/123516\/revisions"}],"predecessor-version":[{"id":123518,"href":"https:\/\/rdnews.al\/index.php\/wp-json\/wp\/v2\/posts\/123516\/revisions\/123518"}],"wp:featuredmedia":[{"embeddable":true,"href":"https:\/\/rdnews.al\/index.php\/wp-json\/wp\/v2\/media\/123519"}],"wp:attachment":[{"href":"https:\/\/rdnews.al\/index.php\/wp-json\/wp\/v2\/media?parent=123516"}],"wp:term":[{"taxonomy":"category","embeddable":true,"href":"https:\/\/rdnews.al\/index.php\/wp-json\/wp\/v2\/categories?post=123516"},{"taxonomy":"post_tag","embeddable":true,"href":"https:\/\/rdnews.al\/index.php\/wp-json\/wp\/v2\/tags?post=123516"}],"curies":[{"name":"wp","href":"https:\/\/api.w.org\/{rel}","templated":true}]}}