{"id":123529,"date":"2025-09-18T08:45:01","date_gmt":"2025-09-18T08:45:01","guid":{"rendered":"https:\/\/rdnews.al\/?p=123529"},"modified":"2025-09-18T08:45:01","modified_gmt":"2025-09-18T08:45:01","slug":"berisha-as-maduro-nuk-e-ka-poshteruar-ne-kete-shkalle-parlamentin-rama-eshte-kryehorri-i-kombit-do-te-marre-pergjigjen-qe-meriton","status":"publish","type":"post","link":"https:\/\/rdnews.al\/index.php\/2025\/09\/18\/berisha-as-maduro-nuk-e-ka-poshteruar-ne-kete-shkalle-parlamentin-rama-eshte-kryehorri-i-kombit-do-te-marre-pergjigjen-qe-meriton\/","title":{"rendered":"Berisha: As Maduro nuk e ka posht\u00ebruar n\u00eb k\u00ebt\u00eb shkall\u00eb parlamentin! Rama \u00ebsht\u00eb kryehorri i kombit, do t\u00eb marr\u00eb p\u00ebrgjigjen q\u00eb meriton!"},"content":{"rendered":"<p>Lideri i opozit\u00ebs, Sali Berisha n\u00eb nj\u00eb dalje p\u00ebr gazetar\u00ebt para selis\u00eb s\u00eb Kuvendit reagoi kund\u00ebr sjelljes arrogant\u00eb t\u00eb mazhoranc\u00ebs gjat\u00eb dit\u00ebs s\u00eb sotme.<\/p>\n<p>Berisha tha se, as Maduro nuk e ka posht\u00ebruar n\u00eb k\u00ebt\u00eb shkall\u00eb parlamentin, Rama \u00ebsht\u00eb kryehorri i kombit dhe do marr\u00eb p\u00ebrgjigjen q\u00eb meriton.<\/p>\n<p>\u201cNj\u00eb akt tipik prej Kim Jong-Uni.<\/p>\n<p>As Maduro nuk guxonte t\u00eb b\u00ebnte nj\u00eb akt t\u00eb till\u00eb.<\/p>\n<p>As Maduro nuk guxonte t\u00eb posht\u00ebronte n\u00eb k\u00ebt\u00eb shkall\u00eb parlamentin, p\u00ebr \u00e7do shqiptar ka vet\u00ebm nj\u00eb mision, shporrjen e tij nj\u00eb minut\u00eb e m\u00eb par\u00eb nga pushtetit.<\/p>\n<p>Kjo \u00ebsht\u00eb nj\u00eb thirrje p\u00ebr \u00e7do qytetar t\u00eb \u00ebtij vendi, t\u00eb ngrihet n\u00eb mision p\u00ebr t\u00eb \u00e7liruar shqiptar\u00ebt dhe Shqip\u00ebrin\u00eb nga nj\u00eb kryehorr, i cili nuk ka asnj\u00eb dallim nga Elvis Do\u00e7i, nga Suel \u00c7ela, nga Bahri Bajri.<\/p>\n<p>Nga nj\u00eb kryehorr q\u00eb i v\u00eb drynin parlamentit sipas d\u00ebshir\u00ebs s\u00eb tij.<\/p>\n<p>Ky \u00ebsht\u00eb kryehorri i kombit dhe kombi duhet t\u2019i jap\u00eb p\u00ebrgjigjen q\u00eb meriton.<\/p>\n<p>P\u00ebrgjigja \u00ebsht\u00eb ajo q\u00eb meritojn\u00eb t\u00eb gjith\u00eb kryehorrat e kombeve\u201d, tha Berisha.<\/p>\n","protected":false},"excerpt":{"rendered":"<p>Lideri i opozit\u00ebs, Sali Berisha n\u00eb nj\u00eb dalje p\u00ebr gazetar\u00ebt para selis\u00eb s\u00eb Kuvendit reagoi kund\u00ebr sjelljes arrogant\u00eb t\u00eb mazhoranc\u00ebs gjat\u00eb dit\u00ebs s\u00eb sotme. Berisha tha se, as Maduro nuk e ka posht\u00ebruar n\u00eb k\u00ebt\u00eb shkall\u00eb parlamentin, Rama \u00ebsht\u00eb kryehorri i kombit dhe do marr\u00eb p\u00ebrgjigjen q\u00eb meriton. \u201cNj\u00eb akt tipik prej Kim Jong-Uni. As &hellip;<\/p>\n","protected":false},"author":4,"featured_media":123530,"comment_status":"closed","ping_status":"closed","sticky":false,"template":"","format":"standard","meta":{"footnotes":""},"categories":[37],"tags":[],"class_list":["post-123529","post","type-post","status-publish","format-standard","has-post-thumbnail","","category-politike"],"_links":{"self":[{"href":"https:\/\/rdnews.al\/index.php\/wp-json\/wp\/v2\/posts\/123529","targetHints":{"allow":["GET"]}}],"collection":[{"href":"https:\/\/rdnews.al\/index.php\/wp-json\/wp\/v2\/posts"}],"about":[{"href":"https:\/\/rdnews.al\/index.php\/wp-json\/wp\/v2\/types\/post"}],"author":[{"embeddable":true,"href":"https:\/\/rdnews.al\/index.php\/wp-json\/wp\/v2\/users\/4"}],"replies":[{"embeddable":true,"href":"https:\/\/rdnews.al\/index.php\/wp-json\/wp\/v2\/comments?post=123529"}],"version-history":[{"count":1,"href":"https:\/\/rdnews.al\/index.php\/wp-json\/wp\/v2\/posts\/123529\/revisions"}],"predecessor-version":[{"id":123531,"href":"https:\/\/rdnews.al\/index.php\/wp-json\/wp\/v2\/posts\/123529\/revisions\/123531"}],"wp:featuredmedia":[{"embeddable":true,"href":"https:\/\/rdnews.al\/index.php\/wp-json\/wp\/v2\/media\/123530"}],"wp:attachment":[{"href":"https:\/\/rdnews.al\/index.php\/wp-json\/wp\/v2\/media?parent=123529"}],"wp:term":[{"taxonomy":"category","embeddable":true,"href":"https:\/\/rdnews.al\/index.php\/wp-json\/wp\/v2\/categories?post=123529"},{"taxonomy":"post_tag","embeddable":true,"href":"https:\/\/rdnews.al\/index.php\/wp-json\/wp\/v2\/tags?post=123529"}],"curies":[{"name":"wp","href":"https:\/\/api.w.org\/{rel}","templated":true}]}}