{"id":123532,"date":"2025-09-18T08:50:39","date_gmt":"2025-09-18T08:50:39","guid":{"rendered":"https:\/\/rdnews.al\/?p=123532"},"modified":"2025-09-18T08:50:39","modified_gmt":"2025-09-18T08:50:39","slug":"berisha-rama-i-vuri-drynin-parlamentit-brenda-5-minutave-kjo-eshte-dhune-ekstreme-ndaj-qytetareve-shqiptare","status":"publish","type":"post","link":"https:\/\/rdnews.al\/index.php\/2025\/09\/18\/berisha-rama-i-vuri-drynin-parlamentit-brenda-5-minutave-kjo-eshte-dhune-ekstreme-ndaj-qytetareve-shqiptare\/","title":{"rendered":"Berisha: Rama i vuri drynin parlamentit brenda 5 minutave! Kjo \u00ebsht\u00eb dhun\u00eb ekstreme ndaj qytetar\u00ebve shqiptar\u00eb!"},"content":{"rendered":"<p>Kryetari i PD, Sali Berisha, gjat\u00eb nj\u00eb deklarate p\u00ebr media jasht\u00eb Kuvendit tha se, Rama i vuri drynin parlamentit brenda 5 minutave, kjo \u00ebsht\u00eb dhun\u00eb ekstreme ndaj qytetar\u00ebve shqiptar\u00eb.<\/p>\n<p>Ai theksoi se opozita nuk do t\u00eb pajtohet kurr\u00eb me k\u00ebto veprime dhe se \u00e7do p\u00ebrpjekje p\u00ebr t\u00eb imponuar dhun\u00eb ose p\u00ebr t\u00eb monopolizuar procesin parlamentar \u00ebsht\u00eb e d\u00ebnueshme.<\/p>\n<p>\u201cOpozita do t\u00eb marr\u00eb t\u00eb gjitha vendimet.<\/p>\n<p>Opozita nuk do pajtohet kurr\u00eb me k\u00ebt\u00eb dhun\u00eb ekstreme ndaj qytetar\u00ebve shqiptar\u00eb.<\/p>\n<p>Nuk \u00ebsht\u00eb dhun\u00eb ndaj parlamentit, \u00ebsht\u00eb dhun\u00eb ndaj qytetar\u00ebve shqiptar\u00eb&#8230;.<\/p>\n<p>&#8230;At\u00eb p\u00ebr ambasador\u00ebt, le t\u00eb flasin vet\u00eb ambasador\u00ebt. Un\u00eb nuk kam nd\u00ebrmend t\u00eb b\u00ebhem z\u00ebdh\u00ebn\u00ebs i askujt.<\/p>\n<p>Por un\u00eb b\u00ebhem z\u00ebdh\u00ebn\u00ebs i atij populli opozitar, dhe gjith\u00eb qytetar\u00ebve, i cili shkelmohet n\u00eb k\u00ebt\u00eb m\u00ebnyr\u00eb nga nj\u00eb kryehorr, kryetar i nj\u00eb organizate kriminale q\u00eb arrin n\u00eb momentin m\u00eb thelb\u00ebsor t\u00eb historikut t\u00eb parlamentit, t\u2019i v\u00ebr\u00eb drynin brenda 5 minutave\u201d, tha Berisha.<\/p>\n","protected":false},"excerpt":{"rendered":"<p>Kryetari i PD, Sali Berisha, gjat\u00eb nj\u00eb deklarate p\u00ebr media jasht\u00eb Kuvendit tha se, Rama i vuri drynin parlamentit brenda 5 minutave, kjo \u00ebsht\u00eb dhun\u00eb ekstreme ndaj qytetar\u00ebve shqiptar\u00eb. Ai theksoi se opozita nuk do t\u00eb pajtohet kurr\u00eb me k\u00ebto veprime dhe se \u00e7do p\u00ebrpjekje p\u00ebr t\u00eb imponuar dhun\u00eb ose p\u00ebr t\u00eb monopolizuar procesin parlamentar &hellip;<\/p>\n","protected":false},"author":4,"featured_media":123533,"comment_status":"closed","ping_status":"closed","sticky":false,"template":"","format":"standard","meta":{"footnotes":""},"categories":[37],"tags":[],"class_list":["post-123532","post","type-post","status-publish","format-standard","has-post-thumbnail","","category-politike"],"_links":{"self":[{"href":"https:\/\/rdnews.al\/index.php\/wp-json\/wp\/v2\/posts\/123532","targetHints":{"allow":["GET"]}}],"collection":[{"href":"https:\/\/rdnews.al\/index.php\/wp-json\/wp\/v2\/posts"}],"about":[{"href":"https:\/\/rdnews.al\/index.php\/wp-json\/wp\/v2\/types\/post"}],"author":[{"embeddable":true,"href":"https:\/\/rdnews.al\/index.php\/wp-json\/wp\/v2\/users\/4"}],"replies":[{"embeddable":true,"href":"https:\/\/rdnews.al\/index.php\/wp-json\/wp\/v2\/comments?post=123532"}],"version-history":[{"count":1,"href":"https:\/\/rdnews.al\/index.php\/wp-json\/wp\/v2\/posts\/123532\/revisions"}],"predecessor-version":[{"id":123534,"href":"https:\/\/rdnews.al\/index.php\/wp-json\/wp\/v2\/posts\/123532\/revisions\/123534"}],"wp:featuredmedia":[{"embeddable":true,"href":"https:\/\/rdnews.al\/index.php\/wp-json\/wp\/v2\/media\/123533"}],"wp:attachment":[{"href":"https:\/\/rdnews.al\/index.php\/wp-json\/wp\/v2\/media?parent=123532"}],"wp:term":[{"taxonomy":"category","embeddable":true,"href":"https:\/\/rdnews.al\/index.php\/wp-json\/wp\/v2\/categories?post=123532"},{"taxonomy":"post_tag","embeddable":true,"href":"https:\/\/rdnews.al\/index.php\/wp-json\/wp\/v2\/tags?post=123532"}],"curies":[{"name":"wp","href":"https:\/\/api.w.org\/{rel}","templated":true}]}}