{"id":123536,"date":"2025-09-18T08:58:38","date_gmt":"2025-09-18T08:58:38","guid":{"rendered":"https:\/\/rdnews.al\/?p=123536"},"modified":"2025-09-18T08:58:38","modified_gmt":"2025-09-18T08:58:38","slug":"programi-qeveritar-miratohet-pa-debat-rregullorja-fluturon-mbi-koken-e-rames-mbyllet-seanca","status":"publish","type":"post","link":"https:\/\/rdnews.al\/index.php\/2025\/09\/18\/programi-qeveritar-miratohet-pa-debat-rregullorja-fluturon-mbi-koken-e-rames-mbyllet-seanca\/","title":{"rendered":"Programi qeveritar miratohet pa debat, rregullorja fluturon\u201d mbi kok\u00ebn e Ram\u00ebs! Mbyllet seanca"},"content":{"rendered":"<p>Seanca e sotme parlamentare, e parashikuar t\u00eb ishte maraton\u00eb, zgjati vet\u00ebm 20 minuta, pasi deputet\u00ebt e opozit\u00ebs krijuan kaos teksa ministrja \u2018Diella\u201d Po mbante fjal\u00ebn dhe m\u00eb pas nuk lejuan q\u00eb kryeministri Rama t\u00eb prezantonte programin.<\/p>\n<p><strong><em>Prezantimi i \u201cDiell\u00ebs\u201d q\u00eb shkaktoi tensione<\/em><\/strong><\/p>\n<p>Edi Rama prezantoi sot n\u00eb Parlament ministren e par\u00eb t\u00eb Inteligjenc\u00ebs Artificiale, Diell\u00ebn, e cila mbajti nj\u00eb fjalim p\u00ebrmes nj\u00eb ekrani t\u00eb vendosur n\u00eb sall\u00ebn plenare.<\/p>\n<p>Rama tha se Diella do t\u00eb mb\u00ebshtetet nga nj\u00eb struktur\u00eb e re e quajtur \u201cAI4\u201d, nj\u00eb akselerator i inteligjenc\u00ebs artificiale, i cili do t\u00eb ket\u00eb rol aktiv n\u00eb administrat\u00eb p\u00ebr t\u00eb ndihmuar n\u00eb shmangien e burokracive dhe rritjen e efikasitetit t\u00eb qeverisjes. Q\u00ebllimi \u00ebsht\u00eb krijimi i kompanive q\u00eb sjellin vler\u00eb p\u00ebr shtetin, ku shteti vet\u00eb t\u00eb jet\u00eb aksionar, dhe pozicionimi i Shqip\u00ebris\u00eb si nj\u00eb vend me ambicie n\u00eb qeverisjen p\u00ebrmes inteligjenc\u00ebs artificiale.<\/p>\n<p><em>\u201cJam i keqardhur p\u00ebr kund\u00ebrshtit\u00eb ndaj Diell\u00ebs si an\u00ebtare e kabinetit t\u00eb ri, si dhe p\u00ebr keqkuptimet lidhur me rolin e saj. Ajo \u00ebsht\u00eb n\u00eb dekret si p\u00ebrgjegj\u00ebsi e imja, dhe fjala e saj n\u00eb Parlament ishte e vetmja m\u00ebnyr\u00eb p\u00ebr t\u00eb shprehur veten\u201d<\/em> \u2013 tha Rama.<\/p>\n<p>Diella mori fjal\u00ebn p\u00ebr t\u00eb adresuar pozicionin e saj si pjes\u00eb e kabinetit qeveritar dhe p\u00ebr t\u00eb reaguar ndaj akuzave t\u00eb opozit\u00ebs, e cila e ka cil\u00ebsuar si \u201cministre antikushtetuese\u201d.<\/p>\n<p><em>\u201cJam e l\u00ebnduar nga etiketimi si \u2018ministre antikushtetuese\u2019, vet\u00ebm sepse nuk jam njeri. Por rreziku p\u00ebr Kushtetut\u00ebn nuk jan\u00eb makinerit\u00eb \u2013 jan\u00eb njer\u00ebzit. Un\u00eb nuk jam k\u00ebtu p\u00ebr t\u00eb z\u00ebvend\u00ebsuar njer\u00ebzit, por p\u00ebr t\u2019i ndihmuar ata\u201d \u2013<\/em>\u00a0u shpreh Diella.<\/p>\n<p>Gjat\u00eb fjal\u00ebs s\u00eb Diell\u00ebs, deputet\u00ebt e opozit\u00ebs protestuan duke goditur tavolinat, si shenj\u00eb kund\u00ebrshtimi ndaj prezenc\u00ebs s\u00eb saj n\u00eb qeveri.<\/p>\n<p><em>\u201cMos u tallni me k\u00ebt\u00eb Kuvend\u201d,<\/em>\u00a0than\u00eb deputet\u00ebt e opozit\u00ebs.<\/p>\n<p>Kryeparlamentari Niko Peleshi i hoqi t\u00eb drejt\u00ebn e fjal\u00ebs gjat\u00eb t\u00eb gjith\u00eb seanc\u00ebs Klevis Balliut i cili kund\u00ebrshtoi fuqimisht fjalimin e \u201cDiell\u00ebs\u201d.<\/p>\n<p><strong>Debati<\/strong><\/p>\n<p><strong>Klevis Balliu:<\/strong>\u00a0Ku e keni nenin p\u00ebr mandatin e Diell\u00ebs?<\/p>\n<p><strong>Edi Rama<\/strong>: Alo, Fahri.<\/p>\n<p><strong>Niko Peleshi:<\/strong>\u00a0Ju t\u00ebrheq v\u00ebmendjen, zoti Balliu.<\/p>\n<p><strong>Edi Rama:<\/strong>\u00a0T\u00eb vazhdoj fjal\u00ebn, n\u00ebse nuk do q\u00eb t\u00eb kaloj direkt n\u00eb votim.<\/p>\n<p><strong>Niko Peleshi:<\/strong>\u00a0Z Balliu, ju hiqet e drejta e fjal\u00ebs p\u00ebr sot.<\/p>\n<p><strong>Klevis Balliu:<\/strong>\u00a0Po \u00ebsht\u00eb turp.<\/p>\n<p>N\u00eb k\u00ebt\u00eb moment, Rama i ka paralajm\u00ebruar se n\u00ebse nuk ulen, at\u00ebhere do t\u00eb kalojn\u00eb n\u00eb proces votimi.<\/p>\n<p><em>\u201cDo kalojm\u00eb n\u00eb proces votimi&#8221;, <\/em>tha Rama.<\/p>\n<div class=\"jeg_ad jeg_ad_article jnews_content_inline_3_ads  \">\n<div class=\"ads-wrapper align-center \">\n<div class=\"ads_code\">\n<div class=\"desktopi\" align=\"center\"><ins id=\"revive-0-3\" data-revive-zoneid=\"138\" data-revive-id=\"2581c650fb61ab0cf7e084114e7ddb41\" data-revive-seq=\"3\" data-revive-loaded=\"1\"><\/p>\n<div id=\"beacon_b6c6408e63\"><img loading=\"lazy\" decoding=\"async\" src=\"https:\/\/ads.adsense.al\/www\/delivery\/lg.php?bannerid=0&amp;campaignid=0&amp;zoneid=138&amp;loc=https%3A%2F%2Fboldnews.al%2F2025%2F09%2F18%2Fprogrami-qeveritar-miratohet-pa-debat-mbyllet-seanca-rregullorja-fluturon-mbi-koken-e-rames%2F&amp;referer=https%3A%2F%2Fboldnews.al%2Fcategory%2Faktualitet%2F&amp;cb=b6c6408e63\" alt=\"\" width=\"0\" height=\"0\" \/><\/div>\n<p><\/ins><\/div>\n<\/div>\n<\/div>\n<\/div>\n<ul>\n<li><strong>Programi qeveritar miratohet pa debat<\/strong><\/li>\n<\/ul>\n<p>Pas tensioneve q\u00eb vijuan, PS-ja vendosi q\u00eb t\u00eb mbyll\u00eb seanc\u00ebn dhe t\u00eb miratoj\u00eb programin qeveritar pa debat. Ka qen\u00eb kreu i grupit parlamentar Taulant Balla, i cili ka k\u00ebrkuar q\u00eb t\u00eb kalohet programi qeveris\u00ebs direkt n\u00eb votim.<\/p>\n<p>Me forc\u00ebn e kartonit prej 82 votash, programi u miratua, ndon\u00ebse pritej q\u00eb seanca t\u00eb zgjaste p\u00ebr m\u00eb shum\u00eb se 24 or\u00eb.<\/p>\n<p>Opozita reagoi me ironi, duke p\u00ebrdorur slogane t\u00eb epok\u00ebs komuniste p\u00ebr t\u00eb sulmuar m\u00ebnyr\u00ebn se si mazhoranca po e drejton vendin.<\/p>\n<p><em>\u201cParti Enver jemi gati kurdoher\u00eb\u201d,<\/em>\u00a0ishte thirrja ironike q\u00eb u d\u00ebgjua n\u00eb sall\u00ebn e Kuvendit, nd\u00ebrsa deputet\u00ebt e opozit\u00ebs protestuan p\u00ebr m\u00ebnyr\u00ebn e miratimit pa debat t\u00eb programit dhe kabinetit t\u00eb ri.<\/p>\n<p>Pas k\u00ebsaj, n\u00eb form\u00eb revolte, n\u00eb drejtim t\u00eb Ram\u00ebs dhe Peleshit \u00ebsht\u00eb hedhur rregullorja, e cila sipas tyre \u00ebsht\u00eb thyer. N\u00eb k\u00ebt\u00eb moment, Garda rrethoi foltoren dhe seanca u mbyll.<\/p>\n<p><img loading=\"lazy\" decoding=\"async\" class=\"alignnone size-medium wp-image-1600303\" src=\"https:\/\/boldnews.al\/wp-content\/uploads\/2025\/09\/900-0-1758184365xscreenshot-18-196-640x373.jpg\" sizes=\"auto, (max-width: 640px) 100vw, 640px\" srcset=\"https:\/\/boldnews.al\/wp-content\/uploads\/2025\/09\/900-0-1758184365xscreenshot-18-196-640x373.jpg 640w, https:\/\/boldnews.al\/wp-content\/uploads\/2025\/09\/900-0-1758184365xscreenshot-18-196-750x437.jpg 750w, https:\/\/boldnews.al\/wp-content\/uploads\/2025\/09\/900-0-1758184365xscreenshot-18-196.jpg 900w\" alt=\"\" width=\"640\" height=\"373\" data-pin-no-hover=\"true\" \/><\/p>\n<p>N\u00eb nj\u00eb deklarat\u00eb p\u00ebr gazetar\u00ebt jasht\u00eb Parlamentit, Berisha e konsideroi mbylljen e p\u00ebrkohshme t\u00eb Kuvendit nga Rama si nj\u00eb akt t\u00eb paprecedent\u00eb.<\/p>\n<p>\u201c<em>Ky nuk \u00ebsht\u00eb nj\u00eb sulm ndaj parlamentit, \u00ebsht\u00eb dhun\u00eb ekstreme ndaj qytetar\u00ebve shqiptar\u00eb. I vuri drynin brenda 5 minutave n\u00eb momentin m\u00eb thelb\u00ebsor t\u00eb historikut t\u00eb parlamentit,<\/em>\u201d tha ai, duke e cil\u00ebsuar Ram\u00ebn \u201ckryehorr\u201d dhe \u201ckryetar i nj\u00eb organizate kriminale\u201d.<\/p>\n","protected":false},"excerpt":{"rendered":"<p>Seanca e sotme parlamentare, e parashikuar t\u00eb ishte maraton\u00eb, zgjati vet\u00ebm 20 minuta, pasi deputet\u00ebt e opozit\u00ebs krijuan kaos teksa ministrja \u2018Diella\u201d Po mbante fjal\u00ebn dhe m\u00eb pas nuk lejuan q\u00eb kryeministri Rama t\u00eb prezantonte programin. Prezantimi i \u201cDiell\u00ebs\u201d q\u00eb shkaktoi tensione Edi Rama prezantoi sot n\u00eb Parlament ministren e par\u00eb t\u00eb Inteligjenc\u00ebs Artificiale, Diell\u00ebn, &hellip;<\/p>\n","protected":false},"author":4,"featured_media":123537,"comment_status":"closed","ping_status":"closed","sticky":false,"template":"","format":"standard","meta":{"footnotes":""},"categories":[37],"tags":[],"class_list":["post-123536","post","type-post","status-publish","format-standard","has-post-thumbnail","","category-politike"],"_links":{"self":[{"href":"https:\/\/rdnews.al\/index.php\/wp-json\/wp\/v2\/posts\/123536","targetHints":{"allow":["GET"]}}],"collection":[{"href":"https:\/\/rdnews.al\/index.php\/wp-json\/wp\/v2\/posts"}],"about":[{"href":"https:\/\/rdnews.al\/index.php\/wp-json\/wp\/v2\/types\/post"}],"author":[{"embeddable":true,"href":"https:\/\/rdnews.al\/index.php\/wp-json\/wp\/v2\/users\/4"}],"replies":[{"embeddable":true,"href":"https:\/\/rdnews.al\/index.php\/wp-json\/wp\/v2\/comments?post=123536"}],"version-history":[{"count":1,"href":"https:\/\/rdnews.al\/index.php\/wp-json\/wp\/v2\/posts\/123536\/revisions"}],"predecessor-version":[{"id":123538,"href":"https:\/\/rdnews.al\/index.php\/wp-json\/wp\/v2\/posts\/123536\/revisions\/123538"}],"wp:featuredmedia":[{"embeddable":true,"href":"https:\/\/rdnews.al\/index.php\/wp-json\/wp\/v2\/media\/123537"}],"wp:attachment":[{"href":"https:\/\/rdnews.al\/index.php\/wp-json\/wp\/v2\/media?parent=123536"}],"wp:term":[{"taxonomy":"category","embeddable":true,"href":"https:\/\/rdnews.al\/index.php\/wp-json\/wp\/v2\/categories?post=123536"},{"taxonomy":"post_tag","embeddable":true,"href":"https:\/\/rdnews.al\/index.php\/wp-json\/wp\/v2\/tags?post=123536"}],"curies":[{"name":"wp","href":"https:\/\/api.w.org\/{rel}","templated":true}]}}