{"id":123539,"date":"2025-09-18T09:20:26","date_gmt":"2025-09-18T09:20:26","guid":{"rendered":"https:\/\/rdnews.al\/?p=123539"},"modified":"2025-09-18T09:20:26","modified_gmt":"2025-09-18T09:20:26","slug":"bashkia-e-tiranes-si-placke-tregu-ne-duart-e-nje-sekti-banditesh","status":"publish","type":"post","link":"https:\/\/rdnews.al\/index.php\/2025\/09\/18\/bashkia-e-tiranes-si-placke-tregu-ne-duart-e-nje-sekti-banditesh\/","title":{"rendered":"Bashkia e Tiran\u00ebs si pla\u00e7k\u00eb tregu n\u00eb duart e nj\u00eb sekti bandit\u00ebsh!"},"content":{"rendered":"<p><strong>Nga Petrit VASILI<\/strong><\/p>\n<p>Bashkia e Tiran\u00ebs \u00ebsht\u00eb shnd\u00ebrruar n\u00eb nj\u00eb pla\u00e7k\u00eb tregu, q\u00eb shqyhet nga pronari rilindas i radh\u00ebs pjese e sektit t\u00eb bandit\u00ebve rilindas q\u00eb e zhvatin prej m\u00eb shum\u00eb se 20 vjet\u00ebsh.<\/p>\n<p>Shkarkimi i Veliajt ka nxjerr\u00eb n\u00eb shesh gjith\u00e7ka n\u00eb m\u00ebnyr\u00ebn me tragjikomike.<\/p>\n<p>K\u00ebshilltar\u00eb tutkun\u00eb e t\u00eb tredhur q\u00eb me urdh\u00ebr verbal t\u00eb Ram\u00ebs shkojn\u00eb n\u00eb rresht si idiot\u00ebr t\u00eb firmosin shkarkimin p\u00ebr t\u00eb cilin kan\u00eb heshtur muaj e muaj me radh\u00eb e ku kan\u00eb votuar shp\u00ebrb\u00ebrjen e qytetit dhe shkat\u00ebrrimin e tij.<\/p>\n<p>Jan\u00eb po t\u00eb nj\u00ebjt\u00ebt q\u00eb kan\u00eb votuar e firmosur m\u00eb par\u00eb \u00e7do lloj vendimi korruptiv kund\u00ebr qytetit t\u00eb Tiran\u00ebs nga 5D, tek incenerator\u00ebt, asfalti elektoral e plot e plot ndyr\u00ebsira t\u00eb tjera.<\/p>\n<p>Rama sigurisht jep vet\u00ebm urdhra me goj\u00eb, se dihet tashm\u00eb q\u00eb firmat dhe p\u00ebrgjegj\u00ebsin\u00eb do ta marrin t\u00eb tjer\u00ebt, q\u00eb do mbeten si guak\u00ebr kur t\u00eb shohin se si jua ka hedhur Rama atyre.<\/p>\n<p>\u00cbsht\u00eb po e nj\u00ebjta gj\u00eb si me ata ministra, kryetar\u00eb bashkie e drejtor\u00eb t\u00eb shumt\u00eb, q\u00eb sot ndiqen penalisht sepse kan\u00eb p\u00ebrmbushur qejfet, nepsin dhe epshet politike t\u00eb Ram\u00ebs me moton: &#8220;E k\u00ebrkon KM-ja.&#8221;<\/p>\n<p>Por Tirana vet\u00eb \u00ebsht\u00eb katandisur n\u00eb duart me t\u00eb k\u00ebqija q\u00eb e p\u00ebrdorin p\u00ebr t\u00eb shkarkuar valvulat politike dhe korruptive.<\/p>\n<p>Bashkia nuk \u00ebsht\u00eb m\u00eb nj\u00eb entitet i madh publik, por nj\u00eb pron\u00eb, q\u00eb e shqyen rilindasi i radh\u00ebs n\u00eb krye t\u00eb saj dhe kryeministri atje tej.<\/p>\n<p>\u00c7do ligj e rregull ka vajtur me plehrat dhe ajo qeveriset si pre e nj\u00eb sekti banditesh politik\u00eb.<\/p>\n<p>Asgj\u00eb nuk funksionon n\u00eb Tiran\u00eb.<\/p>\n<p>I vetmi q\u00eb &#8220;funksionon&#8221; \u00ebsht\u00eb betonizimi kriminal dhe goditja klienteliste e biznesit.<\/p>\n<p>Neveritsh\u00ebm sheh sot tenda t\u00eb shkat\u00ebrruara lokalesh q\u00eb bashk\u00ebjetojn\u00eb me lokale me tenda t\u00eb paprishura, sepse lokalet miq t\u00eb Ram\u00ebs nuk prishen nd\u00ebrsa ata t\u00eb identifikuar si miq t\u00eb Veliajt shkat\u00ebrrohen.<\/p>\n<p>Pun\u00eb horrash t\u00eb neveritsh\u00ebm.<\/p>\n<p>Por ajo q\u00eb mbetet \u00ebsht\u00eb se kryeqyteti sot pla\u00e7kitet mizorisht \u00e7do dit\u00eb dhe sh\u00ebrbimet e tij jan\u00eb m\u00eb mizerab\u00ebl se kurr\u00eb.<\/p>\n","protected":false},"excerpt":{"rendered":"<p>Nga Petrit VASILI Bashkia e Tiran\u00ebs \u00ebsht\u00eb shnd\u00ebrruar n\u00eb nj\u00eb pla\u00e7k\u00eb tregu, q\u00eb shqyhet nga pronari rilindas i radh\u00ebs pjese e sektit t\u00eb bandit\u00ebve rilindas q\u00eb e zhvatin prej m\u00eb shum\u00eb se 20 vjet\u00ebsh. Shkarkimi i Veliajt ka nxjerr\u00eb n\u00eb shesh gjith\u00e7ka n\u00eb m\u00ebnyr\u00ebn me tragjikomike. K\u00ebshilltar\u00eb tutkun\u00eb e t\u00eb tredhur q\u00eb me urdh\u00ebr verbal &hellip;<\/p>\n","protected":false},"author":4,"featured_media":104137,"comment_status":"closed","ping_status":"closed","sticky":false,"template":"","format":"standard","meta":{"footnotes":""},"categories":[44],"tags":[],"class_list":["post-123539","post","type-post","status-publish","format-standard","has-post-thumbnail","","category-editorial"],"_links":{"self":[{"href":"https:\/\/rdnews.al\/index.php\/wp-json\/wp\/v2\/posts\/123539","targetHints":{"allow":["GET"]}}],"collection":[{"href":"https:\/\/rdnews.al\/index.php\/wp-json\/wp\/v2\/posts"}],"about":[{"href":"https:\/\/rdnews.al\/index.php\/wp-json\/wp\/v2\/types\/post"}],"author":[{"embeddable":true,"href":"https:\/\/rdnews.al\/index.php\/wp-json\/wp\/v2\/users\/4"}],"replies":[{"embeddable":true,"href":"https:\/\/rdnews.al\/index.php\/wp-json\/wp\/v2\/comments?post=123539"}],"version-history":[{"count":1,"href":"https:\/\/rdnews.al\/index.php\/wp-json\/wp\/v2\/posts\/123539\/revisions"}],"predecessor-version":[{"id":123540,"href":"https:\/\/rdnews.al\/index.php\/wp-json\/wp\/v2\/posts\/123539\/revisions\/123540"}],"wp:featuredmedia":[{"embeddable":true,"href":"https:\/\/rdnews.al\/index.php\/wp-json\/wp\/v2\/media\/104137"}],"wp:attachment":[{"href":"https:\/\/rdnews.al\/index.php\/wp-json\/wp\/v2\/media?parent=123539"}],"wp:term":[{"taxonomy":"category","embeddable":true,"href":"https:\/\/rdnews.al\/index.php\/wp-json\/wp\/v2\/categories?post=123539"},{"taxonomy":"post_tag","embeddable":true,"href":"https:\/\/rdnews.al\/index.php\/wp-json\/wp\/v2\/tags?post=123539"}],"curies":[{"name":"wp","href":"https:\/\/api.w.org\/{rel}","templated":true}]}}