{"id":123541,"date":"2025-09-18T09:30:19","date_gmt":"2025-09-18T09:30:19","guid":{"rendered":"https:\/\/rdnews.al\/?p=123541"},"modified":"2025-09-18T09:30:19","modified_gmt":"2025-09-18T09:30:19","slug":"berisha-rama-asgjesoi-sot-parlamentin-ky-akt-i-rende-duhet-te-marre-pergjigjen-me-te-forte-jo-me-fjale-por-me-vepra","status":"publish","type":"post","link":"https:\/\/rdnews.al\/index.php\/2025\/09\/18\/berisha-rama-asgjesoi-sot-parlamentin-ky-akt-i-rende-duhet-te-marre-pergjigjen-me-te-forte-jo-me-fjale-por-me-vepra\/","title":{"rendered":"Berisha: Rama asgj\u00ebsoi sot parlamentin, ky akt i r\u00ebnd\u00eb duhet t\u00eb marr\u00eb p\u00ebrgjigjen m\u00eb t\u00eb fort\u00eb, jo me fjal\u00eb, por me vepra"},"content":{"rendered":"<p>Kryetari i PD, Sali Berisha tha gjat\u00eb fjal\u00ebs s\u00eb tij mbledhjen egrupit parlamentar se, Edi Rama asgj\u00ebsoi sot parlamentin, ky akt i r\u00ebnd\u00eb duhet t\u00eb marr\u00eb p\u00ebrgjigjen m\u00eb t\u00eb fort\u00eb, jo me fjal\u00eb, por me vepra!<br \/>\nAi tha se, ka ndodhur q\u00eb kjo organizat\u00eb kriminale q\u00eb drejtohet nga Edi Rama t\u00eb kaloj\u00eb ligje p\u00ebr 5 minuta, por nuk ka ndodhur kurr\u00eb ndonj\u00ebher\u00eb dhe n\u00eb asnj\u00eb vend, q\u00eb nj\u00eb program qeverie, nj\u00eb kabinet t\u00eb kaloj\u00eb brenda 5 minutave si\u00e7 u veprua sot.<br \/>\n\u201cSot, sipas nj\u00eb skenari t\u00eb parap\u00ebrgatitur, q\u00eb e lajm\u00ebroi vet\u00eb kryehorri i kombit, se vet\u00ebm ai mund t\u00eb nd\u00ebrmarr\u00eb nj\u00eb skenar dhe akt t\u00eb till\u00eb, u asgj\u00ebsua n\u00eb momentin e tij m\u00eb solemn, momentin m\u00eb t\u00eb r\u00ebnd\u00ebsish\u00ebm t\u00eb transparenc\u00ebs, t\u00eb p\u00ebrgjegj\u00ebsis\u00eb, parlamenti shqiptar.<br \/>\nKa ndodhur q\u00eb kjo organizat\u00eb kriminale q\u00eb drejtohet nga Edi Rama t\u00eb kaloj\u00eb ligje p\u00ebr 5 minuta, por nuk ka ndodhur kurr\u00eb ndonj\u00ebher\u00eb dhe n\u00eb asnj\u00eb vend, q\u00eb nj\u00eb program qeverie, nj\u00eb kabinet t\u00eb kaloj\u00eb brenda 5 minutave si\u00e7 u veprua sot.<br \/>\nKy \u00ebsht\u00eb nj\u00eb akt brutal dhune publike ndaj qytetar\u00ebve shqiptar\u00eb t\u00eb \u00e7do spektri q\u00eb ka marr\u00eb pjes\u00eb n\u00eb votim.<br \/>\nKy \u00ebsht\u00eb nj\u00eb akt brutal dhune ndaj opozit\u00ebs dhe popullit opozitar, me t\u00eb cilin Edi Rama, i cili kujtonte Fahri Balliun, Klevisit, p\u00ebr betejat e tij kund\u00ebr nenit t\u00eb agjitacionit dhe propagand\u00ebs, Edi Rama nj\u00eb bastard i xhelatit t\u00eb diktatur\u00ebs q\u00eb ka firmosur varjen n\u00eb litar dhe ekzekutimin e njer\u00ebzve t\u00eb pafajsh\u00ebm, sot me nj\u00eb skenar t\u00eb parap\u00ebrgatitur ekzekutoi parlamentin, parlamentarizmin, opozit\u00ebn n\u00eb parlament dhe vendosi k\u00ebshtu rekordin m\u00eb kulmor t\u00eb dhun\u00ebs dhe posht\u00ebrimit ndaj institucionit t\u00eb parlamentit, ndaj Kushtetut\u00ebs n\u00eb radh\u00eb t\u00eb par\u00eb, ndaj institucionit kryesor t\u00eb vendit, parlamentit, dhe ndaj opozit\u00ebs.<br \/>\nNatyrisht ky zhvillim dramatik meriton dhe duhet t\u00eb marr\u00eb p\u00ebrgjigjen m\u00eb t\u00eb fort\u00eb dhe m\u00eb t\u00eb fuqishme.<br \/>\nJo n\u00eb fjal\u00eb, fjal\u00ebt nuk kan\u00eb aspak vler\u00eb, por n\u00eb veprime, n\u00eb veprime, n\u00eb veprime.<br \/>\nMe aktin e tij, ai faktikisht shkelmoi, shum\u00ebzoi me zero, asgj\u00ebsoi vullnetin e t\u00eb gjith\u00eb shqiptar\u00ebve q\u00eb mor\u00ebn pjes\u00eb n\u00eb votim. P\u00ebrfaq\u00ebsuesve t\u00eb atyre q\u00eb votuan kund\u00ebr Edi Ram\u00ebs. Republik\u00ebs parlamentare. Kushtetut\u00ebs s\u00eb k\u00ebsaj republike.<br \/>\nShpalli luft\u00eb t\u00eb hapur, me nj\u00eb skenar t\u00eb p\u00ebrgatitur, bashk\u00eb me kreun e parlamentit, q\u00eb \u00ebsht\u00eb nj\u00eb individ skllav i krimit dhe korrupsionit t\u00eb vet dhe q\u00eb tregoi se \u00ebsht\u00eb i aft\u00eb t\u00eb zbatoj\u00eb \u00e7do skenar t\u00eb gatsh\u00ebm q\u00eb vjen nga Edi Rama dhe banda e tij\u201d, u shpreh Berisha.<\/p>\n","protected":false},"excerpt":{"rendered":"<p>Kryetari i PD, Sali Berisha tha gjat\u00eb fjal\u00ebs s\u00eb tij mbledhjen egrupit parlamentar se, Edi Rama asgj\u00ebsoi sot parlamentin, ky akt i r\u00ebnd\u00eb duhet t\u00eb marr\u00eb p\u00ebrgjigjen m\u00eb t\u00eb fort\u00eb, jo me fjal\u00eb, por me vepra! Ai tha se, ka ndodhur q\u00eb kjo organizat\u00eb kriminale q\u00eb drejtohet nga Edi Rama t\u00eb kaloj\u00eb ligje p\u00ebr 5 &hellip;<\/p>\n","protected":false},"author":4,"featured_media":123542,"comment_status":"closed","ping_status":"closed","sticky":false,"template":"","format":"standard","meta":{"footnotes":""},"categories":[37],"tags":[],"class_list":["post-123541","post","type-post","status-publish","format-standard","has-post-thumbnail","","category-politike"],"_links":{"self":[{"href":"https:\/\/rdnews.al\/index.php\/wp-json\/wp\/v2\/posts\/123541","targetHints":{"allow":["GET"]}}],"collection":[{"href":"https:\/\/rdnews.al\/index.php\/wp-json\/wp\/v2\/posts"}],"about":[{"href":"https:\/\/rdnews.al\/index.php\/wp-json\/wp\/v2\/types\/post"}],"author":[{"embeddable":true,"href":"https:\/\/rdnews.al\/index.php\/wp-json\/wp\/v2\/users\/4"}],"replies":[{"embeddable":true,"href":"https:\/\/rdnews.al\/index.php\/wp-json\/wp\/v2\/comments?post=123541"}],"version-history":[{"count":1,"href":"https:\/\/rdnews.al\/index.php\/wp-json\/wp\/v2\/posts\/123541\/revisions"}],"predecessor-version":[{"id":123543,"href":"https:\/\/rdnews.al\/index.php\/wp-json\/wp\/v2\/posts\/123541\/revisions\/123543"}],"wp:featuredmedia":[{"embeddable":true,"href":"https:\/\/rdnews.al\/index.php\/wp-json\/wp\/v2\/media\/123542"}],"wp:attachment":[{"href":"https:\/\/rdnews.al\/index.php\/wp-json\/wp\/v2\/media?parent=123541"}],"wp:term":[{"taxonomy":"category","embeddable":true,"href":"https:\/\/rdnews.al\/index.php\/wp-json\/wp\/v2\/categories?post=123541"},{"taxonomy":"post_tag","embeddable":true,"href":"https:\/\/rdnews.al\/index.php\/wp-json\/wp\/v2\/tags?post=123541"}],"curies":[{"name":"wp","href":"https:\/\/api.w.org\/{rel}","templated":true}]}}