{"id":123544,"date":"2025-09-18T09:35:50","date_gmt":"2025-09-18T09:35:50","guid":{"rendered":"https:\/\/rdnews.al\/?p=123544"},"modified":"2025-09-18T09:47:31","modified_gmt":"2025-09-18T09:47:31","slug":"berisha-rama-pushkatoi-parlamentin-sepse-e-di-se-mandati-i-tij-qendron-fund-e-krye-mbi-krimin-dhe-dhunimin-e-kushtetutes-e-ligjeve","status":"publish","type":"post","link":"https:\/\/rdnews.al\/index.php\/2025\/09\/18\/berisha-rama-pushkatoi-parlamentin-sepse-e-di-se-mandati-i-tij-qendron-fund-e-krye-mbi-krimin-dhe-dhunimin-e-kushtetutes-e-ligjeve\/","title":{"rendered":"Parlamenti u asgjesua\/ \u00c7far\u00eb do t\u00eb b\u00ebhet tani?"},"content":{"rendered":"<p>Kryetari i PD, Sali Berisha, gjat\u00eb fjal\u00ebs s\u00eb tij n\u00eb mbledhjen e grupit parlamentar tha se, Rama sot pushkatoi parlamentin, sepse e di se mandati i tij q\u00ebndron fund e krye mbi krimin dhe dhunimin e Kushtetut\u00ebs dhe ligjeve.<\/p>\n<p>\u201cI damkosur, sepse ky mandat q\u00ebndron mbi krimin, ky mandat q\u00ebndron fund e krye mbi krimin dhe kjo \u00ebsht\u00eb b\u00ebr\u00eb e qart\u00eb&#8230;<\/p>\n<p>Ky mandat q\u00ebndron mbi korrupsionin, mbi drog\u00ebn, mbi dhunimin e Kushtetut\u00ebs dhe ligjeve t\u00eb vendit.<\/p>\n<p>I vet\u00ebdijsh\u00ebm p\u00ebr k\u00ebt\u00eb, i vet\u00ebdijsh\u00ebm q\u00eb nuk ka asnj\u00eb legjitimitet n\u00eb mandatin q\u00eb ka marr\u00eb, at\u00ebher\u00eb atij i duhen akte brutale ekstreme p\u00ebr t\u00eb mbijetuar n\u00eb krye t\u00eb narkoshtetit t\u00eb tij.<\/p>\n<p>Edi Rama ka paraqitur nj\u00eb program mashtrim fund e krye dhe e di q\u00eb opozita k\u00ebt\u00eb program do t\u2019u faktonte shqiptar\u00ebve se ky \u00ebsht\u00eb vet\u00ebm mashtrimi i radh\u00ebs dhe asgj\u00eb tjet\u00ebr.<\/p>\n<p>Do u d\u00ebshmonte shqiptar\u00ebve se si\u00e7 ka vjedhur shuma p\u00ebrrallore n\u00eb 64 miliard\u00eb euro t\u00eb 12 viteve q\u00eb ka administruar, vjedhjet n\u00eb k\u00ebt\u00eb mandat do jen\u00eb shum\u00eb t\u00eb m\u00ebdha.<\/p>\n<p>Do u d\u00ebshmonte shqiptar\u00ebve se ata q\u00eb kan\u00eb ardh\u00eb, ata jan\u00eb nd\u00ebr m\u00eb t\u00eb p\u00ebrsosurit n\u00eb hajdut\u00ebri, n\u00eb vjedhje.<\/p>\n<p>Se jo nj\u00eb Diella apo 5 Diella, por 120 Diella nuk mbulojn\u00eb vjedhjet e Lubis\u00eb s\u00eb pap\u00ebrmbajtur.<\/p>\n<p>Natyrisht ndan me Ram\u00ebn.<\/p>\n<p>Ose vjedhjet e Pirro Vengut, q\u00eb vet\u00ebm p\u00ebr t\u00eb mos prishur goj\u00ebn se mund t\u2019i thuash shum\u00eb gj\u00ebra atij. Q\u00eb pla\u00e7kiti t\u00eb gjith\u00eb pronat e ushtris\u00eb bashk\u00eb me Nikon.<\/p>\n<p>Pra, ai faqezi sterr\u00eb, qoft\u00eb me ekipin e tij, qoft\u00eb me b\u00ebmat e tij, zgjodhi asgj\u00ebsimin e parlamentit n\u00eb momentin m\u00eb ky\u00e7.<\/p>\n<p>Ndaj dhe ne, t\u00eb cil\u00ebt shkuam n\u00eb parlament me vendosm\u00ebrin\u00eb m\u00eb t\u00eb madhe p\u00ebr t\u00eb b\u00ebr\u00eb transparenc\u00ebn e plot\u00eb para qytetar\u00ebve shqiptar\u00eb, t\u00eb k\u00ebtij ekipi hajdut\u00ebsh, kriminel\u00ebsh q\u00eb kan\u00eb vjedhur me dhjet\u00ebra e qindra milion\u00eb euro taksapaguesve, bashk\u00ebpun\u00ebtor\u00ebve n\u00eb krimet m\u00eb t\u00eb sh\u00ebmtuara me organizatat kriminale, p\u00ebr t\u00eb paraqitur alternativ\u00ebn ton\u00eb natyrisht kund\u00ebrkrimit t\u00eb organizuar, kund\u00ebr k\u00ebtyre kriminel\u00ebve n\u00eb pushtet, p\u00ebr t\u00eb zb\u00ebrthyer t\u00eb gjitha mashtrimet e tyre n\u00eb programin e rreckosur, por k\u00ebto ata do i shkrinin para shqiptar\u00ebve dhe do dilnin si\u00e7 jan\u00eb.<\/p>\n<p>Dhe zgjodh\u00ebn nj\u00eb skenar, q\u00eb vet\u00ebm mendja m\u00eb e zez\u00eb, m\u00eb e err\u00ebt mund ta p\u00ebrfytyronte, mund ta imagjinonte.<\/p>\n<p>Edi Rama tregoi se, k\u00ebtu \u00ebsht\u00eb problemi, n\u00eb nj\u00eb diktatur\u00eb totalitare n\u00eb vitin 1946, Enver Hoxha i mori dhe i pushkatoi ata deputet\u00ebt e opozit\u00ebs, kurse ky faktikisht pushkatoi parlamentin sot.<\/p>\n<p>Ky pushkatoi Kushtetut\u00ebn sot.<\/p>\n<p>Ky njeri q\u00eb u kthye nga Brukseli, t\u00eb krijon p\u00ebrshtypjen se at\u00eb hapjen e kapitujve e konsideroi si nj\u00eb licenc\u00eb p\u00ebr t\u00eb asgj\u00ebsuar parlamentin.<\/p>\n<p>Asnj\u00eb diktator i diktaturave totalitare, asnj\u00eb diktator i diktaturave autoritare nuk ka b\u00ebr\u00eb nj\u00eb akt t\u00eb till\u00eb.Kurr\u00eb!\u201d, deklaroi Berisha.<\/p>\n","protected":false},"excerpt":{"rendered":"<p>Kryetari i PD, Sali Berisha, gjat\u00eb fjal\u00ebs s\u00eb tij n\u00eb mbledhjen e grupit parlamentar tha se, Rama sot pushkatoi parlamentin, sepse e di se mandati i tij q\u00ebndron fund e krye mbi krimin dhe dhunimin e Kushtetut\u00ebs dhe ligjeve. \u201cI damkosur, sepse ky mandat q\u00ebndron mbi krimin, ky mandat q\u00ebndron fund e krye mbi krimin &hellip;<\/p>\n","protected":false},"author":4,"featured_media":123555,"comment_status":"closed","ping_status":"closed","sticky":false,"template":"","format":"standard","meta":{"footnotes":""},"categories":[37],"tags":[],"class_list":["post-123544","post","type-post","status-publish","format-standard","has-post-thumbnail","","category-politike"],"_links":{"self":[{"href":"https:\/\/rdnews.al\/index.php\/wp-json\/wp\/v2\/posts\/123544","targetHints":{"allow":["GET"]}}],"collection":[{"href":"https:\/\/rdnews.al\/index.php\/wp-json\/wp\/v2\/posts"}],"about":[{"href":"https:\/\/rdnews.al\/index.php\/wp-json\/wp\/v2\/types\/post"}],"author":[{"embeddable":true,"href":"https:\/\/rdnews.al\/index.php\/wp-json\/wp\/v2\/users\/4"}],"replies":[{"embeddable":true,"href":"https:\/\/rdnews.al\/index.php\/wp-json\/wp\/v2\/comments?post=123544"}],"version-history":[{"count":4,"href":"https:\/\/rdnews.al\/index.php\/wp-json\/wp\/v2\/posts\/123544\/revisions"}],"predecessor-version":[{"id":123557,"href":"https:\/\/rdnews.al\/index.php\/wp-json\/wp\/v2\/posts\/123544\/revisions\/123557"}],"wp:featuredmedia":[{"embeddable":true,"href":"https:\/\/rdnews.al\/index.php\/wp-json\/wp\/v2\/media\/123555"}],"wp:attachment":[{"href":"https:\/\/rdnews.al\/index.php\/wp-json\/wp\/v2\/media?parent=123544"}],"wp:term":[{"taxonomy":"category","embeddable":true,"href":"https:\/\/rdnews.al\/index.php\/wp-json\/wp\/v2\/categories?post=123544"},{"taxonomy":"post_tag","embeddable":true,"href":"https:\/\/rdnews.al\/index.php\/wp-json\/wp\/v2\/tags?post=123544"}],"curies":[{"name":"wp","href":"https:\/\/api.w.org\/{rel}","templated":true}]}}