{"id":123547,"date":"2025-09-18T09:41:43","date_gmt":"2025-09-18T09:41:43","guid":{"rendered":"https:\/\/rdnews.al\/?p=123547"},"modified":"2025-09-18T09:41:43","modified_gmt":"2025-09-18T09:41:43","slug":"deputetja-doda-sqaron-pozicionin-politik-jam-pjese-e-opozites","status":"publish","type":"post","link":"https:\/\/rdnews.al\/index.php\/2025\/09\/18\/deputetja-doda-sqaron-pozicionin-politik-jam-pjese-e-opozites\/","title":{"rendered":"Deputetja Doda sqaron pozicionin politik: Jam pjes\u00eb e opozit\u00ebs"},"content":{"rendered":"<div class=\"chapo\">Deputetja Mesila Doda ka sqaruar pozicionin e saj politik pas diskutimeve q\u00eb jan\u00eb ngritur mbi munges\u00ebn e saj n\u00eb ndonj\u00eb prej grupeve parlamentare t\u00eb krijuara s\u00eb fundmi n\u00eb Kuvend.<\/div>\n<p>Ajo ka theksuar se mbetet pjes\u00eb e opozit\u00ebs, duke p\u00ebrfaq\u00ebsuar Partin\u00eb p\u00ebr Drejt\u00ebsi, Integrim dhe Unitet (PDIU), dhe ka hedhur posht\u00eb \u00e7do pretendim p\u00ebr shk\u00ebputje nga q\u00ebndrimet opozitare.<\/p>\n<p>\u201cMeqen\u00ebse po shoh nj\u00eb stuhi n\u00eb got\u00eb t\u00eb ngritur nga soj soj mendjesh, jam e detyruar t\u00eb b\u00ebj k\u00ebt\u00eb sqarim\u201d, shkruan Doda. Ajo kujton se \u00ebsht\u00eb regjistruar si deputete e PDIU-s\u00eb n\u00eb zgjedhjet parlamentare, n\u00eb kuad\u00ebr t\u00eb koalicionit \u201cAleanca p\u00ebr Shqip\u00ebrin\u00eb Madh\u00ebshtore\u201d.<\/p>\n<p>Doda sqaron se, p\u00ebr shkak t\u00eb pamund\u00ebsis\u00eb p\u00ebr t\u00eb krijuar nj\u00eb grup parlamentar t\u00eb PDIU-s\u00eb n\u00eb konfigurimin e ri t\u00eb Kuvendit, nuk \u00ebsht\u00eb regjistruar n\u00eb asnj\u00eb prej grupeve aktuale, por mbetet aktive n\u00eb opozit\u00eb dhe n\u00eb p\u00ebrputhje me q\u00ebndrimet e forc\u00ebs politike q\u00eb p\u00ebrfaq\u00ebson.<\/p>\n<p>\u201cN\u00ebse do t\u00eb kishte nj\u00eb grup t\u00eb p\u00ebrbashk\u00ebt opozitar, padyshim do isha pjes\u00eb e tij\u201d, thekson ajo, duke n\u00ebnvizuar se \u00ebsht\u00eb n\u00eb koordinim t\u00eb vazhduesh\u00ebm me kryetarin e grupit parlamentar t\u00eb Partis\u00eb Demokratike p\u00ebr \u00e7do q\u00ebndrim dhe veprim politik t\u00eb opozit\u00ebs.<\/p>\n<p>N\u00eb fund t\u00eb reagimit t\u00eb saj, Doda i d\u00ebrgon nj\u00eb mesazh t\u00eb qart\u00eb kritik\u00ebve: \u201cOpozita nuk ka nj\u00eb deputet m\u00eb pak dhe q\u00ebndrimet politike opozitare jan\u00eb krejt\u00ebsisht t\u00eb koordinuara. T\u00eb mos b\u00ebsh pjes\u00eb n\u00eb nj\u00eb grup parlamentar nuk t\u00eb p\u00ebrjashton nga opozita.\u201d<\/p>\n<p><strong>Reagimi:<\/strong><\/p>\n<p>Meqenese po shoh nje stuhi ne gote te ngritur nga soj soj mendjesh, jam e detyruar te bej kete sqarim.<\/p>\n<p>Ne zgjedhjet parlamentare jam rregjistruar si deputete e PDIU-se, ne koalicionin Aleanca per Shqiperine Madheshtore.<\/p>\n<p>Ne konfigurimin e ri te grupeve parlamentare kam mesuar qe jane krijuar tre grupe dhe\u00a0 ne pamundesi per te krijuar nje grup parlamentar te PDIU-se,<\/p>\n<p>nuk jam rregjistruar ne grupet aktuale, por jam pjese e opozites duke ruajtur identitetin e forces politike qe perfaqesoj.<\/p>\n<p>Nese do kishte qene nje grup i perbashket opozitar padyshim do isha pjese e ketij grupi.<\/p>\n<p>Kam qene dhe jam ne koordinim me kryetarin e grupit te PD per cdo aksion dhe qendrim politik te opozites<\/p>\n<p>Dashakeqeve qe sot ju \u201cqan\u201d zemra per opoziten mund tju them se opozita nuk ka nje deputet me pak e se qendrimet politike opozitare jane krejtesisht te koordinuara.<\/p>\n<p>Te mos besh pjese ne nje grup parlamentar nuk te perjashton nga opozita.<\/p>\n","protected":false},"excerpt":{"rendered":"<p>Deputetja Mesila Doda ka sqaruar pozicionin e saj politik pas diskutimeve q\u00eb jan\u00eb ngritur mbi munges\u00ebn e saj n\u00eb ndonj\u00eb prej grupeve parlamentare t\u00eb krijuara s\u00eb fundmi n\u00eb Kuvend. Ajo ka theksuar se mbetet pjes\u00eb e opozit\u00ebs, duke p\u00ebrfaq\u00ebsuar Partin\u00eb p\u00ebr Drejt\u00ebsi, Integrim dhe Unitet (PDIU), dhe ka hedhur posht\u00eb \u00e7do pretendim p\u00ebr shk\u00ebputje nga &hellip;<\/p>\n","protected":false},"author":3,"featured_media":123549,"comment_status":"closed","ping_status":"closed","sticky":false,"template":"","format":"standard","meta":{"footnotes":""},"categories":[37],"tags":[],"class_list":["post-123547","post","type-post","status-publish","format-standard","has-post-thumbnail","","category-politike"],"_links":{"self":[{"href":"https:\/\/rdnews.al\/index.php\/wp-json\/wp\/v2\/posts\/123547","targetHints":{"allow":["GET"]}}],"collection":[{"href":"https:\/\/rdnews.al\/index.php\/wp-json\/wp\/v2\/posts"}],"about":[{"href":"https:\/\/rdnews.al\/index.php\/wp-json\/wp\/v2\/types\/post"}],"author":[{"embeddable":true,"href":"https:\/\/rdnews.al\/index.php\/wp-json\/wp\/v2\/users\/3"}],"replies":[{"embeddable":true,"href":"https:\/\/rdnews.al\/index.php\/wp-json\/wp\/v2\/comments?post=123547"}],"version-history":[{"count":1,"href":"https:\/\/rdnews.al\/index.php\/wp-json\/wp\/v2\/posts\/123547\/revisions"}],"predecessor-version":[{"id":123550,"href":"https:\/\/rdnews.al\/index.php\/wp-json\/wp\/v2\/posts\/123547\/revisions\/123550"}],"wp:featuredmedia":[{"embeddable":true,"href":"https:\/\/rdnews.al\/index.php\/wp-json\/wp\/v2\/media\/123549"}],"wp:attachment":[{"href":"https:\/\/rdnews.al\/index.php\/wp-json\/wp\/v2\/media?parent=123547"}],"wp:term":[{"taxonomy":"category","embeddable":true,"href":"https:\/\/rdnews.al\/index.php\/wp-json\/wp\/v2\/categories?post=123547"},{"taxonomy":"post_tag","embeddable":true,"href":"https:\/\/rdnews.al\/index.php\/wp-json\/wp\/v2\/tags?post=123547"}],"curies":[{"name":"wp","href":"https:\/\/api.w.org\/{rel}","templated":true}]}}