{"id":123548,"date":"2025-09-18T09:43:32","date_gmt":"2025-09-18T09:43:32","guid":{"rendered":"https:\/\/rdnews.al\/?p=123548"},"modified":"2025-09-18T09:44:07","modified_gmt":"2025-09-18T09:44:07","slug":"berisha-vjedhjet-e-pirro-vengut-dhe-belinda-ballukut-nuk-i-mbulojne-as-120-diella","status":"publish","type":"post","link":"https:\/\/rdnews.al\/index.php\/2025\/09\/18\/berisha-vjedhjet-e-pirro-vengut-dhe-belinda-ballukut-nuk-i-mbulojne-as-120-diella\/","title":{"rendered":"Berisha: Vjedhjet e Pirro Vengut dhe Belinda Ballukut s&#8217;i mbulojn\u00eb as 120 \u201cDiella\u201d!"},"content":{"rendered":"<p>Kreu i PD, Sali Berisha tha gjat\u00eb fjal\u00ebs n\u00eb mbledhjen e grupit se, kjo qeveri zgjodhi asgj\u00ebsimin e Kuvendit, nd\u00ebrkoh\u00eb q\u00eb vjedhjet e kryer nga kjo mazhoranc\u00eb, ve\u00e7an\u00ebrisht nga Pirro Vengu dhe Belinda Balluku, nuk mbulohen dot as nga 120 \u201cDiella\u201d referuar ministres t\u00eb krijuar me AI.<\/p>\n<p>\u201cKy mandat q\u00ebndron mbi korrupsionin, krimin, drog\u00ebn, dhunimin e Kushtetut\u00ebs dhe ligjeve t\u00eb vendit. I vet\u00ebdijsh\u00ebm se nuk ka asnj\u00eb legjitimitet n\u00eb mandatin q\u00eb ka marr\u00eb, at\u00ebher\u00eb i duhen akte brutale ekstreme p\u00ebr t\u00eb mbijetuar n\u00eb krye t\u00eb narkoshtetit t\u00eb tij.<\/p>\n<p>Edi Rama ka paraqitur nj\u00eb program mashtrim fund e krye. E dim\u00eb q\u00eb opozita k\u00ebt\u00eb program do tu faktonte shqiptar\u00ebve se ishte mashtrimi i radh\u00ebs, asgj\u00eb tjet\u00ebr.<\/p>\n<p>Jo nj\u00eb Diell\u00eb, por edhe 120 \u201cDiella nuk mbulojn\u00eb vjedhjet e Lubis\u00eb s\u00eb pap\u00ebrmbajtur, natyrisht ndan me Ram\u00ebn, apo vjedhjet e Pirro Vengut, p\u00ebr t\u00eb mos prishur goj\u00ebn se mund ti thuash shum\u00eb gj\u00ebra, q\u00eb pla\u00e7kiti t\u00eb gjith\u00eb pronat e ushtris\u00eb s\u00eb bashku me Nikon e t\u00eb tjer\u00eb\u201d,\u00a0tha Berisha.<\/p>\n","protected":false},"excerpt":{"rendered":"<p>Kreu i PD, Sali Berisha tha gjat\u00eb fjal\u00ebs n\u00eb mbledhjen e grupit se, kjo qeveri zgjodhi asgj\u00ebsimin e Kuvendit, nd\u00ebrkoh\u00eb q\u00eb vjedhjet e kryer nga kjo mazhoranc\u00eb, ve\u00e7an\u00ebrisht nga Pirro Vengu dhe Belinda Balluku, nuk mbulohen dot as nga 120 \u201cDiella\u201d referuar ministres t\u00eb krijuar me AI. \u201cKy mandat q\u00ebndron mbi korrupsionin, krimin, drog\u00ebn, dhunimin &hellip;<\/p>\n","protected":false},"author":4,"featured_media":123551,"comment_status":"closed","ping_status":"closed","sticky":false,"template":"","format":"standard","meta":{"footnotes":""},"categories":[37],"tags":[],"class_list":["post-123548","post","type-post","status-publish","format-standard","has-post-thumbnail","","category-politike"],"_links":{"self":[{"href":"https:\/\/rdnews.al\/index.php\/wp-json\/wp\/v2\/posts\/123548","targetHints":{"allow":["GET"]}}],"collection":[{"href":"https:\/\/rdnews.al\/index.php\/wp-json\/wp\/v2\/posts"}],"about":[{"href":"https:\/\/rdnews.al\/index.php\/wp-json\/wp\/v2\/types\/post"}],"author":[{"embeddable":true,"href":"https:\/\/rdnews.al\/index.php\/wp-json\/wp\/v2\/users\/4"}],"replies":[{"embeddable":true,"href":"https:\/\/rdnews.al\/index.php\/wp-json\/wp\/v2\/comments?post=123548"}],"version-history":[{"count":2,"href":"https:\/\/rdnews.al\/index.php\/wp-json\/wp\/v2\/posts\/123548\/revisions"}],"predecessor-version":[{"id":123553,"href":"https:\/\/rdnews.al\/index.php\/wp-json\/wp\/v2\/posts\/123548\/revisions\/123553"}],"wp:featuredmedia":[{"embeddable":true,"href":"https:\/\/rdnews.al\/index.php\/wp-json\/wp\/v2\/media\/123551"}],"wp:attachment":[{"href":"https:\/\/rdnews.al\/index.php\/wp-json\/wp\/v2\/media?parent=123548"}],"wp:term":[{"taxonomy":"category","embeddable":true,"href":"https:\/\/rdnews.al\/index.php\/wp-json\/wp\/v2\/categories?post=123548"},{"taxonomy":"post_tag","embeddable":true,"href":"https:\/\/rdnews.al\/index.php\/wp-json\/wp\/v2\/tags?post=123548"}],"curies":[{"name":"wp","href":"https:\/\/api.w.org\/{rel}","templated":true}]}}