{"id":12355,"date":"2022-05-14T18:58:12","date_gmt":"2022-05-14T18:58:12","guid":{"rendered":"https:\/\/rdnews.al\/?p=12355"},"modified":"2022-05-14T18:59:21","modified_gmt":"2022-05-14T18:59:21","slug":"deputetja-boshnjake-leter-rames-refuzuat-rezoluten-e-genocidit-serb-per-vucic","status":"publish","type":"post","link":"https:\/\/rdnews.al\/index.php\/2022\/05\/14\/deputetja-boshnjake-leter-rames-refuzuat-rezoluten-e-genocidit-serb-per-vucic\/","title":{"rendered":"Deputetja boshnjake let\u00ebr Ram\u00ebs: Refuzuat rezolut\u00ebn e genocidit serb p\u00ebr Vu\u00e7i\u00e7?!"},"content":{"rendered":"<p><strong>Pas refuzimit t\u00eb mazhoranc\u00ebs socialiste p\u00ebr ta votuar n\u00eb parlament nj\u00eb rezolut\u00eb q\u00eb do t\u2019i d\u00ebnonte krimet gjenocidiale t\u00eb Serbis\u00eb n\u00eb Srebrenic\u00eb t\u00eb Bosnj\u00eb Hercegovin\u00ebs, deputetja boshnjake, Sabina Cudi\u00e7, i ka d\u00ebrguar nj\u00eb let\u00ebr kryeministrit Edi Rama.<\/strong><\/p>\n<p>N\u00eb letr\u00ebn e saj, deputetja Cudi\u00e7 ka pyetur Ram\u00ebn p\u00ebr arsyet e refuzimit t\u00eb rezolut\u00ebs dhe ka hipotetizuar n\u00ebse arsyeja \u00ebsht\u00eb bashk\u00ebpunimi i tij me presidentin serb Aleksandar Vu\u00e7i\u00e7 n\u00eb projektin Ballkani i Hapur.<\/p>\n<p>Cudi\u00e7 i thot\u00eb Ram\u00ebs se d\u00ebshiron q\u00eb Shqip\u00ebria t\u00eb jet\u00eb krah Per\u00ebndimit dhe jo n\u00eb pozicionin, si\u00e7 shkruan, ku ishte n\u00eb koh\u00ebn e Enver Hoxh\u00ebs.<\/p>\n<p>N\u00eb letr\u00ebn q\u00eb deputetja i ka nisur Ram\u00ebs, kujton se Gjykata Nd\u00ebrkomb\u00ebtare e Hag\u00ebs ka konstatuar q\u00eb n\u00eb vitin 1995, se jan\u00eb vrar\u00eb mbi 8,000 njer\u00ebz dhe jan\u00eb d\u00ebbuar mbi 40,000 qytetar\u00eb boshnjak\u00eb nga lufta me Serbin\u00eb.<\/p>\n<p>Duke shpjeguar faktet, Cudi\u00e7 ka k\u00ebrkuar shpjegim nga kryeministri shqiptar se p\u00ebrse rezoluta nuk ka hyr\u00eb n\u00eb agjend\u00ebn e Kuvendit t\u00eb Shqip\u00ebris\u00eb.<\/p>\n<p>\u201cN\u00eb fillim ju p\u00ebrkujtoi q\u00eb Gjykata Nd\u00ebrkmb\u00ebtare e Hag\u00ebs, n\u00eb korrik t\u00eb vitit 1995 ka konstatuar q\u00eb jan\u00eb vrar\u00eb m\u00eb shum\u00eb se 8000 njer\u00ebz, dhe jan\u00eb d\u00ebbuar mbi 40.000 qytetar\u00eb,ku shumica nuk u kthyen m\u00eb n\u00eb sht\u00ebpit\u00eb e tyre. Ne ende po i k\u00ebrkojm\u00eb mbetjet mortore t\u00eb mbi 1000 viktimave. Vendimet e Gjykat\u00ebs Nd\u00ebrkomb\u00ebtare t\u00eb Drejt\u00ebsis\u00eb n\u00eb Hag\u00eb pa asnj\u00eb dyshim kan\u00eb konstatuar se ndaj boshnjak\u00ebve t\u00eb Sreb\u00ebrnic\u00ebs \u00ebsht\u00eb b\u00ebr\u00eb gjenocid. Fatkeq\u00ebsisht me duhet tu a rikujtoi me dhembje edhe n\u00eb vitin 2022. K\u00ebto jan\u00eb gj\u00ebra q\u00eb nuk duhet t\u00eb jen\u00eb objekt spekulimesh politike, n\u00ebse v\u00ebrtet\u00eb ekziston vullneti politik q\u00eb ky gjenocid t\u00eb gjykohet me Rezolut\u00eb. Mb\u00ebshtetur nga deklaratat tuaja n\u00eb t\u00eb cilat e pranoni gjenocidin si dhe deklaratat e lider\u00ebve opozitar\u00eb t\u00eb Shqip\u00ebris\u00eb, vullneti politik ekziston. Andaj keni detyrim t\u2019i shpjegoni opinionit evropian\u00eb, ve\u00e7mas shqiptar\u00ebve dhe boshnjako-hervegovas\u00ebve, pse Rezoluta p\u00ebr gjykimin e gjenocidit n\u00eb Sreb\u00ebrnic\u00eb nuk hyri n\u00eb agjend\u00ebn e Kuvendit t\u00eb Shqip\u00ebris\u00eb\u201d, ka shkruar ajo.<\/p>\n<p>Ajo, duke iu drejtuar kryeministrit shqiptar, ka th\u00ebn\u00eb se m\u00ebnyra e tij joargumentative e t\u00eb shpjeguarit p\u00ebr rastin n\u00eb fjal\u00eb, \u00ebsht\u00eb posht\u00ebruese p\u00ebr viktimat dhe t\u00eb gjith\u00eb njer\u00ebzit. Ajo ka shprehur p\u00ebrshtypjen e saj, q\u00eb Rama nuk e ka pranuar votimin e rezolut\u00ebs vet\u00ebm sepse ishte propozuar nga nj\u00eb parti opozitare.<\/p>\n<p>\u201cM\u00ebnyra e Juaj lakonike p\u00ebr t\u2019ia bartur p\u00ebrgjegj\u00ebsin\u00eb opozit\u00ebs n\u00ebp\u00ebrmjet nj\u00eb Twitter-i, q\u00eb nuk argumentoni asgj\u00eb, \u00ebsht\u00eb posht\u00ebruese, si p\u00ebr viktimat ashtu edhe p\u00ebr t\u00eb gjith\u00eb njer\u00ebzit e vullnetit t\u00eb mir\u00eb, t\u00eb cil\u00ebt d\u00ebnimin e gjenocidit nuk e shohin si problem privat dhe institucional, por si nj\u00eb justifikim p\u00ebr mos ta b\u00ebr\u00eb k\u00ebt\u00eb. Kjo m\u00eb forcon mendimin se Rezoluta \u00ebsht\u00eb p\u00ebrdorur p\u00ebr p\u00ebrleshje t\u00eb brendshme politike n\u00eb vendin tuaj. P\u00ebr t\u00eb qen\u00eb e drejtp\u00ebrdrejt\u00eb, p\u00ebrshtypja e par\u00eb q\u00eb m\u00eb \u00ebsht\u00eb imponuar, por q\u00eb i imponohet edhe mbar\u00eb opinionit publik, \u00ebsht\u00eb se problemi q\u00ebndron n\u00eb faktin se propozimi ka ardhur nga partia opozitare\u201d, ka shkruar tutje deputetja.<\/p>\n<p>\u201cPo ju p\u00ebrkujtoi se askush nuk e ka penguar partin\u00eb e Juaj, q\u00eb t\u00eb propozoj\u00eb dhe miratoj\u00eb Rezolut\u00ebn, pasi e keni shumic\u00ebn n\u00eb Parlament. Ju nuk e keni b\u00ebr\u00eb k\u00ebt\u00eb, por p\u00ebrgjegj\u00ebsia morale dhe njer\u00ebzore dhe minimumi i arsyes politike, ka k\u00ebrkuar q\u00eb ta fusni n\u00eb rend dite edhe pse ka ardh\u00eb nga kund\u00ebrshtar\u00ebt e juaj. N\u00ebse kishit ndonj\u00eb mospajtim me p\u00ebrmbajtjen e saj, Parlamenti \u00ebsht\u00eb vendi ku duhej t\u00eb arrihej nj\u00eb konsensus i plot\u00eb lidhur me tekstin e Rezolut\u00ebs\u201d, ka vazhduar tutje n\u00eb letr\u00ebn e saj deputetja.<\/p>\n<p>Po ashtu, deputetja ka akuzuar Ram\u00ebn se ai mund ta ket\u00eb refuzuar rezolut\u00ebn edhe p\u00ebr shkak t\u00eb implikimit t\u00eb tij n\u00eb \u00e7\u00ebshtjen e Ballkanit t\u00eb Hapur, nj\u00eb projekt ku Rama bashk\u00ebpunon me presidentin serb, Aleksandar Vu\u00e7i\u00e7.<\/p>\n<p>\u201cP\u00ebrshtypja tjet\u00ebr e justifikuar, \u00ebsht\u00eb se e keni shtyr\u00eb Rezolut\u00ebn (e refuzuat?) p\u00ebr shkak t\u00eb planeve n\u00eb politik\u00ebn e jashtme t\u00eb Qeveris\u00eb Tuaj q\u00eb konsistojn\u00eb me Ballkanin e Hapur dhe negociatat me Aleksandar Vu\u00e7i\u00e7in. Ju keni obligim t\u00eb sqaroni se a ekziston p\u00ebr Ju ndonj\u00eb l\u00ebshim n\u00eb politik\u00ebn e jashtme q\u00eb vlen t\u00eb poshtroni viktimat e gjenocidit dhe n\u00ebse po, p\u00ebr \u00e7far\u00eb b\u00ebhet fjal\u00eb. Dua t\u00eb besoj se nuk \u00ebsht\u00eb k\u00ebshtu. Ajo, q\u00eb \u00ebsht\u00eb e r\u00ebnd\u00ebsishme t\u00eb dini, dhe ajo q\u00eb ju duket se nuk jeni n\u00eb dijeni, \u00ebsht\u00eb se d\u00ebnimi institucional i gjenocidit t\u00eb Srebrenic\u00ebs \u00ebsht\u00eb nj\u00eb element koheziv i t\u00eb gjitha forcave n\u00eb mbrojtje t\u00eb vlerave demokratike dhe t\u00eb arritjeve m\u00eb t\u00eb m\u00ebdha t\u00eb qytet\u00ebrimit modern. N\u00eb an\u00ebn e kund\u00ebrt, jan\u00eb forcat e udh\u00ebhequra nga Rusia. N\u00eb kontekstin e agresionit t\u00eb tyre n\u00eb Ukrain\u00eb dhe mund\u00ebsin\u00eb e nj\u00eb gjenocidi t\u00eb ri n\u00eb Evrop\u00eb, kjo nuk \u00ebsht\u00eb m\u00eb vet\u00ebm nj\u00eb ndarje vlerash,por edhe nj\u00eb ndarje blloku dhe llogore. Gjenocidi n\u00eb Srebrenic\u00eb \u00ebsht\u00eb vendi q\u00eb e pozicionon Shqip\u00ebrin\u00eb n\u00eb at\u00eb ndarje m\u00eb shum\u00eb se \u00e7do gj\u00eb tjet\u00ebr\u201d, thuhet n\u00eb letr\u00ebn e deputetes.<\/p>\n<p>Cudi\u00e7 shkon tutje, duke i th\u00ebn\u00eb Ram\u00ebs se ajo d\u00ebshiron q\u00eb Shqip\u00ebria t\u00eb jet\u00eb me Per\u00ebndimin dhe ajo aty ku ishte n\u00eb koh\u00ebn e Enver Hoxh\u00ebs.<\/p>\n<p>\u201cP\u00ebr respektin tim t\u00eb madh p\u00ebr popullin shqiptar, d\u00ebshiroj q\u00eb Shqip\u00ebria t\u00eb jet\u00eb me Per\u00ebndimin dhe jo aty ku ishte n\u00eb koh\u00ebn e Enver Hoxh\u00ebs. P\u00ebrgjegj\u00ebsia q\u00eb keni ndaj popullit tuaj do t\u00eb vendos\u00eb p\u00ebr k\u00ebt\u00eb, dhe kjo reflektohet edhe n\u00eb p\u00ebrgjegj\u00ebsin\u00eb tuaj ndaj popullit t\u00eb Bosnj\u00eb-Hercegovin\u00ebs, ve\u00e7an\u00ebrisht ndaj 8372 viktimave t\u00eb gjenocidit dhe t\u00eb gjith\u00eb atyre q\u00eb ishin n\u00eb lidhje familjare dhe miq\u00ebsore. Shpresoj q\u00eb Rezoluta p\u00ebr d\u00ebnimin e viktimave t\u00eb Sreb\u00ebrnic\u00ebs do t\u00eb aprovohet pa p\u00ebrjashtim nga t\u00eb gjith\u00eb deputet\u00ebt n\u00eb Kuvendin e Shqip\u00ebris\u00eb n\u00eb seac\u00ebn e korrikut. P\u00ebrgjigjet tuaja t\u00eb sinqerta, n\u00eb pyetjet q\u00eb ju kam parashtruar, padyshim do t\u00eb kontribuojn\u00eb n\u00eb marr\u00ebdh\u00ebniet nd\u00ebrmjet Bosnje-Hercegovin\u00ebs dhe Shqip\u00ebris\u00eb, q\u00eb do t\u00eb mbeten miq\u00ebsore edhe n\u00eb planin politik. N\u00eb nivelin e marr\u00ebdh\u00ebnieve nd\u00ebrmjet qytetar\u00ebve tan\u00eb, ato asnj\u00ebher\u00eb nuk jan\u00eb v\u00ebn\u00eb n\u00eb dyshim\u201d, thuhet n\u00eb fund.<\/p>\n","protected":false},"excerpt":{"rendered":"<p>Pas refuzimit t\u00eb mazhoranc\u00ebs socialiste p\u00ebr ta votuar n\u00eb parlament nj\u00eb rezolut\u00eb q\u00eb do t\u2019i d\u00ebnonte krimet gjenocidiale t\u00eb Serbis\u00eb n\u00eb Srebrenic\u00eb t\u00eb Bosnj\u00eb Hercegovin\u00ebs, deputetja boshnjake, Sabina Cudi\u00e7, i ka d\u00ebrguar nj\u00eb let\u00ebr kryeministrit Edi Rama. N\u00eb letr\u00ebn e saj, deputetja Cudi\u00e7 ka pyetur Ram\u00ebn p\u00ebr arsyet e refuzimit t\u00eb rezolut\u00ebs dhe ka hipotetizuar &hellip;<\/p>\n","protected":false},"author":4,"featured_media":12356,"comment_status":"open","ping_status":"open","sticky":false,"template":"","format":"standard","meta":{"footnotes":""},"categories":[40],"tags":[],"class_list":["post-12355","post","type-post","status-publish","format-standard","has-post-thumbnail","","category-aktualitet"],"_links":{"self":[{"href":"https:\/\/rdnews.al\/index.php\/wp-json\/wp\/v2\/posts\/12355","targetHints":{"allow":["GET"]}}],"collection":[{"href":"https:\/\/rdnews.al\/index.php\/wp-json\/wp\/v2\/posts"}],"about":[{"href":"https:\/\/rdnews.al\/index.php\/wp-json\/wp\/v2\/types\/post"}],"author":[{"embeddable":true,"href":"https:\/\/rdnews.al\/index.php\/wp-json\/wp\/v2\/users\/4"}],"replies":[{"embeddable":true,"href":"https:\/\/rdnews.al\/index.php\/wp-json\/wp\/v2\/comments?post=12355"}],"version-history":[{"count":0,"href":"https:\/\/rdnews.al\/index.php\/wp-json\/wp\/v2\/posts\/12355\/revisions"}],"wp:featuredmedia":[{"embeddable":true,"href":"https:\/\/rdnews.al\/index.php\/wp-json\/wp\/v2\/media\/12356"}],"wp:attachment":[{"href":"https:\/\/rdnews.al\/index.php\/wp-json\/wp\/v2\/media?parent=12355"}],"wp:term":[{"taxonomy":"category","embeddable":true,"href":"https:\/\/rdnews.al\/index.php\/wp-json\/wp\/v2\/categories?post=12355"},{"taxonomy":"post_tag","embeddable":true,"href":"https:\/\/rdnews.al\/index.php\/wp-json\/wp\/v2\/tags?post=12355"}],"curies":[{"name":"wp","href":"https:\/\/api.w.org\/{rel}","templated":true}]}}