{"id":123558,"date":"2025-09-18T09:48:51","date_gmt":"2025-09-18T09:48:51","guid":{"rendered":"https:\/\/rdnews.al\/?p=123558"},"modified":"2025-09-18T09:48:51","modified_gmt":"2025-09-18T09:48:51","slug":"berisha-fton-deputetet-te-kalojme-ne-veprime-duhet-te-pergjigjemi-ne-menyren-me-te-fuqishme","status":"publish","type":"post","link":"https:\/\/rdnews.al\/index.php\/2025\/09\/18\/berisha-fton-deputetet-te-kalojme-ne-veprime-duhet-te-pergjigjemi-ne-menyren-me-te-fuqishme\/","title":{"rendered":"Berisha fton deputet\u00ebt: T\u00eb kalojm\u00eb n\u00eb veprime, duhet t\u00eb p\u00ebrgjigjemi n\u00eb m\u00ebnyr\u00ebn m\u00eb t\u00eb fuqishme!"},"content":{"rendered":"<p>Kryetari i PD, Sali Berisha tha n\u00eb mbledhjen e grupit parlamentar ftoi deput\u00ebt t\u00eb kalojn\u00eb n\u00eb veprime pasi duhet t\u00eb p\u00ebrgjigjemi n\u00eb m\u00ebnyr\u00ebn m\u00eb t\u00eb fuqishme!<\/p>\n<p>Berisha u shpreh se, n\u00eb bashk\u00ebfaj\u00ebsi t\u00eb plot\u00eb me Ram\u00ebn \u00ebsht\u00eb edhe presidenti\u00a0i Republik\u00ebs q\u00eb i dha lev\u00ebn p\u00ebr k\u00ebt\u00eb q\u00ebllim.<\/p>\n<p>\u201cNdaj t\u00eb nderuar deputet\u00eb, ne duhet t\u00eb kalojm\u00eb n\u00eb veprime, veprime dhe vet\u00ebm veprime.<\/p>\n<p>Ai nuk humbi koh\u00eb ndaj nesh, ai tregoi fytyr\u00ebn e tij, ne do tregojm\u00eb betej\u00ebn ton\u00eb p\u00ebr t\u00eb drejt\u00ebn, p\u00ebr Kushtetut\u00ebn, p\u00ebr parlamentin, p\u00ebr qytetarin.<\/p>\n<p>Kjo mbledhje sigurisht q\u00eb \u00ebsht\u00eb emergjente, e jasht\u00ebzakonshme sepse situata \u00ebsht\u00eb e jasht\u00ebzakonshme.<\/p>\n<p>Asnj\u00ebri nga ne, asnj\u00eb shqiptar nuk do p\u00ebrfytyronte se ky bastard i xhelat\u00ebve komunist\u00eb, mund t\u00eb sillej ndaj Kushtetut\u00ebs dhe parlamentit n\u00eb k\u00ebt\u00eb m\u00ebnyr\u00eb.<\/p>\n<p>K\u00ebshtu q\u00eb un\u00eb u ftoj ju t\u00eb diskutojm\u00eb, t\u00eb vendosim bashk\u00ebrisht p\u00ebr p\u00ebrgjigjen q\u00eb do t\u2019i japim k\u00ebtij akti t\u00eb pashembullt.<\/p>\n<p>K\u00ebtij akti q\u00eb tejkalon edhe imagjinat\u00ebn m\u00eb t\u00eb s\u00ebmur\u00eb, p\u00ebrve\u00e7 imagjinat\u00ebs s\u00eb tij, i cili k\u00ebt\u00eb e kishte t\u00eb p\u00ebrgatitur, sepse e paralajm\u00ebroi disa her\u00eb q\u00eb do votojm\u00eb po nuk d\u00ebgjuat Diell\u00ebn.<\/p>\n<p>K\u00ebtu kemi t\u00eb b\u00ebjm\u00eb me nj\u00eb kompleks, me nj\u00eb konglomerat.<\/p>\n<p>N\u00eb bashk\u00ebfaj\u00ebsi t\u00eb plot\u00eb me t\u00eb \u00ebsht\u00eb presidenti i Republik\u00ebs q\u00eb i dha lev\u00ebn p\u00ebr k\u00ebt\u00eb q\u00ebllim.<\/p>\n<p>Droga \u00ebsht\u00eb kryefjala e k\u00ebtij regjimi n\u00eb \u00e7do an\u00eb, por ne duhet t\u00eb marrim vendimet tona.<\/p>\n<p>Ne jemi para nj\u00eb fakti t\u00eb paprecedent dhe ne duhet t\u2019i p\u00ebrgjigjemi me \u00e7do kusht n\u00eb m\u00ebnyr\u00ebn m\u00eb t\u00eb fuqishme, me veprime, k\u00ebtij akti t\u00eb sot\u00ebm\u201d, u shpreh Berisha.<\/p>\n","protected":false},"excerpt":{"rendered":"<p>Kryetari i PD, Sali Berisha tha n\u00eb mbledhjen e grupit parlamentar ftoi deput\u00ebt t\u00eb kalojn\u00eb n\u00eb veprime pasi duhet t\u00eb p\u00ebrgjigjemi n\u00eb m\u00ebnyr\u00ebn m\u00eb t\u00eb fuqishme! Berisha u shpreh se, n\u00eb bashk\u00ebfaj\u00ebsi t\u00eb plot\u00eb me Ram\u00ebn \u00ebsht\u00eb edhe presidenti\u00a0i Republik\u00ebs q\u00eb i dha lev\u00ebn p\u00ebr k\u00ebt\u00eb q\u00ebllim. \u201cNdaj t\u00eb nderuar deputet\u00eb, ne duhet t\u00eb kalojm\u00eb &hellip;<\/p>\n","protected":false},"author":4,"featured_media":123542,"comment_status":"closed","ping_status":"closed","sticky":false,"template":"","format":"standard","meta":{"footnotes":""},"categories":[37],"tags":[],"class_list":["post-123558","post","type-post","status-publish","format-standard","has-post-thumbnail","","category-politike"],"_links":{"self":[{"href":"https:\/\/rdnews.al\/index.php\/wp-json\/wp\/v2\/posts\/123558","targetHints":{"allow":["GET"]}}],"collection":[{"href":"https:\/\/rdnews.al\/index.php\/wp-json\/wp\/v2\/posts"}],"about":[{"href":"https:\/\/rdnews.al\/index.php\/wp-json\/wp\/v2\/types\/post"}],"author":[{"embeddable":true,"href":"https:\/\/rdnews.al\/index.php\/wp-json\/wp\/v2\/users\/4"}],"replies":[{"embeddable":true,"href":"https:\/\/rdnews.al\/index.php\/wp-json\/wp\/v2\/comments?post=123558"}],"version-history":[{"count":1,"href":"https:\/\/rdnews.al\/index.php\/wp-json\/wp\/v2\/posts\/123558\/revisions"}],"predecessor-version":[{"id":123559,"href":"https:\/\/rdnews.al\/index.php\/wp-json\/wp\/v2\/posts\/123558\/revisions\/123559"}],"wp:featuredmedia":[{"embeddable":true,"href":"https:\/\/rdnews.al\/index.php\/wp-json\/wp\/v2\/media\/123542"}],"wp:attachment":[{"href":"https:\/\/rdnews.al\/index.php\/wp-json\/wp\/v2\/media?parent=123558"}],"wp:term":[{"taxonomy":"category","embeddable":true,"href":"https:\/\/rdnews.al\/index.php\/wp-json\/wp\/v2\/categories?post=123558"},{"taxonomy":"post_tag","embeddable":true,"href":"https:\/\/rdnews.al\/index.php\/wp-json\/wp\/v2\/tags?post=123558"}],"curies":[{"name":"wp","href":"https:\/\/api.w.org\/{rel}","templated":true}]}}