{"id":123560,"date":"2025-09-18T09:57:52","date_gmt":"2025-09-18T09:57:52","guid":{"rendered":"https:\/\/rdnews.al\/?p=123560"},"modified":"2025-09-18T09:57:52","modified_gmt":"2025-09-18T09:57:52","slug":"ne-krye-te-spak-nje-duman-me-fustan","status":"publish","type":"post","link":"https:\/\/rdnews.al\/index.php\/2025\/09\/18\/ne-krye-te-spak-nje-duman-me-fustan\/","title":{"rendered":"N\u00eb krye t\u00eb SPAK, nj\u00eb Duman me fustan!"},"content":{"rendered":"<div class=\"xdj266r x14z9mp xat24cr x1lziwak x1vvkbs x126k92a\">\n<div dir=\"auto\"><strong>Nga Adriana KALAJA<\/strong><\/div>\n<div dir=\"auto\"><\/div>\n<div dir=\"auto\">K\u00ebshilli i Lart\u00eb i Prokuroris\u00eb dje, &#8220;hapi gar\u00ebn&#8221; <span class=\"html-span xexx8yu xyri2b x18d9i69 x1c1uobl x1hl2dhg x16tdsg8 x1vvkbs x3nfvp2 x1j61x8r x1fcty0u xdj266r xat24cr xm2jcoa x1mpyi22 xxymvpz xlup9mm x1kky2od\"><img loading=\"lazy\" decoding=\"async\" class=\"xz74otr x15mokao x1ga7v0g x16uus16 xbiv7yw\" src=\"https:\/\/static.xx.fbcdn.net\/images\/emoji.php\/v9\/t4c\/1\/16\/1f642.png\" alt=\"\ud83d\ude42\" width=\"16\" height=\"16\" \/><\/span> p\u00ebr Kreun e SPAK, nga ku jan\u00eb paraqitur disa kandidatura.<\/div>\n<\/div>\n<div class=\"x14z9mp xat24cr x1lziwak x1vvkbs xtlvy1s x126k92a\">\n<div dir=\"auto\">Nd\u00ebrkoh\u00eb, Padishahu i Surrelit ka koh\u00eb q\u00eb e ka em\u00ebruar Drejtuesin e SPAK.<\/div>\n<div dir=\"auto\">S\u00ebrish nj\u00eb Duman, por k\u00ebt\u00eb her\u00eb me fustan.<\/div>\n<div dir=\"auto\">Anita Jella.<\/div>\n<div dir=\"auto\">Madje q\u00eb kur e em\u00ebroi n\u00eb SPAK, me partnerin e tij t\u00eb bindur e p\u00ebrulur, KPL.<\/div>\n<div dir=\"auto\">Pse e them k\u00ebt\u00eb?<\/div>\n<div dir=\"auto\">S\u00eb pari, t\u00eb gjith\u00eb n\u00eb Sistemin e Drejt\u00ebsis\u00eb e njohin si &#8220;mbesa&#8221; e Uluziut.<\/div>\n<div dir=\"auto\">S\u00eb dyti, modeli i hetimeve, do t\u00eb jet\u00eb i nj\u00ebjt\u00eb, luft\u00eb pa kompromis Opozit\u00ebs dhe Krer\u00ebve t\u00eb saj.<\/div>\n<div dir=\"auto\">S\u00eb treti, parimet e drejt\u00ebsis\u00eb, do vijojn\u00eb t\u00eb z\u00ebv\u00ebnd\u00ebsohen me urdh\u00ebra politik\u00eb, me fokus kryesor, konsolidimin e regjimit t\u00eb Padishahut t\u00eb Surrelit.<\/div>\n<div dir=\"auto\">Jo m\u00eb kot, mori vendim &#8220;mosfillimi&#8221; t\u00eb procedimit penal kundra Padishahut dhe Lind\u00ebs me 3 mbiemra, bashk\u00eb me Iren\u00ebn me 3 mbiemra, p\u00ebr tok\u00ebn n\u00eb Surrel, kur kishin kaluar 11 muaj nga depozitimi i kall\u00ebzimit.<\/div>\n<div dir=\"auto\">E solla k\u00ebt\u00eb status se fillova t\u00eb qesh kur lexova se KLP kishte &#8220;hapur gar\u00ebn&#8221; <span class=\"html-span xexx8yu xyri2b x18d9i69 x1c1uobl x1hl2dhg x16tdsg8 x1vvkbs x3nfvp2 x1j61x8r x1fcty0u xdj266r xat24cr xm2jcoa x1mpyi22 xxymvpz xlup9mm x1kky2od\"><img loading=\"lazy\" decoding=\"async\" class=\"xz74otr x15mokao x1ga7v0g x16uus16 xbiv7yw\" src=\"https:\/\/static.xx.fbcdn.net\/images\/emoji.php\/v9\/t57\/1\/16\/1f609.png\" alt=\"\ud83d\ude09\" width=\"16\" height=\"16\" \/><\/span> p\u00ebr Kreun e SPAK.<\/div>\n<div dir=\"auto\">Pastaj, kur pash\u00eb reagimin e ambasador\u00ebve, pas asaj q\u00eb e kan\u00eb par\u00eb vet\u00eb se \u00e7far\u00eb \u00ebsht\u00eb b\u00ebr\u00eb me Reform\u00ebn n\u00eb Drejt\u00ebsi dhe abuzimin me fondet e BE dhe SHBA, i&#8221;a nisa t\u00eb qesh me lot.<\/div>\n<div dir=\"auto\">N\u00eb fakt, qesha se nuk qaja dot, do thonte populli sudedash\u00ebs.<\/div>\n<div dir=\"auto\">Gjithsesi, Ju ruajeni k\u00ebt\u00eb status se nuk i dihet <span class=\"html-span xexx8yu xyri2b x18d9i69 x1c1uobl x1hl2dhg x16tdsg8 x1vvkbs x3nfvp2 x1j61x8r x1fcty0u xdj266r xat24cr xm2jcoa x1mpyi22 xxymvpz xlup9mm x1kky2od\"><img loading=\"lazy\" decoding=\"async\" class=\"xz74otr x15mokao x1ga7v0g x16uus16 xbiv7yw\" src=\"https:\/\/static.xx.fbcdn.net\/images\/emoji.php\/v9\/t57\/1\/16\/1f609.png\" alt=\"\ud83d\ude09\" width=\"16\" height=\"16\" \/><\/span><\/div>\n<div dir=\"auto\">Ja kshu kshu.<\/div>\n<div dir=\"auto\">Ta g\u00ebzojm\u00eb Dimanin me fustan.<\/div>\n<\/div>\n<div class=\"x14z9mp xat24cr x1lziwak x1vvkbs xtlvy1s x126k92a\">\n<div dir=\"auto\">PS: Nuk di deri kur do i fsheh\u00eb t\u00eb dh\u00ebnat kriminale p\u00ebr bashk\u00ebshortin, por Ju e dini q\u00eb un\u00eb kam dh\u00ebn\u00eb proca se i \u00e7oj gj\u00ebrat deri n\u00eb fund.<\/div>\n<div dir=\"auto\"><\/div>\n<\/div>\n<div dir=\"auto\"><img loading=\"lazy\" decoding=\"async\" class=\"alignnone size-medium wp-image-123561\" src=\"https:\/\/rdnews.al\/wp-content\/uploads\/2025\/09\/sss-300x254.png\" alt=\"\" width=\"300\" height=\"254\" srcset=\"https:\/\/rdnews.al\/wp-content\/uploads\/2025\/09\/sss-300x254.png 300w, https:\/\/rdnews.al\/wp-content\/uploads\/2025\/09\/sss.png 568w\" sizes=\"auto, (max-width: 300px) 100vw, 300px\" \/><\/div>\n","protected":false},"excerpt":{"rendered":"<p>Nga Adriana KALAJA K\u00ebshilli i Lart\u00eb i Prokuroris\u00eb dje, &#8220;hapi gar\u00ebn&#8221; p\u00ebr Kreun e SPAK, nga ku jan\u00eb paraqitur disa kandidatura. Nd\u00ebrkoh\u00eb, Padishahu i Surrelit ka koh\u00eb q\u00eb e ka em\u00ebruar Drejtuesin e SPAK. S\u00ebrish nj\u00eb Duman, por k\u00ebt\u00eb her\u00eb me fustan. Anita Jella. Madje q\u00eb kur e em\u00ebroi n\u00eb SPAK, me partnerin e tij &hellip;<\/p>\n","protected":false},"author":4,"featured_media":67658,"comment_status":"closed","ping_status":"closed","sticky":false,"template":"","format":"standard","meta":{"footnotes":""},"categories":[37],"tags":[],"class_list":["post-123560","post","type-post","status-publish","format-standard","has-post-thumbnail","","category-politike"],"_links":{"self":[{"href":"https:\/\/rdnews.al\/index.php\/wp-json\/wp\/v2\/posts\/123560","targetHints":{"allow":["GET"]}}],"collection":[{"href":"https:\/\/rdnews.al\/index.php\/wp-json\/wp\/v2\/posts"}],"about":[{"href":"https:\/\/rdnews.al\/index.php\/wp-json\/wp\/v2\/types\/post"}],"author":[{"embeddable":true,"href":"https:\/\/rdnews.al\/index.php\/wp-json\/wp\/v2\/users\/4"}],"replies":[{"embeddable":true,"href":"https:\/\/rdnews.al\/index.php\/wp-json\/wp\/v2\/comments?post=123560"}],"version-history":[{"count":1,"href":"https:\/\/rdnews.al\/index.php\/wp-json\/wp\/v2\/posts\/123560\/revisions"}],"predecessor-version":[{"id":123562,"href":"https:\/\/rdnews.al\/index.php\/wp-json\/wp\/v2\/posts\/123560\/revisions\/123562"}],"wp:featuredmedia":[{"embeddable":true,"href":"https:\/\/rdnews.al\/index.php\/wp-json\/wp\/v2\/media\/67658"}],"wp:attachment":[{"href":"https:\/\/rdnews.al\/index.php\/wp-json\/wp\/v2\/media?parent=123560"}],"wp:term":[{"taxonomy":"category","embeddable":true,"href":"https:\/\/rdnews.al\/index.php\/wp-json\/wp\/v2\/categories?post=123560"},{"taxonomy":"post_tag","embeddable":true,"href":"https:\/\/rdnews.al\/index.php\/wp-json\/wp\/v2\/tags?post=123560"}],"curies":[{"name":"wp","href":"https:\/\/api.w.org\/{rel}","templated":true}]}}