{"id":123571,"date":"2025-09-18T10:41:30","date_gmt":"2025-09-18T10:41:30","guid":{"rendered":"https:\/\/rdnews.al\/?p=123571"},"modified":"2025-09-18T10:41:30","modified_gmt":"2025-09-18T10:41:30","slug":"alimehmeti-publikon-dokumentin-skandaloz-ja-kush-do-te-na-qeverise","status":"publish","type":"post","link":"https:\/\/rdnews.al\/index.php\/2025\/09\/18\/alimehmeti-publikon-dokumentin-skandaloz-ja-kush-do-te-na-qeverise\/","title":{"rendered":"Alimehmeti publikon dokumentin skandaloz: Ja kush do t\u00eb na qeveris\u00eb!"},"content":{"rendered":"<p>Ilir Alimehmeti, an\u00ebtar i K\u00ebshillit Komb\u00ebtar t\u00eb PD dhe k\u00ebshillit bashkiak t\u00eb Tiran\u00ebs ka publikuar nw faqen e tij n\u00eb Facebook nj\u00eb foto t\u00eb shtyll\u00ebs s\u00eb \u201cqeverisjes\u201d s\u00eb re, ku vihet re nj\u00eb gabim skandaloz! Data e zgjedhjeve \u00ebsht\u00eb shkruar \u201c12 maj\u201d, nd\u00ebrkoh\u00eb q\u00eb ato u mbajt\u00ebn m\u00eb 11 maj.<\/p>\n<p>Alimehmeti shkruan me ironin\u00eb: \u201cJa kush do t\u00eb na qeveris\u00eb\u201d!<\/p>\n<div class=\"readmore-text-here\">\n<p><img decoding=\"async\" src=\"https:\/\/www.syri.net\/uploads\/syri.net\/images\/2025\/September\/18\/auto_Screenshot_151758189318.jpg\" alt=\"Image\" \/><\/p>\n<\/div>\n<div id=\"rekl-45\"><\/div>\n<div id=\"rekl-16\"><\/div>\n<div id=\"rekl-33\"><\/div>\n","protected":false},"excerpt":{"rendered":"<p>Ilir Alimehmeti, an\u00ebtar i K\u00ebshillit Komb\u00ebtar t\u00eb PD dhe k\u00ebshillit bashkiak t\u00eb Tiran\u00ebs ka publikuar nw faqen e tij n\u00eb Facebook nj\u00eb foto t\u00eb shtyll\u00ebs s\u00eb \u201cqeverisjes\u201d s\u00eb re, ku vihet re nj\u00eb gabim skandaloz! Data e zgjedhjeve \u00ebsht\u00eb shkruar \u201c12 maj\u201d, nd\u00ebrkoh\u00eb q\u00eb ato u mbajt\u00ebn m\u00eb 11 maj. Alimehmeti shkruan me ironin\u00eb: \u201cJa &hellip;<\/p>\n","protected":false},"author":4,"featured_media":36722,"comment_status":"closed","ping_status":"closed","sticky":false,"template":"","format":"standard","meta":{"footnotes":""},"categories":[37],"tags":[],"class_list":["post-123571","post","type-post","status-publish","format-standard","has-post-thumbnail","","category-politike"],"_links":{"self":[{"href":"https:\/\/rdnews.al\/index.php\/wp-json\/wp\/v2\/posts\/123571","targetHints":{"allow":["GET"]}}],"collection":[{"href":"https:\/\/rdnews.al\/index.php\/wp-json\/wp\/v2\/posts"}],"about":[{"href":"https:\/\/rdnews.al\/index.php\/wp-json\/wp\/v2\/types\/post"}],"author":[{"embeddable":true,"href":"https:\/\/rdnews.al\/index.php\/wp-json\/wp\/v2\/users\/4"}],"replies":[{"embeddable":true,"href":"https:\/\/rdnews.al\/index.php\/wp-json\/wp\/v2\/comments?post=123571"}],"version-history":[{"count":1,"href":"https:\/\/rdnews.al\/index.php\/wp-json\/wp\/v2\/posts\/123571\/revisions"}],"predecessor-version":[{"id":123572,"href":"https:\/\/rdnews.al\/index.php\/wp-json\/wp\/v2\/posts\/123571\/revisions\/123572"}],"wp:featuredmedia":[{"embeddable":true,"href":"https:\/\/rdnews.al\/index.php\/wp-json\/wp\/v2\/media\/36722"}],"wp:attachment":[{"href":"https:\/\/rdnews.al\/index.php\/wp-json\/wp\/v2\/media?parent=123571"}],"wp:term":[{"taxonomy":"category","embeddable":true,"href":"https:\/\/rdnews.al\/index.php\/wp-json\/wp\/v2\/categories?post=123571"},{"taxonomy":"post_tag","embeddable":true,"href":"https:\/\/rdnews.al\/index.php\/wp-json\/wp\/v2\/tags?post=123571"}],"curies":[{"name":"wp","href":"https:\/\/api.w.org\/{rel}","templated":true}]}}