{"id":123573,"date":"2025-09-18T10:46:54","date_gmt":"2025-09-18T10:46:54","guid":{"rendered":"https:\/\/rdnews.al\/?p=123573"},"modified":"2025-09-18T10:46:54","modified_gmt":"2025-09-18T10:46:54","slug":"paloka-diktaturat-nuk-ikin-as-me-fjale-e-as-me-farsa-zgjedhore","status":"publish","type":"post","link":"https:\/\/rdnews.al\/index.php\/2025\/09\/18\/paloka-diktaturat-nuk-ikin-as-me-fjale-e-as-me-farsa-zgjedhore\/","title":{"rendered":"Paloka: Diktaturat nuk ikin as me fjal\u00eb e as me farsa zgjedhore!"},"content":{"rendered":"<p>Deputeti i PD, Edi Paloka, ka reaguar pas miratimit t\u00eb programit t\u00eb qeveris\u00eb nga Parlamenti n\u00eb vet\u00ebm pes\u00eb minuta.<\/p>\n<p>Paloka shkruan n\u00eb njw postim nw Facebook, veprimet e qeveris\u00eb jan\u00eb tregues i qeverisjes autoritare t\u00eb Ram\u00ebs dhe nevoja e opozit\u00ebs p\u00ebr veprime konkrete kund\u00ebr shkeljes s\u00eb ligjit dhe institucioneve.<\/p>\n<p>\u201cE shp\u00ebrndau sot \u2018mreti\u2019 Parlamentin! P\u00ebrfundimisht! Kemi 12 vjet q\u00eb denoncojm\u00eb skandalet, krimin, korrupsionin\u2026 E \u00e7far\u00eb ndryshon? Asgj\u00eb! Ata vazhdojn\u00eb t\u00eb vjedhin, t\u00eb shkatrrojn\u00eb, t\u00eb posht\u00ebrojn\u00eb, nuk njohin ligjet dhe Kushtetut\u00ebn q\u00eb vet\u00eb kan\u00eb votuar. Diktaturat nuk ikin as me fjal\u00eb e as me farsa zgjedhore!\u201d, shkruan Paloka.<\/p>\n","protected":false},"excerpt":{"rendered":"<p>Deputeti i PD, Edi Paloka, ka reaguar pas miratimit t\u00eb programit t\u00eb qeveris\u00eb nga Parlamenti n\u00eb vet\u00ebm pes\u00eb minuta. Paloka shkruan n\u00eb njw postim nw Facebook, veprimet e qeveris\u00eb jan\u00eb tregues i qeverisjes autoritare t\u00eb Ram\u00ebs dhe nevoja e opozit\u00ebs p\u00ebr veprime konkrete kund\u00ebr shkeljes s\u00eb ligjit dhe institucioneve. \u201cE shp\u00ebrndau sot \u2018mreti\u2019 Parlamentin! P\u00ebrfundimisht! &hellip;<\/p>\n","protected":false},"author":4,"featured_media":84399,"comment_status":"closed","ping_status":"closed","sticky":false,"template":"","format":"standard","meta":{"footnotes":""},"categories":[37],"tags":[],"class_list":["post-123573","post","type-post","status-publish","format-standard","has-post-thumbnail","","category-politike"],"_links":{"self":[{"href":"https:\/\/rdnews.al\/index.php\/wp-json\/wp\/v2\/posts\/123573","targetHints":{"allow":["GET"]}}],"collection":[{"href":"https:\/\/rdnews.al\/index.php\/wp-json\/wp\/v2\/posts"}],"about":[{"href":"https:\/\/rdnews.al\/index.php\/wp-json\/wp\/v2\/types\/post"}],"author":[{"embeddable":true,"href":"https:\/\/rdnews.al\/index.php\/wp-json\/wp\/v2\/users\/4"}],"replies":[{"embeddable":true,"href":"https:\/\/rdnews.al\/index.php\/wp-json\/wp\/v2\/comments?post=123573"}],"version-history":[{"count":1,"href":"https:\/\/rdnews.al\/index.php\/wp-json\/wp\/v2\/posts\/123573\/revisions"}],"predecessor-version":[{"id":123574,"href":"https:\/\/rdnews.al\/index.php\/wp-json\/wp\/v2\/posts\/123573\/revisions\/123574"}],"wp:featuredmedia":[{"embeddable":true,"href":"https:\/\/rdnews.al\/index.php\/wp-json\/wp\/v2\/media\/84399"}],"wp:attachment":[{"href":"https:\/\/rdnews.al\/index.php\/wp-json\/wp\/v2\/media?parent=123573"}],"wp:term":[{"taxonomy":"category","embeddable":true,"href":"https:\/\/rdnews.al\/index.php\/wp-json\/wp\/v2\/categories?post=123573"},{"taxonomy":"post_tag","embeddable":true,"href":"https:\/\/rdnews.al\/index.php\/wp-json\/wp\/v2\/tags?post=123573"}],"curies":[{"name":"wp","href":"https:\/\/api.w.org\/{rel}","templated":true}]}}