{"id":123575,"date":"2025-09-18T12:17:27","date_gmt":"2025-09-18T12:17:27","guid":{"rendered":"https:\/\/rdnews.al\/?p=123575"},"modified":"2025-09-18T12:17:27","modified_gmt":"2025-09-18T12:17:27","slug":"bardhi-ne-kuvend-ishte-nje-skenar-i-pergatitur-nga-rama-dhe-kukulla-e-tij-peleshi","status":"publish","type":"post","link":"https:\/\/rdnews.al\/index.php\/2025\/09\/18\/bardhi-ne-kuvend-ishte-nje-skenar-i-pergatitur-nga-rama-dhe-kukulla-e-tij-peleshi\/","title":{"rendered":"Bardhi: N\u00eb kuvend ishte nj\u00eb skenar i p\u00ebrgatitur nga Rama dhe kukulla e tij Peleshi"},"content":{"rendered":"<p>Kryetari i Grupit Parlamentar t\u00eb PD, Gazment Bardhi pas mbledjes tha p\u00ebr mediat se, n\u00eb kuvend ishte\u00a0nj\u00eb skenar i p\u00ebrgatitur nga Rama dhe kukulla e tij Peleshi. Ai tha se, n\u00eb asnj\u00eb moment deputet\u00ebt e opozit\u00ebs, nuk kan\u00eb penguar at\u00eb q\u00eb n\u00eb fakt ishte rendi i dit\u00ebs, prezantimi nga Kryeministri i Programit politik dhe i p\u00ebrb\u00ebrjes s\u00eb K\u00ebshillit t\u00eb Ministrave<strong>.<\/strong><\/p>\n<p>\u201cBrenda seanc\u00ebs plenare, sot opozita, t\u00eb gjith\u00eb deputet\u00ebt e opozit\u00ebs ishin p\u00ebrgatitur p\u00ebr t\u00eb zhvilluar nj\u00eb debat t\u00ebr\u00ebsisht konstruktiv n\u00eb seanc\u00eb plenare.<\/p>\n<p>Q\u00eb n\u00eb nisje t\u00eb seanc\u00ebs, gjat\u00eb fjal\u00ebs s\u00eb tij, kryeministri provokoi deputet\u00eb e opozit\u00ebs, duke i trajtuar ata si nx\u00ebn\u00ebs n\u00eb kopshtin e tij t\u00eb korrupsionit q\u00eb ose do t\u00eb silleshin si\u00e7 vendos ai ose ai do t\u00eb mbyllte dhe do ti vendoste ky\u00e7in, seanc\u00ebs plenare dhe kuvendit t\u00eb Shqip\u00ebris\u00eb. N\u00eb asnj\u00eb moment deputet\u00ebt e opozit\u00ebs, nuk kan\u00eb penguar at\u00eb q\u00eb n\u00eb fakt ishte rendi i dit\u00ebs, prezantimi nga Kryeministri i Programit politik dhe i p\u00ebrb\u00ebrjes s\u00eb K\u00ebshillit t\u00eb Ministrave. Ajo q\u00eb kam kontestuar n\u00eb p\u00ebrputhje me rregulloren dhe n\u00eb p\u00ebrputhje me kushtetut\u00ebn dhe brenda rregullave t\u00eb etik\u00ebs ka qen\u00eb sho\u00eb i propagand\u00ebs s\u00eb Kryeministrit me video me karton\u00eb dhe me lodra, a thua se salla e seancave plenare, \u00ebsht\u00eb dhoma e gjumit e Edi Ram\u00ebs. Salla e seancave plenare \u00ebsht\u00eb institucioni ky\u00e7 i shtetit shqiptar dhe rregullat e zhvillimit t\u00eb seanc\u00ebs plenare jan\u00eb t\u00eb detyrueshme, p\u00ebr tu zbatuar nga cilido.<\/p>\n<p>Dhe pasi opozita ka kund\u00ebrshtuar ate q\u00eb po ndodhte, pra prezantimi i videove arg\u00ebtuese, ai mund t\u00eb arg\u00ebtohet ne dark\u00eb me Lind\u00ebn, duke para video, por n\u00eb sall\u00ebn e seancave plenare do t\u00eb duhet te sillet brenda rregullave t\u00eb kuvendit t\u00eb Shqip\u00ebris\u00eb t\u00eb prezantonte programin politik, t\u00eb prezantonte p\u00ebrb\u00ebrjen e an\u00ebtar\u00ebve t\u00eb K\u00ebshillit t\u00eb Ministrave dhe m\u00eb pas secili prej nesh, besoj edhe deputet\u00ebt e mazhoranc\u00ebs, edhe pse pjesa d\u00ebrrmuese jan\u00eb analfabet\u00eb ishim p\u00ebrgatitur p\u00ebr t\u00eb zhvilluar debat konstruktiv parlamentar. Ai ishte nj\u00eb skenar i p\u00ebrgatitur. Edi Rama nuk do ti diktoj\u00eb kurr\u00eb sjelljen opozit\u00ebs, nuk do ti mbyll\u00eb dot kurr\u00eb goj\u00ebn opozit\u00ebs n\u00eb Kuvendin e Shqip\u00ebris\u00eb dhe do duhet t\u00eb respektonte kushtetut\u00ebn dhe solemnitetin e nj\u00eb seance q\u00eb \u00ebsht\u00eb e vetmja q\u00eb rendin e dit\u00ebs e ka t\u00eb p\u00ebrcaktuar drejtp\u00ebrs\u00ebdrejti nga Kushtetuta.<\/p>\n<p>Si\u00e7 ju e pat\u00eb, gjat\u00eb fjal\u00ebs s\u00eb kryeministrit, Kryetari i Kuvendit, nj\u00eb kukull e komanduar nga Klodian Zoto dhe Edi Rama i dha dy her\u00eb fjal\u00ebn p\u00ebr t\u00eb b\u00ebr\u00eb propozime, kryetarit t\u00eb grupit parlamentar t\u00eb PS. Nd\u00ebrkoh\u00eb q\u00eb sipas rregullores p\u00ebr \u00e7do propozim ka t\u00eb drejt\u00ebn e fjal\u00ebs nj\u00eb fol\u00ebs pro dhe nj\u00eb fol\u00ebs kund\u00ebr. Dhe n\u00eb em\u00ebr t\u00eb grupit parlamentar kemi k\u00ebrkuar dy her\u00eb fjal\u00ebn p\u00ebr t\u00eb shprehur q\u00ebndrimin ton\u00eb p\u00ebr propozimin e deputet\u00ebve t\u00eb mazhoranc\u00ebs. Dhe na \u00ebsht\u00eb mohuar e drejta e fjal\u00ebs. Dhe ta nis\u00ebsh seanc\u00ebn e dyt\u00eb p\u00ebrs\u00ebri me shkelje t\u00eb kushtetut\u00ebs, me shkelje t\u00eb rregullores, me dhunim t\u00eb t\u00eb drejtave t\u00eb deputet\u00ebve t\u00eb opozit\u00ebs n\u00eb sall\u00eb, k\u00ebt\u00eb mund ta b\u00ebj\u00eb vet\u00ebm kukulla e Klodian Zotos. Nj\u00eb njeri q\u00eb \u00ebsht\u00eb marr\u00eb peng nga Edi Rama, prandaj \u00ebsht\u00eb v\u00ebn\u00eb kryetar kuvendi, p\u00ebr shkaka t\u00eb lidhjeve t\u00eb tij t\u00eb hershme me korrupsionin me Klodian Zoton.<\/p>\n<p>S\u00eb pari ne k\u00ebrkojm\u00eb p\u00ebrs\u00ebritjen e seanc\u00ebs, solemne kushtetuese parlamentare, t\u00eb paraqitjes s\u00eb programit politik dhe t\u00eb p\u00ebrb\u00ebrjes s\u00eb K\u00ebshillit t\u00eb ministrave. S\u00eb dyti i b\u00ebjm\u00eb thirrje Presidentit t\u00eb Republik\u00ebs t\u00eb marr\u00eb gjith\u00eb praktik\u00ebn parlamentare t\u00eb asaj q\u00eb ndodhi p\u00ebr t\u00eb konstatuar q\u00eb votimi \u00ebsht\u00eb t\u00ebr\u00ebsisht antikushtetues, sepse \u00ebsht\u00eb kryer jasht\u00eb rregullave t\u00eb caktuara nga kushtetuta dhe nga rregullorja e Kuvendit. Dhe t\u00eb mos th\u00ebrras\u00eb p\u00ebr betim an\u00ebtar\u00ebt e propozuar t\u00eb K\u00ebshillit t\u00eb Ministrave, pa patur nj\u00eb procedur\u00eb korrekte parlamentare ashtu si\u00e7 kushtetuta dhe rregullorja e cakton.<\/p>\n<p>Dhe s\u00eb treti Grupi Parlamentar i PD ka vendosur, nisjen e procedurave parlamentare t\u00eb shkarkimit p\u00ebr kryetarin e Kuvendit Niko Peleshi. P\u00ebr shkak se nuk \u00ebsht\u00eb kryetar Kuvendi, \u00ebsht\u00eb nj\u00eb kukull q\u00eb urdh\u00ebrohet nga Edi Rama dhe \u00ebsht\u00eb nj\u00eb njeri i marr\u00eb peng p\u00ebr shkak t\u00eb aferave t\u00eb tij. K\u00ebto ishin tre vendimet e Grupit Parlamentar\u201d, tha Bardhi.<\/p>\n","protected":false},"excerpt":{"rendered":"<p>Kryetari i Grupit Parlamentar t\u00eb PD, Gazment Bardhi pas mbledjes tha p\u00ebr mediat se, n\u00eb kuvend ishte\u00a0nj\u00eb skenar i p\u00ebrgatitur nga Rama dhe kukulla e tij Peleshi. Ai tha se, n\u00eb asnj\u00eb moment deputet\u00ebt e opozit\u00ebs, nuk kan\u00eb penguar at\u00eb q\u00eb n\u00eb fakt ishte rendi i dit\u00ebs, prezantimi nga Kryeministri i Programit politik dhe i &hellip;<\/p>\n","protected":false},"author":4,"featured_media":123576,"comment_status":"closed","ping_status":"closed","sticky":false,"template":"","format":"standard","meta":{"footnotes":""},"categories":[37],"tags":[],"class_list":["post-123575","post","type-post","status-publish","format-standard","has-post-thumbnail","","category-politike"],"_links":{"self":[{"href":"https:\/\/rdnews.al\/index.php\/wp-json\/wp\/v2\/posts\/123575","targetHints":{"allow":["GET"]}}],"collection":[{"href":"https:\/\/rdnews.al\/index.php\/wp-json\/wp\/v2\/posts"}],"about":[{"href":"https:\/\/rdnews.al\/index.php\/wp-json\/wp\/v2\/types\/post"}],"author":[{"embeddable":true,"href":"https:\/\/rdnews.al\/index.php\/wp-json\/wp\/v2\/users\/4"}],"replies":[{"embeddable":true,"href":"https:\/\/rdnews.al\/index.php\/wp-json\/wp\/v2\/comments?post=123575"}],"version-history":[{"count":1,"href":"https:\/\/rdnews.al\/index.php\/wp-json\/wp\/v2\/posts\/123575\/revisions"}],"predecessor-version":[{"id":123577,"href":"https:\/\/rdnews.al\/index.php\/wp-json\/wp\/v2\/posts\/123575\/revisions\/123577"}],"wp:featuredmedia":[{"embeddable":true,"href":"https:\/\/rdnews.al\/index.php\/wp-json\/wp\/v2\/media\/123576"}],"wp:attachment":[{"href":"https:\/\/rdnews.al\/index.php\/wp-json\/wp\/v2\/media?parent=123575"}],"wp:term":[{"taxonomy":"category","embeddable":true,"href":"https:\/\/rdnews.al\/index.php\/wp-json\/wp\/v2\/categories?post=123575"},{"taxonomy":"post_tag","embeddable":true,"href":"https:\/\/rdnews.al\/index.php\/wp-json\/wp\/v2\/tags?post=123575"}],"curies":[{"name":"wp","href":"https:\/\/api.w.org\/{rel}","templated":true}]}}