{"id":123594,"date":"2025-09-18T17:59:02","date_gmt":"2025-09-18T17:59:02","guid":{"rendered":"https:\/\/rdnews.al\/?p=123594"},"modified":"2025-09-18T17:59:02","modified_gmt":"2025-09-18T17:59:02","slug":"reuters-shqiperia-e-njollosur-nga-skandale-krimi-dhe-korrupsioni-integrimi-i-komplikuar","status":"publish","type":"post","link":"https:\/\/rdnews.al\/index.php\/2025\/09\/18\/reuters-shqiperia-e-njollosur-nga-skandale-krimi-dhe-korrupsioni-integrimi-i-komplikuar\/","title":{"rendered":"\u201cReuters\u201d: Shqip\u00ebria e njollosur nga skandale krimi dhe korrupsioni, integrimi i komplikuar"},"content":{"rendered":"<p>Mediat nd\u00ebrkomb\u00ebtare i kan\u00eb dh\u00ebn\u00eb hap\u00ebsir\u00eb zhvillimeve t\u00eb fundit n\u00eb Kuvend ku mazhoranca kaloi pa debat programin 4 vje\u00e7ar t\u00eb qeveris\u00eb. Agjensia e lajmeve Reuters \u00ebsht\u00eb ndalur tek skandalet korruptive n\u00eb Shqip\u00ebri dhe kthimin e vendit n\u00eb qend\u00ebr t\u00eb trafikut t\u00eb drog\u00ebs dhe pastrimit t\u00eb parave, t\u00eb cilat pamund\u00ebsojn\u00eb integrimin e Shqip\u00ebris\u00eb n\u00eb Bashkimin Europian n\u00eb vitin 2030.<\/p>\n<p><a href=\"https:\/\/www.reuters.com\/world\/albanias-rama-starts-fourth-term-pm-targets-eu-membership-2025-09-18\/\" target=\"_blank\" rel=\"noopener\">Shkrimi i Reuters<\/a><\/p>\n<p>Parlamenti i Shqip\u00ebris\u00eb konfirmoi t\u00eb enjten mandatin e kat\u00ebrt kat\u00ebrvje\u00e7ar p\u00ebr Kryeministrin Edi Rama, i cili u zotua se do t\u00eb b\u00ebj\u00eb mision kryesor an\u00ebtar\u00ebsimin e vendit n\u00eb Bashkimin Evropian deri n\u00eb vitin 2030.<\/p>\n<p>Rama, q\u00eb ishte kandidati i vet\u00ebm p\u00ebr postin e kryeministrit, mori 82 vota nga 140 deputet\u00eb t\u00eb parlamentit. Partia Socialiste, q\u00eb ai drejton, fitoi shumic\u00ebn p\u00ebr her\u00eb t\u00eb kat\u00ebrt radhazi n\u00eb zgjedhjet e mbajtura n\u00eb maj.<\/p>\n<p>\u201cShqip\u00ebria n\u00eb BE n\u00eb 2030 \u00ebsht\u00eb qendra e k\u00ebtij mandati. Shqip\u00ebria Europiane \u00ebsht\u00eb busulla q\u00eb na udh\u00ebheq n\u00eb \u00e7do aspekt t\u00eb programit dhe metronomi i ritmit t\u00eb \u00e7do reforme q\u00eb do t\u00eb nd\u00ebrmarrim\u201d,\u00a0tha Rama para deputet\u00ebve.<\/p>\n<p>Megjithat\u00eb, imazhi i Shqip\u00ebris\u00eb vazhdon t\u00eb njolloset nga skandale korrupsioni dhe, sipas analist\u00ebve politik\u00eb, vendi \u00ebsht\u00eb kthyer n\u00eb nj\u00eb qend\u00ebr p\u00ebr rrjete kriminale q\u00eb pastrojn\u00eb para nga trafiku i drog\u00ebs dhe arm\u00ebve, faktor\u00eb q\u00eb e komplikojn\u00eb objektivin p\u00ebr an\u00ebtar\u00ebsim n\u00eb BE brenda vitit 2030.<\/p>\n<p>N\u00eb nj\u00eb l\u00ebvizje t\u00eb papritur, Rama propozoi jav\u00ebn e kaluar nj\u00eb minist\u00ebr t\u00eb krijuar nga inteligjenca artificiale, t\u00eb quajtur \u201cDiella\u201d (q\u00eb do t\u00eb thot\u00eb \u201cDielli\u201d), p\u00ebr t\u00eb menaxhuar dhe shp\u00ebrndar\u00eb tender\u00ebt publik\u00eb ndaj kompanive private, me q\u00ebllimin e deklaruar p\u00ebr t\u00eb adresuar shqet\u00ebsimet mbi korrupsionin.<\/p>\n<p><em>\u201cNuk jam k\u00ebtu p\u00ebr t\u00eb z\u00ebvend\u00ebsuar njer\u00ebzit, por p\u00ebr t\u2019i ndihmuar ata,\u201d u shpreh Diella n\u00eb nj\u00eb fjalim video para se t\u00eb votohej qeveria e re.<\/em><\/p>\n<p>Por opozita e kritikoi em\u00ebrimin si antikushtetues, duke theksuar se \u201cministrja\u201d nuk \u00ebsht\u00eb qenie njer\u00ebzore, nuk ka shtet\u00ebsi shqiptare dhe mund t\u00eb hap\u00eb rrug\u00ebn p\u00ebr nj\u00eb nivel t\u00eb ri t\u00eb korrupsionit t\u00eb paduksh\u00ebm.<\/p>\n<p>\u201c\u00cbsht\u00eb e v\u00ebrtet\u00eb, nuk kam asnj\u00eb shtet\u00ebsi, as ndonj\u00eb ambicie personale apo interesa,\u201d u citua Diella.<\/p>\n<p>Opozita gjithashtu kritikoi Ram\u00ebn p\u00ebr munges\u00eb t\u00eb nj\u00eb debati publik p\u00ebrpara votimit t\u00eb qeveris\u00eb s\u00eb re.<\/p>\n<p><em>\u201cKy mandat \u00ebsht\u00eb ngritur mbi krimin, mbi korrupsionin, mbi drog\u00ebn dhe mbi shkeljen e Kushtetut\u00ebs dhe ligjeve t\u00eb vendit,\u201d deklaroi Sali Berisha, lideri i Partis\u00eb Demokratike t\u00eb Shqip\u00ebris\u00eb<\/em><\/p>\n","protected":false},"excerpt":{"rendered":"<p>Mediat nd\u00ebrkomb\u00ebtare i kan\u00eb dh\u00ebn\u00eb hap\u00ebsir\u00eb zhvillimeve t\u00eb fundit n\u00eb Kuvend ku mazhoranca kaloi pa debat programin 4 vje\u00e7ar t\u00eb qeveris\u00eb. Agjensia e lajmeve Reuters \u00ebsht\u00eb ndalur tek skandalet korruptive n\u00eb Shqip\u00ebri dhe kthimin e vendit n\u00eb qend\u00ebr t\u00eb trafikut t\u00eb drog\u00ebs dhe pastrimit t\u00eb parave, t\u00eb cilat pamund\u00ebsojn\u00eb integrimin e Shqip\u00ebris\u00eb n\u00eb Bashkimin Europian &hellip;<\/p>\n","protected":false},"author":4,"featured_media":123595,"comment_status":"closed","ping_status":"closed","sticky":false,"template":"","format":"standard","meta":{"footnotes":""},"categories":[37],"tags":[],"class_list":["post-123594","post","type-post","status-publish","format-standard","has-post-thumbnail","","category-politike"],"_links":{"self":[{"href":"https:\/\/rdnews.al\/index.php\/wp-json\/wp\/v2\/posts\/123594","targetHints":{"allow":["GET"]}}],"collection":[{"href":"https:\/\/rdnews.al\/index.php\/wp-json\/wp\/v2\/posts"}],"about":[{"href":"https:\/\/rdnews.al\/index.php\/wp-json\/wp\/v2\/types\/post"}],"author":[{"embeddable":true,"href":"https:\/\/rdnews.al\/index.php\/wp-json\/wp\/v2\/users\/4"}],"replies":[{"embeddable":true,"href":"https:\/\/rdnews.al\/index.php\/wp-json\/wp\/v2\/comments?post=123594"}],"version-history":[{"count":1,"href":"https:\/\/rdnews.al\/index.php\/wp-json\/wp\/v2\/posts\/123594\/revisions"}],"predecessor-version":[{"id":123596,"href":"https:\/\/rdnews.al\/index.php\/wp-json\/wp\/v2\/posts\/123594\/revisions\/123596"}],"wp:featuredmedia":[{"embeddable":true,"href":"https:\/\/rdnews.al\/index.php\/wp-json\/wp\/v2\/media\/123595"}],"wp:attachment":[{"href":"https:\/\/rdnews.al\/index.php\/wp-json\/wp\/v2\/media?parent=123594"}],"wp:term":[{"taxonomy":"category","embeddable":true,"href":"https:\/\/rdnews.al\/index.php\/wp-json\/wp\/v2\/categories?post=123594"},{"taxonomy":"post_tag","embeddable":true,"href":"https:\/\/rdnews.al\/index.php\/wp-json\/wp\/v2\/tags?post=123594"}],"curies":[{"name":"wp","href":"https:\/\/api.w.org\/{rel}","templated":true}]}}