{"id":123597,"date":"2025-09-18T19:53:18","date_gmt":"2025-09-18T19:53:18","guid":{"rendered":"https:\/\/rdnews.al\/?p=123597"},"modified":"2025-09-18T19:53:45","modified_gmt":"2025-09-18T19:53:45","slug":"shkarkimi-i-veliajt-berisha-njeriu-i-vetem-qe-skam-kurre-keqardhje","status":"publish","type":"post","link":"https:\/\/rdnews.al\/index.php\/2025\/09\/18\/shkarkimi-i-veliajt-berisha-njeriu-i-vetem-qe-skam-kurre-keqardhje\/","title":{"rendered":"Shkarkimi i Veliajt? Berisha: Njeriu i vet\u00ebm q\u00eb s\u2019kam kurr\u00eb keqardhje!"},"content":{"rendered":"<p>Zgjedhjet e parakohshme vendore n\u00eb Tiran\u00eb nuk jan\u00eb anashkaluar nga v\u00ebmendja e kryetarit t\u00eb opozit\u00ebs, Sali Berish\u00ebs.<\/p>\n<p>N\u00eb emisionin \u201cOpinion\u201d n\u00eb Tv Klan, ai tha se, \u201cRama po b\u00ebn \u00e7do gj\u00eb p\u00ebr ta zhdukur Erion Veliajn\u201d, por nuk e fsheh aspak munges\u00ebn e keqardhjes p\u00ebr k\u00ebt\u00eb t\u00eb fundit.<\/p>\n<p>Berisha thot\u00eb se do ta votoj\u00eb shkarkimin e Veliajt, pasi k\u00ebt\u00eb kan\u00eb k\u00ebrkuar vazhdimisht edhe k\u00ebshilltar\u00ebt e opozit\u00ebs.<\/p>\n<p><strong>Blendi Fevziu:<\/strong>\u00a0<em>Ju jeni dakord p\u00ebr k\u00ebt\u00eb nism\u00eb?<\/em><\/p>\n<p><strong>Sali Berisha:<\/strong>\u00a0<em>E para, Edi Rama faktoi q\u00eb po b\u00ebn \u00e7do gj\u00eb ta zhd<\/em><em>uk\u00eb p\u00ebrfundimisht Erion Veliaj\u00a0dhe un\u00eb \u00e7\u2019\u00ebsht\u00eb e v\u00ebrteta, p\u00ebr njeriun e vet\u00ebm q\u00eb s\u2019mund t\u00eb kem kurr\u00eb keqardhje \u00ebsht\u00eb Erion Veliaj. Ajo forca jon\u00eb politike u angazhua me 46 protesta, 46 jav\u00eb nuk u nda, n\u00eb kulmin e vap\u00ebs, zhegut e rrebesheve kund\u00ebr tij se e meritonte. Tjet\u00ebr pun\u00eb se Altin Trtoplini e mbron t\u00eb nga djeg\u00ebsat. T\u00eb akuzosh Arben Ahmetajn p\u00ebr djeg\u00ebsin e Tiran\u00ebs q\u00eb e ka kund\u00ebrshtuar 5 her\u00eb me shkrim deh q\u00eb se ka frimosur ndonj\u00ebher\u00eb, Edi Rama dhe Erion Veliaj q\u00eb e kan\u00eb firmosur dhe jan\u00eb aktor\u00ebt kryesor\u00eb.<\/em><\/p>\n<p><strong>Blendi Fevziu:<\/strong>\u00a0<em>A do t\u00eb votoni ju p\u00ebr shkarkimin e Veliaj?<\/em><\/p>\n<p><strong>Sali Berisha:<\/strong>\u00a0<em>Pa asnj\u00eb diskutim, k\u00ebshilltar\u00ebt tan\u00eb t\u00eb gjith\u00eb kan\u00eb k\u00ebrkuar n\u00eb \u00e7do mbledhje t\u00eb k\u00ebshillit largimin e tij.<\/em><\/p>\n<p><strong>Blendi Fevziu:<\/strong>\u00a0<em>Sipas in<\/em><em>formacioneve q\u00eb un\u00eb kam, Erion Veliaj nuk do ta pranoj\u00eb shkarkimin dhe do ta \u00e7oj\u00eb \u00e7\u00ebshtjen n\u00eb Gjykat\u00ebn Kushtetuese. A duhet pritur vendimi i Gjykat\u00ebs Kushtetuese apo \u00ebsht\u00eb taksative?<\/em><\/p>\n<p><strong>Sali Berisha:<\/strong>\u00a0<em>Se \u00e7far\u00eb b\u00ebn Erion Veliaj nuk e di, di q\u00eb Edi Rama ka n\u00ebnshtruar edhe grupin e fundit duke p\u00ebrdorur familjar\u00ebt sepse nj\u00eb grup k\u00ebshilltar\u00ebsh aty kan\u00eb qen\u00eb krejt\u00ebsisht kund\u00ebr shkarkimit. Ai, jan\u00eb marr\u00eb edhe sot n\u00eb m\u00ebngjes, nuk i kan\u00eb pasur gati firmat e tyre apo votat e tyre.<\/em><\/p>\n","protected":false},"excerpt":{"rendered":"<p>Zgjedhjet e parakohshme vendore n\u00eb Tiran\u00eb nuk jan\u00eb anashkaluar nga v\u00ebmendja e kryetarit t\u00eb opozit\u00ebs, Sali Berish\u00ebs. N\u00eb emisionin \u201cOpinion\u201d n\u00eb Tv Klan, ai tha se, \u201cRama po b\u00ebn \u00e7do gj\u00eb p\u00ebr ta zhdukur Erion Veliajn\u201d, por nuk e fsheh aspak munges\u00ebn e keqardhjes p\u00ebr k\u00ebt\u00eb t\u00eb fundit. Berisha thot\u00eb se do ta votoj\u00eb shkarkimin &hellip;<\/p>\n","protected":false},"author":4,"featured_media":123599,"comment_status":"closed","ping_status":"closed","sticky":false,"template":"","format":"standard","meta":{"footnotes":""},"categories":[37],"tags":[],"class_list":["post-123597","post","type-post","status-publish","format-standard","has-post-thumbnail","","category-politike"],"_links":{"self":[{"href":"https:\/\/rdnews.al\/index.php\/wp-json\/wp\/v2\/posts\/123597","targetHints":{"allow":["GET"]}}],"collection":[{"href":"https:\/\/rdnews.al\/index.php\/wp-json\/wp\/v2\/posts"}],"about":[{"href":"https:\/\/rdnews.al\/index.php\/wp-json\/wp\/v2\/types\/post"}],"author":[{"embeddable":true,"href":"https:\/\/rdnews.al\/index.php\/wp-json\/wp\/v2\/users\/4"}],"replies":[{"embeddable":true,"href":"https:\/\/rdnews.al\/index.php\/wp-json\/wp\/v2\/comments?post=123597"}],"version-history":[{"count":1,"href":"https:\/\/rdnews.al\/index.php\/wp-json\/wp\/v2\/posts\/123597\/revisions"}],"predecessor-version":[{"id":123598,"href":"https:\/\/rdnews.al\/index.php\/wp-json\/wp\/v2\/posts\/123597\/revisions\/123598"}],"wp:featuredmedia":[{"embeddable":true,"href":"https:\/\/rdnews.al\/index.php\/wp-json\/wp\/v2\/media\/123599"}],"wp:attachment":[{"href":"https:\/\/rdnews.al\/index.php\/wp-json\/wp\/v2\/media?parent=123597"}],"wp:term":[{"taxonomy":"category","embeddable":true,"href":"https:\/\/rdnews.al\/index.php\/wp-json\/wp\/v2\/categories?post=123597"},{"taxonomy":"post_tag","embeddable":true,"href":"https:\/\/rdnews.al\/index.php\/wp-json\/wp\/v2\/tags?post=123597"}],"curies":[{"name":"wp","href":"https:\/\/api.w.org\/{rel}","templated":true}]}}