{"id":123603,"date":"2025-09-18T20:02:19","date_gmt":"2025-09-18T20:02:19","guid":{"rendered":"https:\/\/rdnews.al\/?p=123603"},"modified":"2025-09-18T20:02:19","modified_gmt":"2025-09-18T20:02:19","slug":"berisha-veliaj-parate-qe-ka-vjedhur-me-edi-ramen-i-ka-te-amnistuara-nga-altin-troplini","status":"publish","type":"post","link":"https:\/\/rdnews.al\/index.php\/2025\/09\/18\/berisha-veliaj-parate-qe-ka-vjedhur-me-edi-ramen-i-ka-te-amnistuara-nga-altin-troplini\/","title":{"rendered":"Berisha: Veliaj parat\u00eb q\u00eb ka vjedhur me Edi Ram\u00ebn i ka t\u00eb amnistuara nga Altin \u201cTroplini\u201d \u00a0"},"content":{"rendered":"<p>Kryetari i PD, Sali Berisha akuzoi kreun e SPAK, Altin Dumani se ka b\u00ebr\u00eb p\u00ebrpjekje p\u00ebr t\u00eb zgjatur mandatin e tij n\u00eb krye t\u00eb institucionit t\u00eb lart\u00eb t\u00eb akuz\u00ebs n\u00eb vend. I ftuar n\u00eb opinion ai u shpreh se Berisha akuzoi Dumanin se ka amnistuar parat\u00eb q\u00eb Erion Veliaj ka vjedhur me Edi Ram\u00ebn, duke u shprehur se ky veprim ka qen\u00eb i motivuar nga d\u00ebshira p\u00ebr t\u00eb siguruar nj\u00eb mandat t\u00eb dyt\u00eb.<\/p>\n<p>Berisha e cil\u00ebsoi Altin Dumanin si &#8220;pengmarr\u00ebs pa ligj dhe moral&#8221;, duke i k\u00ebrkuar llogari p\u00ebr fshirjen e akuzave ndaj t\u00eb fort\u00ebve t\u00eb pushtetit. Ai gjithashtu theksoi se p\u00ebr k\u00ebt\u00eb arsye, Veliaj \u00ebsht\u00eb ende n\u00eb burg p\u00ebr &#8220;djeg\u00ebsin e Tiran\u00ebs&#8221;, duke sfiduar t\u00eb gjith\u00eb procesin e drejt\u00ebsis\u00eb dhe duke e lidhur me q\u00ebllimin e Dumanit p\u00ebr t\u00eb mbajtur pushtetin dhe mandatin e tij.<\/p>\n<p>\u201cVeliaj parat\u00eb q\u00eb ka vjedhur me Edi Ram\u00ebn i ka t\u00eb amnistuara nga Altin Troplini. P\u00ebr \u00e7far\u00eb \u00ebsht\u00eb Veliaj n\u00eb burg? P\u00ebr djeg\u00ebsin e Tiran\u00ebs,<\/p>\n<p>Altin Troplini, ky pengmarr\u00ebs pa ligj dhe moral. Pse i fali ai k\u00ebta?\u00a0Edi Ram\u00ebn, Olsi Ram\u00ebn, Lubi Ballukun. I fali se donte mandat t\u00eb dyt\u00eb.<\/p>\n<p>Nuk ka mandat t\u00eb dyt\u00eb, \u00ebsht\u00eb hapur gara\u00a0Kush e deklaroi? E deklaroi p\u00ebrfaq\u00ebsuesja e SHBA-ve. Gjat\u00eb dy viteve jam detyruar ta denoncoj t\u00eb pakt\u00ebn 10 her\u00eb p\u00ebr p\u00ebrpjekjen e tij pu\u00e7iste p\u00ebr t\u00eb ndryshuar mandatin e tij. Kapte Ulsi Manj\u00ebn\u2026Po po, i thoshte Ulsiu, m\u00eb duhet nj\u00eb \u00e7ant\u00eb LV.<\/p>\n<p>E di se dhurohen ato\u2026 LV I thot\u00eb Ulsi Manja\u201d, tha Berisha.<\/p>\n<p>N\u00eb nj\u00eb moment, Berisha shpreh p\u00ebr Dumanin:\u00a0\u201cI mori peng k\u00ebta q\u00eb t\u00eb zgjas\u00eb mandatin\u201d.<\/p>\n","protected":false},"excerpt":{"rendered":"<p>Kryetari i PD, Sali Berisha akuzoi kreun e SPAK, Altin Dumani se ka b\u00ebr\u00eb p\u00ebrpjekje p\u00ebr t\u00eb zgjatur mandatin e tij n\u00eb krye t\u00eb institucionit t\u00eb lart\u00eb t\u00eb akuz\u00ebs n\u00eb vend. I ftuar n\u00eb opinion ai u shpreh se Berisha akuzoi Dumanin se ka amnistuar parat\u00eb q\u00eb Erion Veliaj ka vjedhur me Edi Ram\u00ebn, duke &hellip;<\/p>\n","protected":false},"author":4,"featured_media":123604,"comment_status":"closed","ping_status":"closed","sticky":false,"template":"","format":"standard","meta":{"footnotes":""},"categories":[37],"tags":[],"class_list":["post-123603","post","type-post","status-publish","format-standard","has-post-thumbnail","","category-politike"],"_links":{"self":[{"href":"https:\/\/rdnews.al\/index.php\/wp-json\/wp\/v2\/posts\/123603","targetHints":{"allow":["GET"]}}],"collection":[{"href":"https:\/\/rdnews.al\/index.php\/wp-json\/wp\/v2\/posts"}],"about":[{"href":"https:\/\/rdnews.al\/index.php\/wp-json\/wp\/v2\/types\/post"}],"author":[{"embeddable":true,"href":"https:\/\/rdnews.al\/index.php\/wp-json\/wp\/v2\/users\/4"}],"replies":[{"embeddable":true,"href":"https:\/\/rdnews.al\/index.php\/wp-json\/wp\/v2\/comments?post=123603"}],"version-history":[{"count":1,"href":"https:\/\/rdnews.al\/index.php\/wp-json\/wp\/v2\/posts\/123603\/revisions"}],"predecessor-version":[{"id":123605,"href":"https:\/\/rdnews.al\/index.php\/wp-json\/wp\/v2\/posts\/123603\/revisions\/123605"}],"wp:featuredmedia":[{"embeddable":true,"href":"https:\/\/rdnews.al\/index.php\/wp-json\/wp\/v2\/media\/123604"}],"wp:attachment":[{"href":"https:\/\/rdnews.al\/index.php\/wp-json\/wp\/v2\/media?parent=123603"}],"wp:term":[{"taxonomy":"category","embeddable":true,"href":"https:\/\/rdnews.al\/index.php\/wp-json\/wp\/v2\/categories?post=123603"},{"taxonomy":"post_tag","embeddable":true,"href":"https:\/\/rdnews.al\/index.php\/wp-json\/wp\/v2\/tags?post=123603"}],"curies":[{"name":"wp","href":"https:\/\/api.w.org\/{rel}","templated":true}]}}