{"id":123606,"date":"2025-09-18T20:10:01","date_gmt":"2025-09-18T20:10:01","guid":{"rendered":"https:\/\/rdnews.al\/?p=123606"},"modified":"2025-09-18T20:10:01","modified_gmt":"2025-09-18T20:10:01","slug":"zgjedhjet-per-bashkine-e-tiranes-berisha-opozites-i-duhet-kandidat-i-perbashket","status":"publish","type":"post","link":"https:\/\/rdnews.al\/index.php\/2025\/09\/18\/zgjedhjet-per-bashkine-e-tiranes-berisha-opozites-i-duhet-kandidat-i-perbashket\/","title":{"rendered":"Zgjedhjet p\u00ebr bashkin\u00eb e Tiran\u00ebs\/ Berisha: Opozit\u00ebs i duhet kandidat i p\u00ebrbashk\u00ebt!"},"content":{"rendered":"<p>Edhe pse deklaroi se me Edi Ram\u00ebn nuk ka zgjedhje, Sali Berisha ka deklaruar se Partia Demokratike nuk do t\u2019i bojkotoj\u00eb zgjedhjet e parakohshme lokale p\u00ebr Bashkin\u00eb e Tiran\u00ebs, n\u00eb rast se shkarkohet Erion Veliaj.<\/p>\n<p>I ftuar n\u00eb emisionin \u201cOpinion\u201d, Berisha nuk dha nj\u00eb em\u00ebr kandidati dhe as n\u00ebse do t\u00eb ket\u00eb apo jo primare p\u00ebr k\u00ebt\u00eb proces. Ai deklaroi se opozita duhet t\u00eb jet\u00eb e bashkuar dhe t\u00eb futet me kandidat t\u00eb p\u00ebrbashk\u00ebt p\u00ebr k\u00ebt\u00eb proces zgjedhor.<\/p>\n<p>\u201cMe Edi Ram\u00ebn nuk ka zgjedhje, por ne nuk i bojkotojm\u00eb, do t\u00eb futemi n\u00eb zgjedhje. Ne do t\u00eb b\u00ebjm\u00eb gjith\u00e7ka q\u00eb t\u00eb bashk\u00ebpunojm\u00eb me t\u00eb gjitha partit\u00eb opozitare. Un\u00eb besoj se mund t\u00eb arrijm\u00eb q\u00eb t\u00eb kemi nj\u00eb kandidat t\u00eb p\u00ebrbashk\u00ebt. Opozita pa diskutim q\u00eb ka kandidat t\u00eb mir\u00eb. Ilir Alimehmeti i plot\u00ebson t\u00eb gjitha kushtet p\u00ebr t\u00eb kandiduar p\u00ebr bashkin\u00eb e Tiran\u00ebs dhe p\u00ebr \u00e7do post tjet\u00ebr.<\/p>\n<p>Do vendoset, nuk mund t\u00eb them n\u00ebse do t\u00eb ket\u00eb apo jo primare.<\/p>\n<p>N\u00eb qoft\u00eb se gjendet nj\u00eb figuri\u00eb konsesusi e t\u00eb gjith\u00eb opozit\u00ebs, do t\u00eb jet\u00eb m\u00eb e mir\u00eb, por normalisht nj\u00eb figur\u00eb q\u00eb plot\u00ebson disa kushte.<\/p>\n<p><em>A keni pasur kontakte me p\u00ebrfaq\u00ebsues t\u00eb tjer\u00eb t\u00eb opozit\u00ebs? Me ata q\u00eb kan\u00eb dashur, q\u00eb jan\u00eb afruar, kemi folur. Ne jemi t\u00eb hapur. Por, jo me t\u00eb gjith\u00eb se nj\u00eb deputet i Qorit ishte shprehur kund\u00ebr\u201d<\/em>\u00a0, tha Berisha.<\/p>\n","protected":false},"excerpt":{"rendered":"<p>Edhe pse deklaroi se me Edi Ram\u00ebn nuk ka zgjedhje, Sali Berisha ka deklaruar se Partia Demokratike nuk do t\u2019i bojkotoj\u00eb zgjedhjet e parakohshme lokale p\u00ebr Bashkin\u00eb e Tiran\u00ebs, n\u00eb rast se shkarkohet Erion Veliaj. I ftuar n\u00eb emisionin \u201cOpinion\u201d, Berisha nuk dha nj\u00eb em\u00ebr kandidati dhe as n\u00ebse do t\u00eb ket\u00eb apo jo primare &hellip;<\/p>\n","protected":false},"author":4,"featured_media":123599,"comment_status":"closed","ping_status":"closed","sticky":false,"template":"","format":"standard","meta":{"footnotes":""},"categories":[37],"tags":[],"class_list":["post-123606","post","type-post","status-publish","format-standard","has-post-thumbnail","","category-politike"],"_links":{"self":[{"href":"https:\/\/rdnews.al\/index.php\/wp-json\/wp\/v2\/posts\/123606","targetHints":{"allow":["GET"]}}],"collection":[{"href":"https:\/\/rdnews.al\/index.php\/wp-json\/wp\/v2\/posts"}],"about":[{"href":"https:\/\/rdnews.al\/index.php\/wp-json\/wp\/v2\/types\/post"}],"author":[{"embeddable":true,"href":"https:\/\/rdnews.al\/index.php\/wp-json\/wp\/v2\/users\/4"}],"replies":[{"embeddable":true,"href":"https:\/\/rdnews.al\/index.php\/wp-json\/wp\/v2\/comments?post=123606"}],"version-history":[{"count":1,"href":"https:\/\/rdnews.al\/index.php\/wp-json\/wp\/v2\/posts\/123606\/revisions"}],"predecessor-version":[{"id":123607,"href":"https:\/\/rdnews.al\/index.php\/wp-json\/wp\/v2\/posts\/123606\/revisions\/123607"}],"wp:featuredmedia":[{"embeddable":true,"href":"https:\/\/rdnews.al\/index.php\/wp-json\/wp\/v2\/media\/123599"}],"wp:attachment":[{"href":"https:\/\/rdnews.al\/index.php\/wp-json\/wp\/v2\/media?parent=123606"}],"wp:term":[{"taxonomy":"category","embeddable":true,"href":"https:\/\/rdnews.al\/index.php\/wp-json\/wp\/v2\/categories?post=123606"},{"taxonomy":"post_tag","embeddable":true,"href":"https:\/\/rdnews.al\/index.php\/wp-json\/wp\/v2\/tags?post=123606"}],"curies":[{"name":"wp","href":"https:\/\/api.w.org\/{rel}","templated":true}]}}