{"id":123608,"date":"2025-09-19T08:26:29","date_gmt":"2025-09-19T08:26:29","guid":{"rendered":"https:\/\/rdnews.al\/?p=123608"},"modified":"2025-09-19T08:26:29","modified_gmt":"2025-09-19T08:26:29","slug":"shperthimi-prane-baneses-reagon-mziu-nuk-kam-asnje-konflikt","status":"publish","type":"post","link":"https:\/\/rdnews.al\/index.php\/2025\/09\/19\/shperthimi-prane-baneses-reagon-mziu-nuk-kam-asnje-konflikt\/","title":{"rendered":"Shp\u00ebrthimi pran\u00eb banes\u00ebs, reagon Mziu: Nuk kam asnj\u00eb konflikt!"},"content":{"rendered":"<p>Nj\u00eb shp\u00ebrthim me tritol ka ndodhur pran\u00eb banes\u00ebs s\u00eb deputetit t\u00eb PD, Xhelal Mziu. B\u00ebhet e ditur se, l\u00ebnda plas\u00ebse ishte vendosur n\u00eb murin rrethues t\u00eb banes\u00ebs.<\/p>\n<p>Lidhur me ngjarjen, Mziu \u00ebsht\u00eb shprehur se nuk ka konflikt me asnj\u00eb person dhe nuk dyshon te dikush.<\/p>\n<p>Deputeti ka deklaruar se n\u00eb momentin q\u00eb ka ndodhur shp\u00ebrthimi, ka qen\u00eb n\u00eb banes\u00eb bashk\u00eb me bashk\u00ebshorten e tij.<\/p>\n<p>Nga shp\u00ebrthimi nuk ka pasur t\u00eb l\u00ebnduar, por vet\u00ebm d\u00ebme materiale.<\/p>\n<p>Autoritetet jan\u00eb duke shqyrtuar pamje nga kamerat e siguris\u00eb si dhe po marrin d\u00ebshmi nga banor\u00ebt e zon\u00ebs p\u00ebr \u00e7do l\u00ebvizje t\u00eb dyshimt\u00eb para apo pas shp\u00ebrthimit.<\/p>\n","protected":false},"excerpt":{"rendered":"<p>Nj\u00eb shp\u00ebrthim me tritol ka ndodhur pran\u00eb banes\u00ebs s\u00eb deputetit t\u00eb PD, Xhelal Mziu. B\u00ebhet e ditur se, l\u00ebnda plas\u00ebse ishte vendosur n\u00eb murin rrethues t\u00eb banes\u00ebs. Lidhur me ngjarjen, Mziu \u00ebsht\u00eb shprehur se nuk ka konflikt me asnj\u00eb person dhe nuk dyshon te dikush. Deputeti ka deklaruar se n\u00eb momentin q\u00eb ka ndodhur shp\u00ebrthimi, &hellip;<\/p>\n","protected":false},"author":4,"featured_media":123609,"comment_status":"closed","ping_status":"closed","sticky":false,"template":"","format":"standard","meta":{"footnotes":""},"categories":[37],"tags":[],"class_list":["post-123608","post","type-post","status-publish","format-standard","has-post-thumbnail","","category-politike"],"_links":{"self":[{"href":"https:\/\/rdnews.al\/index.php\/wp-json\/wp\/v2\/posts\/123608","targetHints":{"allow":["GET"]}}],"collection":[{"href":"https:\/\/rdnews.al\/index.php\/wp-json\/wp\/v2\/posts"}],"about":[{"href":"https:\/\/rdnews.al\/index.php\/wp-json\/wp\/v2\/types\/post"}],"author":[{"embeddable":true,"href":"https:\/\/rdnews.al\/index.php\/wp-json\/wp\/v2\/users\/4"}],"replies":[{"embeddable":true,"href":"https:\/\/rdnews.al\/index.php\/wp-json\/wp\/v2\/comments?post=123608"}],"version-history":[{"count":1,"href":"https:\/\/rdnews.al\/index.php\/wp-json\/wp\/v2\/posts\/123608\/revisions"}],"predecessor-version":[{"id":123610,"href":"https:\/\/rdnews.al\/index.php\/wp-json\/wp\/v2\/posts\/123608\/revisions\/123610"}],"wp:featuredmedia":[{"embeddable":true,"href":"https:\/\/rdnews.al\/index.php\/wp-json\/wp\/v2\/media\/123609"}],"wp:attachment":[{"href":"https:\/\/rdnews.al\/index.php\/wp-json\/wp\/v2\/media?parent=123608"}],"wp:term":[{"taxonomy":"category","embeddable":true,"href":"https:\/\/rdnews.al\/index.php\/wp-json\/wp\/v2\/categories?post=123608"},{"taxonomy":"post_tag","embeddable":true,"href":"https:\/\/rdnews.al\/index.php\/wp-json\/wp\/v2\/tags?post=123608"}],"curies":[{"name":"wp","href":"https:\/\/api.w.org\/{rel}","templated":true}]}}