{"id":123611,"date":"2025-09-19T08:33:16","date_gmt":"2025-09-19T08:33:16","guid":{"rendered":"https:\/\/rdnews.al\/?p=123611"},"modified":"2025-09-19T08:33:16","modified_gmt":"2025-09-19T08:33:16","slug":"keqperdorimi-i-fondeve-te-be-parlamenti-europian-ve-ne-lupe-shqiperine","status":"publish","type":"post","link":"https:\/\/rdnews.al\/index.php\/2025\/09\/19\/keqperdorimi-i-fondeve-te-be-parlamenti-europian-ve-ne-lupe-shqiperine\/","title":{"rendered":"Keqp\u00ebrdorimi i fondeve t\u00eb BE, Parlamenti Europian v\u00eb \u201cn\u00eb lup\u00eb\u201d Shqip\u00ebrin\u00eb"},"content":{"rendered":"<p>Nj\u00eb delegacion nga Komisioni p\u00ebr Kontrollin Buxhetor, i udh\u00ebhequr nga Kryetari Niclas Herbst, ka p\u00ebrfunduar nj\u00eb mision n\u00eb Mal t\u00eb Zi dhe Shqip\u00ebri, duke shqyrtuar masat ekzistuese p\u00ebr mbrojtjen e fondeve t\u00eb BE-s\u00eb.<\/p>\n<p>Sipas njoftimit zyrtar, Eurodeputet\u00ebt vler\u00ebsuan ngritjen dhe funksionimin fillestar t\u00eb mekanizmave t\u00eb rinj t\u00eb kontrollit dhe auditimit t\u00eb krijuar n\u00eb kuad\u00ebr t\u00eb Mekanizmit p\u00ebr Reforma dhe Rritje p\u00ebr Ballkanin Per\u00ebndimor (RGF), i cili synon t\u00eb garantoj\u00eb menaxhimin e sh\u00ebndosh\u00eb financiar t\u00eb fondeve t\u00eb BE-s\u00eb.<\/p>\n<p>Herbst theksoi nd\u00eb t\u00eb tjera se mbeten ende shqet\u00ebsime serioze mbi faktin se si do t\u00eb p\u00ebrdoren fondet e RGF-s\u00eb.<\/p>\n<p>Sfidat p\u00ebrfshijn\u00eb korrupsionin e rr\u00ebnjosur, krimin e organizuar, rreziqet e prokurimit me vonesa kronike n\u00eb infrastruktur\u00eb, organet mbik\u00ebqyr\u00ebse q\u00eb p\u00ebrballen me trysni politike, ndjekjen e dob\u00ebt gjyq\u00ebsore me gjykata t\u00eb mbingarkuara, margjinalizimin e shoq\u00ebris\u00eb civile, keqp\u00ebrdorimet e fondeve n\u00eb t\u00eb kaluar\u00ebn n\u00eb Shqip\u00ebri, si dhe mb\u00ebshtetjen me tepri t\u00eb Malit t\u00eb Zi te turizmi dhe pasurit\u00eb e paluajtshme.<\/p>\n<p>Pas vizit\u00ebs, z. Herbst tha: \u201cRGF \u00ebsht\u00eb nj\u00eb mund\u00ebsi historike p\u00ebr Ballkanin Per\u00ebndimor, por suksesi i tij varet nga besueshm\u00ebria dhe qeverisja e fort\u00eb.<\/p>\n<p>Gjat\u00eb misioneve n\u00eb Mal t\u00eb Zi dhe Shqip\u00ebri, ne vler\u00ebsuam n\u00ebse ekzistojn\u00eb themelet p\u00ebr menaxhim t\u00eb sh\u00ebndosh\u00eb financiar, auditim t\u00eb pavarur dhe nj\u00eb qasje me toleranc\u00eb zero ndaj mashtrimit dhe korrupsionit.<\/p>\n<p>Mali i Zi mbetet pararend\u00ebs, megjithat\u00eb t\u00eb dy vendet kan\u00eb p\u00ebrparuar me p\u00ebrafrimin e kornizave t\u00eb tyre ligjore dhe institucionale me standardet e BE-s\u00eb, ve\u00e7an\u00ebrisht n\u00eb shtetin e s\u00eb drejt\u00ebs, luft\u00ebn kund\u00ebr krimit t\u00eb organizuar, rikuperimin dhe konfiskimin e aseteve, si dhe luft\u00ebn kund\u00ebr pastrimit t\u00eb parave.<\/p>\n<p>Diskutimet me ministrit\u00eb e financave dhe koordinator\u00ebt e RGF-s\u00eb konfirmuan se mekanizmat p\u00ebr kontrollin e brendsh\u00ebm dhe auditimin jan\u00eb krijuar dhe funksionojn\u00eb\u201d.<\/p>\n<p>Ai shtoi se rruga nga miratimi i rregullave t\u00eb BE-s\u00eb deri n\u00eb nd\u00ebrtimin e nj\u00eb kulture llogaridh\u00ebnieje \u00ebsht\u00eb e gjat\u00eb.<\/p>\n<p>\u201cJemi t\u00eb bindur se n\u00eb dy deri n\u00eb tre vitet e ardhshme, Mali i Zi dhe Shqip\u00ebria do t\u00eb tregojn\u00eb rezultate t\u00eb prekshme duke i kushtuar burime zbatimit, duke siguruar pavar\u00ebsin\u00eb gjyq\u00ebsore dhe t\u00eb auditimit, si dhe duke mund\u00ebsuar pjes\u00ebmarrjen e shoq\u00ebris\u00eb civile.<\/p>\n<p>Parlamenti Europian do ta monitoroj\u00eb nga af\u00ebr zbatimin, pasi \u00ebsht\u00eb n\u00eb loj\u00eb besueshm\u00ebria e vet\u00eb procesit t\u00eb zgjerimit t\u00eb BE-s\u00eb\u201d.\/<a href=\"https:\/\/monitor.al\/be-e-shqetesuar-per-fondet-nga-keqperdorimi-i-tyre-ne-te-kaluaren-ne-shqiperi\/\" target=\"_blank\" rel=\"noopener\">Monitor<\/a><\/p>\n","protected":false},"excerpt":{"rendered":"<p>Nj\u00eb delegacion nga Komisioni p\u00ebr Kontrollin Buxhetor, i udh\u00ebhequr nga Kryetari Niclas Herbst, ka p\u00ebrfunduar nj\u00eb mision n\u00eb Mal t\u00eb Zi dhe Shqip\u00ebri, duke shqyrtuar masat ekzistuese p\u00ebr mbrojtjen e fondeve t\u00eb BE-s\u00eb. Sipas njoftimit zyrtar, Eurodeputet\u00ebt vler\u00ebsuan ngritjen dhe funksionimin fillestar t\u00eb mekanizmave t\u00eb rinj t\u00eb kontrollit dhe auditimit t\u00eb krijuar n\u00eb kuad\u00ebr t\u00eb &hellip;<\/p>\n","protected":false},"author":4,"featured_media":123612,"comment_status":"closed","ping_status":"closed","sticky":false,"template":"","format":"standard","meta":{"footnotes":""},"categories":[37],"tags":[],"class_list":["post-123611","post","type-post","status-publish","format-standard","has-post-thumbnail","","category-politike"],"_links":{"self":[{"href":"https:\/\/rdnews.al\/index.php\/wp-json\/wp\/v2\/posts\/123611","targetHints":{"allow":["GET"]}}],"collection":[{"href":"https:\/\/rdnews.al\/index.php\/wp-json\/wp\/v2\/posts"}],"about":[{"href":"https:\/\/rdnews.al\/index.php\/wp-json\/wp\/v2\/types\/post"}],"author":[{"embeddable":true,"href":"https:\/\/rdnews.al\/index.php\/wp-json\/wp\/v2\/users\/4"}],"replies":[{"embeddable":true,"href":"https:\/\/rdnews.al\/index.php\/wp-json\/wp\/v2\/comments?post=123611"}],"version-history":[{"count":1,"href":"https:\/\/rdnews.al\/index.php\/wp-json\/wp\/v2\/posts\/123611\/revisions"}],"predecessor-version":[{"id":123613,"href":"https:\/\/rdnews.al\/index.php\/wp-json\/wp\/v2\/posts\/123611\/revisions\/123613"}],"wp:featuredmedia":[{"embeddable":true,"href":"https:\/\/rdnews.al\/index.php\/wp-json\/wp\/v2\/media\/123612"}],"wp:attachment":[{"href":"https:\/\/rdnews.al\/index.php\/wp-json\/wp\/v2\/media?parent=123611"}],"wp:term":[{"taxonomy":"category","embeddable":true,"href":"https:\/\/rdnews.al\/index.php\/wp-json\/wp\/v2\/categories?post=123611"},{"taxonomy":"post_tag","embeddable":true,"href":"https:\/\/rdnews.al\/index.php\/wp-json\/wp\/v2\/tags?post=123611"}],"curies":[{"name":"wp","href":"https:\/\/api.w.org\/{rel}","templated":true}]}}