{"id":123624,"date":"2025-09-19T09:38:30","date_gmt":"2025-09-19T09:38:30","guid":{"rendered":"https:\/\/rdnews.al\/?p=123624"},"modified":"2025-09-19T09:38:30","modified_gmt":"2025-09-19T09:38:30","slug":"sulmet-ndaj-drejtesise-reagon-kreu-i-ild-por-nuk-guxon-tia-permende-emrin-rames","status":"publish","type":"post","link":"https:\/\/rdnews.al\/index.php\/2025\/09\/19\/sulmet-ndaj-drejtesise-reagon-kreu-i-ild-por-nuk-guxon-tia-permende-emrin-rames\/","title":{"rendered":"Sulmet ndaj drejt\u00ebsis\u00eb, reagon kreu i ILD, por nuk guxon t\u2019ia p\u00ebrmend\u00eb emrin Ram\u00ebs"},"content":{"rendered":"<p>Kreu i Inspektoriatit t\u00eb Lart\u00eb t\u00eb Drejt\u00ebsis\u00eb (ILD), Artur Metani, ka reaguar pas sulmeve publike ndaj gjyqtar\u00ebve dhe sistemit gjyq\u00ebsor nga disa figura politike, duke e konsideruar k\u00ebt\u00eb si nj\u00eb presion antikushtetues dhe t\u00eb papranuesh\u00ebm, por nuk guxon t\u2019ia p\u00ebrmend\u00eb emrin Ram\u00ebs.<\/p>\n<p>Metani theksoi se p\u00ebr magjistrat\u00ebt \u00ebsht\u00eb e domosdoshme t\u00eb ruajn\u00eb vet\u00ebp\u00ebrmbajtjen edhe kur sulmet jan\u00eb t\u00eb padrejta, pasi kjo nuk duhet t\u00eb ngat\u00ebrrohet me dob\u00ebsin\u00eb, por \u00ebsht\u00eb respekt p\u00ebr lirin\u00eb e shprehjes dhe pavar\u00ebsin\u00eb e gjyq\u00ebsorit.<\/p>\n<p>\u201c<em>U b\u00eb koh\u00eb q\u00eb sistemi gjyq\u00ebsor \u00ebsht\u00eb n\u00ebn nj\u00eb trysni, p\u00ebr mua antikushtetuese, p\u00ebr t\u00eb ushtruar detyr\u00ebn ose jo, n\u00eb nj\u00eb form\u00eb t\u00eb caktuar. Nga t\u00eb gjith\u00eb. U b\u00eb koh\u00eb q\u00eb fyerjet p\u00ebr magjistrat\u00ebt jan\u00eb pjes\u00eb m\u00eb e konsiderueshme e artikulimit kur vjen puna tek kritikat p\u00ebr pushtetin gjyq\u00ebsor. Natyrisht, t\u00eb papranueshme k\u00ebto n\u00eb \u00e7do pik\u00ebpamje. Kjo i v\u00eb magjistrat\u00ebt n\u00eb prov\u00eb t\u00eb v\u00ebshtir\u00eb. Por, testi i pavar\u00ebsis\u00eb, i ndarjes se pushteteve dhe i shtetit te se drejt\u00ebs, nuk \u00ebsht\u00eb vet\u00ebm retorik\u00eb<\/em>\u201d, tha Metani.<\/p>\n<p>Ai shtoi se besimi i publikut ndaj gjyq\u00ebsorit mbetet vlera m\u00eb e \u00e7muar e drejt\u00ebsis\u00eb dhe mbrojtja m\u00eb e mir\u00eb e saj, pavar\u00ebsisht mungesave t\u00eb stafit, ngarkes\u00ebs s\u00eb madhe t\u00eb dosjeve dhe presioneve t\u00eb vazhdueshme.<\/p>\n<p>Metani n\u00ebnvizoi gjithashtu se magjistrat\u00ebt duhet t\u00eb ruajn\u00eb distanc\u00ebn nga deontologjia politike dhe t\u00eb mos lejojn\u00eb q\u00eb ajo t\u00eb diktoj\u00eb sjelljen e tyre: \u201c<em>Thelbi i shtetit ligjor dhe i vlerave evropiane \u00ebsht\u00eb m\u00ebnyra sesi sillemi, edhe kur nuk biem dakord me vendimet e nj\u00ebri-tjetrit<\/em>.\u201d<\/p>\n<p>Deklarata u b\u00eb gjat\u00eb nj\u00eb takimi t\u00eb organizuar nga ILD n\u00eb bashk\u00ebpunim me projektin MATRA t\u00eb qeveris\u00eb s\u00eb Holand\u00ebs, ku u diskutua mbi pavar\u00ebsin\u00eb dhe p\u00ebrgjegj\u00ebsin\u00eb e gjyq\u00ebsorit.<\/p>\n","protected":false},"excerpt":{"rendered":"<p>Kreu i Inspektoriatit t\u00eb Lart\u00eb t\u00eb Drejt\u00ebsis\u00eb (ILD), Artur Metani, ka reaguar pas sulmeve publike ndaj gjyqtar\u00ebve dhe sistemit gjyq\u00ebsor nga disa figura politike, duke e konsideruar k\u00ebt\u00eb si nj\u00eb presion antikushtetues dhe t\u00eb papranuesh\u00ebm, por nuk guxon t\u2019ia p\u00ebrmend\u00eb emrin Ram\u00ebs. Metani theksoi se p\u00ebr magjistrat\u00ebt \u00ebsht\u00eb e domosdoshme t\u00eb ruajn\u00eb vet\u00ebp\u00ebrmbajtjen edhe kur &hellip;<\/p>\n","protected":false},"author":4,"featured_media":123625,"comment_status":"closed","ping_status":"closed","sticky":false,"template":"","format":"standard","meta":{"footnotes":""},"categories":[37],"tags":[],"class_list":["post-123624","post","type-post","status-publish","format-standard","has-post-thumbnail","","category-politike"],"_links":{"self":[{"href":"https:\/\/rdnews.al\/index.php\/wp-json\/wp\/v2\/posts\/123624","targetHints":{"allow":["GET"]}}],"collection":[{"href":"https:\/\/rdnews.al\/index.php\/wp-json\/wp\/v2\/posts"}],"about":[{"href":"https:\/\/rdnews.al\/index.php\/wp-json\/wp\/v2\/types\/post"}],"author":[{"embeddable":true,"href":"https:\/\/rdnews.al\/index.php\/wp-json\/wp\/v2\/users\/4"}],"replies":[{"embeddable":true,"href":"https:\/\/rdnews.al\/index.php\/wp-json\/wp\/v2\/comments?post=123624"}],"version-history":[{"count":1,"href":"https:\/\/rdnews.al\/index.php\/wp-json\/wp\/v2\/posts\/123624\/revisions"}],"predecessor-version":[{"id":123626,"href":"https:\/\/rdnews.al\/index.php\/wp-json\/wp\/v2\/posts\/123624\/revisions\/123626"}],"wp:featuredmedia":[{"embeddable":true,"href":"https:\/\/rdnews.al\/index.php\/wp-json\/wp\/v2\/media\/123625"}],"wp:attachment":[{"href":"https:\/\/rdnews.al\/index.php\/wp-json\/wp\/v2\/media?parent=123624"}],"wp:term":[{"taxonomy":"category","embeddable":true,"href":"https:\/\/rdnews.al\/index.php\/wp-json\/wp\/v2\/categories?post=123624"},{"taxonomy":"post_tag","embeddable":true,"href":"https:\/\/rdnews.al\/index.php\/wp-json\/wp\/v2\/tags?post=123624"}],"curies":[{"name":"wp","href":"https:\/\/api.w.org\/{rel}","templated":true}]}}