{"id":123627,"date":"2025-09-19T09:53:30","date_gmt":"2025-09-19T09:53:30","guid":{"rendered":"https:\/\/rdnews.al\/?p=123627"},"modified":"2025-09-19T10:14:54","modified_gmt":"2025-09-19T10:14:54","slug":"perjashtimi-i-dy-deputeteve-te-pd-korreshi-rama-provokoi-opoziten-masat-disiplinore-jane-abuzive","status":"publish","type":"post","link":"https:\/\/rdnews.al\/index.php\/2025\/09\/19\/perjashtimi-i-dy-deputeteve-te-pd-korreshi-rama-provokoi-opoziten-masat-disiplinore-jane-abuzive\/","title":{"rendered":"P\u00ebrjashtimi i dy deputet\u00ebve t\u00eb PD\/ Korreshi: Rama dhe Peleshi provokaun opozit\u00ebn, masat disiplinore jan\u00eb abuzive!"},"content":{"rendered":"<p>Deputeti i PD, Saimir Korreshi reagoi ashp\u00ebr pas vendimit p\u00ebr pezullimin me 10 dit\u00eb t\u00eb kreut t\u00eb grupit parlamentar t\u00eb PD, Gazment Bardhi dhe deputetit Fidel Kreka, si pasoj\u00eb e ngjarjeve n\u00eb seanc\u00ebn e djeshme parlamentare.<\/p>\n<p>enoncoi sot n\u00eb dalje nga sekretariati i etik\u00ebs shkeljet flagrante t\u00eb procedurave n\u00eb Kuvend.<\/p>\n<p>Korreshi pas daljes nga sekretariati i etik\u00ebs shkeljet flagrante t\u00eb procedurave n\u00eb Kuvend tha se, sekretariati i etik\u00ebs filloi direkt me mas\u00eb disiplinore, ende pa u konsultuar mir\u00eb. Ai akuzoi Ram\u00ebn p\u00ebr sjellje antikushtetuese dhe presion mbi opozit\u00ebn.<\/p>\n<p>Korreshi tha se, kryetari i Kuvendit, Niko Peleshi lejoi shkelje t\u00eb hapura t\u00eb rregullores dhe ndikimin e kryeministrit n\u00eb pun\u00ebn e Kuvendit.<\/p>\n<p>\u201cJu e pat\u00ebt se \u00e7far\u00eb ndodhi n\u00eb seanc\u00ebn parlamentare, ende pa u konsultuar mir\u00eb sekretariati i etik\u00ebs filloi direkt me mas\u00eb disiplinore. Ju e mbani mend sesi mandatin e kaluar jemi mbledhur si asnj\u00ebher\u00eb n\u00eb 36 vjet parlamentariz\u00ebm. Filluam p\u00ebrs\u00ebri me k\u00ebt\u00eb lloj gjuhe.<\/p>\n<p>Sot duhet t\u00eb ishte tek sekretariati i etik\u00ebs kryetari i Kuvendit, zoti Niko Peleshi, i cili edhe pse ne e dim\u00eb q\u00eb tashm\u00eb Shqip\u00ebria de facto jan\u00eb shtrir\u00eb ndarjet e pushtetit n\u00eb duart e kryeministrit, prap\u00eb nuk ka m\u00eb pushtet legjislativ, ekzekutiv apo gjyq\u00ebsor, por jan\u00eb shkrir\u00eb t\u00eb tera n\u00eb nj\u00eb. E la t\u00eb dirigjonte pa pik\u00eb turpi.<\/p>\n<p>Ju e pat\u00ebt shum\u00eb mir\u00eb q\u00eb as Kushtetuta, as rregullorja e Kuvendit nuk e lejojn\u00eb q\u00eb nj\u00eb minist\u00ebr t\u00eb flas\u00eb, po e quaj minist\u00ebr Diell\u00ebn, po e le me priz\u00ebn v\u00ebn\u00eb, nuk po ja heqim prizen momentalisht, hall \u00ebsht\u00eb kur t\u00eb ikin dritat, se k\u00ebtu n\u00eb Shqip\u00ebri akoma luftojm\u00eb p\u00ebr drita 24 or\u00eb.<br \/>\nAsnj\u00ebher\u00eb n\u00eb gjith\u00eb k\u00ebto vite, n\u00eb gjith\u00eb k\u00ebto mandate legjislative, nuk ka b\u00ebr\u00eb vaki ndonj\u00ebher\u00eb q\u00eb t\u00eb flas\u00eb ndonj\u00eb minist\u00ebr p\u00ebr programin e qeveris\u00eb ende pa u betuar kryeministri dhe pa u formuar qeveria.<\/p>\n<p>Ju e pat\u00eb q\u00eb Niko Peleshi, bashk\u00eb me kreun e grupit parlamentar, zotin Taulant Balla dhe shoqja Diella, n\u00eb fjal\u00ebt e saj ka provokuar opozit\u00ebn, por shoku Peleshi gjat\u00eb nd\u00ebrprerjes 5-minut\u00ebshe deklaroi se do t\u2019i jepte, sapo t\u00eb niste seanca, fjal\u00ebn kryetarit t\u00eb grupit parlamentar t\u00eb Partis\u00eb Demokratike, zotit Gazment Bardhi.<\/p>\n<p>Gj\u00ebr\u00ebn q\u00eb nuk e mbajti, por si duket me shkelje syri, me vendimet e tyre b\u00ebn\u00eb at\u00eb q\u00eb mos t\u2019i japin t\u00eb drejt\u00ebn opozit\u00ebs p\u00ebr t\u2019u shprehur mbi programin qeveritar.<\/p>\n<p>Ju e pat\u00ebt q\u00eb ai q\u00eb n\u00eb fillim t\u00eb fjal\u00ebs s\u00eb tij ka qen\u00eb provokativ, si\u00e7 ka qen\u00eb dhe antikushtetuese, dhe v\u00ebnia n\u00eb priz\u00eb e Diell\u00ebs n\u00eb momentin e kryeministrit.<\/p>\n<p>S\u2019ka b\u00ebr\u00eb gj\u00eb tjet\u00ebr zoti Gazment Bardhi, ve\u00e7se i ka kujtuar rregulloren shokut Niko, por shoku Niko as rregulloren s\u2019e ka marr\u00eb me vete.<\/p>\n<p>Ne kemi k\u00ebrkuar sot n\u00eb komision pavlefshm\u00ebrin\u00eb e seanc\u00ebs, kemi k\u00ebrkuar gjithashtu q\u00eb t\u00eb vihen n\u00eb dispozicion t\u00eb rojeve provokimet q\u00eb jan\u00eb b\u00ebr\u00eb si nga kryetari, po ashtu edhe nga kryeministri. Jam d\u00ebshmitari i nj\u00eb pa\u00e7avureje q\u00eb b\u00ebhet n\u00eb sekretariatin e etik\u00ebs\u201d, u shpreh Korreshi.<\/p>\n<p>Dy deputet\u00ebt e PD, Gazment Bardhi dhe Fidel Kreka jan\u00eb p\u00ebrjashtuar p\u00ebr 10 dit\u00eb nga pjes\u00ebmarrja n\u00eb seancat parlamentare.<\/p>\n<p>P\u00ebrjashtimi vjen pas tensioneve n\u00eb Kuvend, ku opozita bllokoi foltoren e Kuvendit dhe hodhi n\u00eb drejtim t\u00eb kryeministrit Rama, kryetarit t\u00eb Kuvendit Niko Peleshi dhe ministrave, Rregulloren dhe rendin e dit\u00ebs.<\/p>\n<p>P\u00ebrplasjet n\u00eb Kuvend nis\u00ebn kur kreu i qeveris\u00eb nd\u00ebrpreu fjal\u00ebn e tij, p\u00ebr t\u00eb lidhur me sistemin e sall\u00ebs nj\u00eb video t\u00eb ministres digjitale Diella.<\/p>\n","protected":false},"excerpt":{"rendered":"<p>Deputeti i PD, Saimir Korreshi reagoi ashp\u00ebr pas vendimit p\u00ebr pezullimin me 10 dit\u00eb t\u00eb kreut t\u00eb grupit parlamentar t\u00eb PD, Gazment Bardhi dhe deputetit Fidel Kreka, si pasoj\u00eb e ngjarjeve n\u00eb seanc\u00ebn e djeshme parlamentare. enoncoi sot n\u00eb dalje nga sekretariati i etik\u00ebs shkeljet flagrante t\u00eb procedurave n\u00eb Kuvend. Korreshi pas daljes nga sekretariati &hellip;<\/p>\n","protected":false},"author":4,"featured_media":123636,"comment_status":"closed","ping_status":"closed","sticky":false,"template":"","format":"standard","meta":{"footnotes":""},"categories":[37],"tags":[],"class_list":["post-123627","post","type-post","status-publish","format-standard","has-post-thumbnail","","category-politike"],"_links":{"self":[{"href":"https:\/\/rdnews.al\/index.php\/wp-json\/wp\/v2\/posts\/123627","targetHints":{"allow":["GET"]}}],"collection":[{"href":"https:\/\/rdnews.al\/index.php\/wp-json\/wp\/v2\/posts"}],"about":[{"href":"https:\/\/rdnews.al\/index.php\/wp-json\/wp\/v2\/types\/post"}],"author":[{"embeddable":true,"href":"https:\/\/rdnews.al\/index.php\/wp-json\/wp\/v2\/users\/4"}],"replies":[{"embeddable":true,"href":"https:\/\/rdnews.al\/index.php\/wp-json\/wp\/v2\/comments?post=123627"}],"version-history":[{"count":4,"href":"https:\/\/rdnews.al\/index.php\/wp-json\/wp\/v2\/posts\/123627\/revisions"}],"predecessor-version":[{"id":123631,"href":"https:\/\/rdnews.al\/index.php\/wp-json\/wp\/v2\/posts\/123627\/revisions\/123631"}],"wp:featuredmedia":[{"embeddable":true,"href":"https:\/\/rdnews.al\/index.php\/wp-json\/wp\/v2\/media\/123636"}],"wp:attachment":[{"href":"https:\/\/rdnews.al\/index.php\/wp-json\/wp\/v2\/media?parent=123627"}],"wp:term":[{"taxonomy":"category","embeddable":true,"href":"https:\/\/rdnews.al\/index.php\/wp-json\/wp\/v2\/categories?post=123627"},{"taxonomy":"post_tag","embeddable":true,"href":"https:\/\/rdnews.al\/index.php\/wp-json\/wp\/v2\/tags?post=123627"}],"curies":[{"name":"wp","href":"https:\/\/api.w.org\/{rel}","templated":true}]}}