{"id":12363,"date":"2022-05-15T15:38:12","date_gmt":"2022-05-15T15:38:12","guid":{"rendered":"https:\/\/rdnews.al\/?p=12363"},"modified":"2022-05-15T15:38:12","modified_gmt":"2022-05-15T15:38:12","slug":"berisha-jemi-parti-e-vlerave-arberore-ne-kemi-fituar-nje-beteje-por-jo-nje-lufte","status":"publish","type":"post","link":"https:\/\/rdnews.al\/index.php\/2022\/05\/15\/berisha-jemi-parti-e-vlerave-arberore-ne-kemi-fituar-nje-beteje-por-jo-nje-lufte\/","title":{"rendered":"Berisha: Jemi parti e vlerave arb\u00ebrore! Ne kemi fituar nj\u00eb betej\u00eb, por jo nj\u00eb luft\u00eb!"},"content":{"rendered":"<p>N\u00eb kuad\u00ebr t\u00eb fushat\u00ebs p\u00ebr zgjedhjen e kryetarit t\u00eb ri t\u00eb Partis\u00eb Demokratike, Sali Berisha ka zhvilluar nj\u00eb takim me demokrat\u00ebt dhe simpatizant\u00ebt n\u00eb Lezh\u00eb.\u00a0Gjat\u00eb fjal\u00ebs s\u00eb tij, Berisha tha se, albanofob\u00ebt donin q\u00eb t\u00eb shkat\u00ebrronin PD, por ne mendonim ndryshe.<\/p>\n<p>\u201cJemi \u00a0partia e vlerave arb\u00ebrore dhe universale. Te tjer\u00ebt k\u00ebrkonin q\u00eb t\u00eb ua em\u00ebronin kryetarin. P\u00ebrdor\u00ebn proceset gjyq\u00ebsore me t\u00eb gjitha format. Por cili ishte rezultati, ishte d\u00ebshtimi.<\/p>\n<p>Sot arrit\u00ebm n\u00eb t\u00eb drejt\u00ebn ton\u00eb, q\u00eb t\u00eb jemi nj\u00eb opozit\u00eb e v\u00ebrtet\u00eb p\u00ebr shumic\u00ebn e shqiptar\u00ebve. Arrit\u00ebm q\u00eb t\u00eb p\u00ebrmbushim interesin madhor. Interesi komb\u00ebtar \u00ebsht\u00eb opozita e v\u00ebrtet\u00eb, jo nj\u00eb komb me opozit\u00eb t\u00eb shtir\u00eb, fals opozit\u00eb. Nj\u00eb komb i till\u00eb s\u2019ka t\u00eb ardhme.<\/p>\n<p>Albanofob\u00ebt me urrejtjen ndaj shqiptar\u00ebt, parashikonin nj\u00eb situat\u00eb t\u00eb till\u00eb. Por ne mendonim ndryshe dhe ja ku jemi sot, nj\u00eb parti e rithemeluar. Jemi parti e vlerave m\u00eb t\u00eb mira arb\u00ebrore, por jo vet\u00ebm, edhe universale. Ne kemi fituar nj\u00eb betej\u00eb, por jo luft\u00eb. Lufta \u00ebsht\u00eb e v\u00ebshtir\u00eb dhe aspak e leht\u00eb.<\/p>\n<p>Ju e keni par\u00eb vet\u00eb se \u00e7far\u00eb zhurme \u00ebsht\u00eb b\u00ebr\u00eb gjat\u00eb k\u00ebtij procesi, nga nj\u00eb propagand\u00eb e cila sikur vinte nga nj\u00eb vend diktatorial, ku nuk ekzistonte vota dhe parimet e liris\u00eb\u201d,\u00a0tha Berisha.<\/p>\n","protected":false},"excerpt":{"rendered":"<p>N\u00eb kuad\u00ebr t\u00eb fushat\u00ebs p\u00ebr zgjedhjen e kryetarit t\u00eb ri t\u00eb Partis\u00eb Demokratike, Sali Berisha ka zhvilluar nj\u00eb takim me demokrat\u00ebt dhe simpatizant\u00ebt n\u00eb Lezh\u00eb.\u00a0Gjat\u00eb fjal\u00ebs s\u00eb tij, Berisha tha se, albanofob\u00ebt donin q\u00eb t\u00eb shkat\u00ebrronin PD, por ne mendonim ndryshe. \u201cJemi \u00a0partia e vlerave arb\u00ebrore dhe universale. Te tjer\u00ebt k\u00ebrkonin q\u00eb t\u00eb ua em\u00ebronin &hellip;<\/p>\n","protected":false},"author":4,"featured_media":12364,"comment_status":"open","ping_status":"open","sticky":false,"template":"","format":"standard","meta":{"footnotes":""},"categories":[37],"tags":[],"class_list":["post-12363","post","type-post","status-publish","format-standard","has-post-thumbnail","","category-politike"],"_links":{"self":[{"href":"https:\/\/rdnews.al\/index.php\/wp-json\/wp\/v2\/posts\/12363","targetHints":{"allow":["GET"]}}],"collection":[{"href":"https:\/\/rdnews.al\/index.php\/wp-json\/wp\/v2\/posts"}],"about":[{"href":"https:\/\/rdnews.al\/index.php\/wp-json\/wp\/v2\/types\/post"}],"author":[{"embeddable":true,"href":"https:\/\/rdnews.al\/index.php\/wp-json\/wp\/v2\/users\/4"}],"replies":[{"embeddable":true,"href":"https:\/\/rdnews.al\/index.php\/wp-json\/wp\/v2\/comments?post=12363"}],"version-history":[{"count":0,"href":"https:\/\/rdnews.al\/index.php\/wp-json\/wp\/v2\/posts\/12363\/revisions"}],"wp:featuredmedia":[{"embeddable":true,"href":"https:\/\/rdnews.al\/index.php\/wp-json\/wp\/v2\/media\/12364"}],"wp:attachment":[{"href":"https:\/\/rdnews.al\/index.php\/wp-json\/wp\/v2\/media?parent=12363"}],"wp:term":[{"taxonomy":"category","embeddable":true,"href":"https:\/\/rdnews.al\/index.php\/wp-json\/wp\/v2\/categories?post=12363"},{"taxonomy":"post_tag","embeddable":true,"href":"https:\/\/rdnews.al\/index.php\/wp-json\/wp\/v2\/tags?post=12363"}],"curies":[{"name":"wp","href":"https:\/\/api.w.org\/{rel}","templated":true}]}}