{"id":123643,"date":"2025-09-19T10:59:52","date_gmt":"2025-09-19T10:59:52","guid":{"rendered":"https:\/\/rdnews.al\/?p=123643"},"modified":"2025-09-19T11:05:04","modified_gmt":"2025-09-19T11:05:04","slug":"lirohet-nga-burgu-gjyqtarja-qe-ishte-pjese-e-grupit-kriminal-te-suel-celes","status":"publish","type":"post","link":"https:\/\/rdnews.al\/index.php\/2025\/09\/19\/lirohet-nga-burgu-gjyqtarja-qe-ishte-pjese-e-grupit-kriminal-te-suel-celes\/","title":{"rendered":"Skandali\/ Lirohet nga burgu gjyqtarja q\u00eb ishte pjes\u00eb e grupit kriminal t\u00eb Suel \u00c7el\u00ebs"},"content":{"rendered":"<p>Gjykata e Posa\u00e7me ndryshoi mas\u00ebn e siguris\u00eb nga \u201carrest n\u00eb burg\u201d n\u00eb \u201carrest n\u00eb sht\u00ebpi\u201d p\u00ebr ish-gjyqtaren e Elbasanit Pajtime Fetahu. Vendimi u dha m\u00ebngjesin e sot\u00ebm nga gjyqtari Erjon \u00c7ela.<\/p>\n<p>Nj\u00eb dit\u00eb m\u00eb par\u00eb Gjykata e Lart\u00eb rr\u00ebzoi rekursin e ish-gjyqtares p\u00ebr ndryshimin e mas\u00ebs s\u00eb siguris\u00eb.<\/p>\n<p>Ajo po hetohet nga SPAK p\u00ebr korrupsion ne kuader te dosjes se organizatave kriminale n\u00eb Elbasan t\u00eb drejtuara nga Suel \u00c7ela dhe v\u00ebllezerit \u00c7opja.<\/p>\n","protected":false},"excerpt":{"rendered":"<p>Gjykata e Posa\u00e7me ndryshoi mas\u00ebn e siguris\u00eb nga \u201carrest n\u00eb burg\u201d n\u00eb \u201carrest n\u00eb sht\u00ebpi\u201d p\u00ebr ish-gjyqtaren e Elbasanit Pajtime Fetahu. Vendimi u dha m\u00ebngjesin e sot\u00ebm nga gjyqtari Erjon \u00c7ela. Nj\u00eb dit\u00eb m\u00eb par\u00eb Gjykata e Lart\u00eb rr\u00ebzoi rekursin e ish-gjyqtares p\u00ebr ndryshimin e mas\u00ebs s\u00eb siguris\u00eb. Ajo po hetohet nga SPAK p\u00ebr korrupsion &hellip;<\/p>\n","protected":false},"author":4,"featured_media":123645,"comment_status":"closed","ping_status":"closed","sticky":false,"template":"","format":"standard","meta":{"footnotes":""},"categories":[37],"tags":[],"class_list":["post-123643","post","type-post","status-publish","format-standard","has-post-thumbnail","","category-politike"],"_links":{"self":[{"href":"https:\/\/rdnews.al\/index.php\/wp-json\/wp\/v2\/posts\/123643","targetHints":{"allow":["GET"]}}],"collection":[{"href":"https:\/\/rdnews.al\/index.php\/wp-json\/wp\/v2\/posts"}],"about":[{"href":"https:\/\/rdnews.al\/index.php\/wp-json\/wp\/v2\/types\/post"}],"author":[{"embeddable":true,"href":"https:\/\/rdnews.al\/index.php\/wp-json\/wp\/v2\/users\/4"}],"replies":[{"embeddable":true,"href":"https:\/\/rdnews.al\/index.php\/wp-json\/wp\/v2\/comments?post=123643"}],"version-history":[{"count":2,"href":"https:\/\/rdnews.al\/index.php\/wp-json\/wp\/v2\/posts\/123643\/revisions"}],"predecessor-version":[{"id":123649,"href":"https:\/\/rdnews.al\/index.php\/wp-json\/wp\/v2\/posts\/123643\/revisions\/123649"}],"wp:featuredmedia":[{"embeddable":true,"href":"https:\/\/rdnews.al\/index.php\/wp-json\/wp\/v2\/media\/123645"}],"wp:attachment":[{"href":"https:\/\/rdnews.al\/index.php\/wp-json\/wp\/v2\/media?parent=123643"}],"wp:term":[{"taxonomy":"category","embeddable":true,"href":"https:\/\/rdnews.al\/index.php\/wp-json\/wp\/v2\/categories?post=123643"},{"taxonomy":"post_tag","embeddable":true,"href":"https:\/\/rdnews.al\/index.php\/wp-json\/wp\/v2\/tags?post=123643"}],"curies":[{"name":"wp","href":"https:\/\/api.w.org\/{rel}","templated":true}]}}