{"id":123650,"date":"2025-09-19T11:24:36","date_gmt":"2025-09-19T11:24:36","guid":{"rendered":"https:\/\/rdnews.al\/?p=123650"},"modified":"2025-09-19T11:25:11","modified_gmt":"2025-09-19T11:25:11","slug":"nje-keshilltar-i-elises-paguhet-1800-euro-ne-muaj-ka-40-te-tille","status":"publish","type":"post","link":"https:\/\/rdnews.al\/index.php\/2025\/09\/19\/nje-keshilltar-i-elises-paguhet-1800-euro-ne-muaj-ka-40-te-tille\/","title":{"rendered":"Nj\u00eb k\u00ebshilltar i Elis\u00ebs paguhet 1800 euro n\u00eb muaj\/ Ka 40 t\u00eb till\u00eb, lista&#8230;"},"content":{"rendered":"<p><strong>Esiona Konomi<\/strong><\/p>\n<p>Kabineti i qokave\u2026..parlamentare\u2026<\/p>\n<p>Dje nj\u00eb mik, me nj\u00eb lloj alarmimi, m\u00eb kontaktoi p\u00ebr t\u00eb m\u00eb informuar se kryetari i ri i Kuvendit, Niko Peleshi kishte shkarkuar n\u00eb bllok t\u00eb gjitha kabinetin e kryetares s\u00eb shkuar, Elisa Spiropali.<\/p>\n<p>\u201c\u00cbsht\u00eb normale,- i thash\u00eb. Stafi politik ik\u00ebn s\u00eb bashku me titullarin\u201d.<\/p>\n<p>\u201cPo e b\u00ebn me urgjenc\u00eb,\u201d-tha.<\/p>\n<p>Nisur nga kjo, \u00ebsht\u00eb rasti t\u00eb tregojm\u00eb se si kabinetet mbushen n\u00eb nj\u00eb pjes\u00eb t\u00eb mir\u00eb t\u00eb pozicioneve, me individ\u00eb p\u00ebr \u201cqok\u00eb\u201d q\u00eb nuk kryejn\u00eb funksione reale.<\/p>\n<p>P\u00ebr nj\u00eb panoram\u00eb m\u00eb t\u00eb qart\u00eb, Kabineti i plot\u00eb i Elisa Spiropalit ishte ky:<\/p>\n<p>Po marr me radh\u00eb, ata pak p\u00ebr t\u00eb cil\u00ebt di di\u00e7ka:<\/p>\n<p>\u2022 Ajo q\u00eb mban pozicionin e z\u00ebdh\u00ebn\u00ebses, nuk ka mbajtur kurr\u00eb nj\u00eb komunikim me gazetar\u00ebt, zero. Puna e saj e vetme ka qen\u00eb t\u00eb b\u00ebj\u00eb reels t\u00eb bukur p\u00ebr rrjetet sociale t\u00eb znj. Spiropali.<\/p>\n<p>\u2022 Un\u00eb nuk e di se p\u00ebr \u00e7far\u00eb i meriton ish-eurodeputeti Knut Frankestein 1600 euro n\u00eb muaj nga taksat tona.<\/p>\n<p>\u2022 Edon Beci, djali i kryebashkiakut t\u00eb Shkodr\u00ebs, Benet Beci na kushton 1800 euro n\u00eb muaj.<\/p>\n<p>\u2022 Nuk kam asnj\u00eb shpjegim logjik se \u00e7far\u00eb ekspertize t\u00eb dobishme i ka dh\u00ebn\u00eb znj. Spiropali, ish-deputeti socialist i Vor\u00ebs, Sadi Vorpsi. Edhe at\u00eb e kemi paguar 1800 euro n\u00eb muaj.<\/p>\n<p>\u2022 Mbase mes emrave \u00ebsht\u00eb edhe ndonj\u00eb parukierje\/grimiere.<\/p>\n<p>&nbsp;<\/p>\n<p>Evis Fico Shefe Kabineti<\/p>\n<p>Zhaklina Gjolla Z\u00ebdh\u00ebn\u00ebse<\/p>\n<p>Boralda Lalollari K\u00ebshilltar<\/p>\n<p>Glen Mebelli K\u00ebshilltar<\/p>\n<p>Knut Frankestein K\u00ebshilltar<\/p>\n<p>Kosta Barjaba K\u00ebshilltar<\/p>\n<p>Ejona Isufaj K\u00ebshilltar<\/p>\n<p>Edon Beci K\u00ebshilltar<\/p>\n<p>Enilda Miftari K\u00ebshilltar i jasht\u00ebm<\/p>\n<p>Liridona Limani K\u00ebshilltar i jasht\u00ebm<\/p>\n<p>Erisjan Bregu Sekretar<\/p>\n<p>Danja Peza Sekretar<\/p>\n<p>Miranda Lila Ekspert<\/p>\n<p>Lidiana Dushku Ekspert<\/p>\n<p>Sadi Vorpsi Ekspert<\/p>\n<p>Megi Zonja Ekspert i jasht\u00ebm<\/p>\n<p>Lorenc Vangjeli Ekspert i jasht\u00ebm<\/p>\n<p>2 pozicione ekspert vakant<\/p>\n<p>\u201cAktualisht ky Kabinet nuk \u00ebsht\u00eb m\u00eb n\u00eb detyr\u00eb dhe pritet t\u00eb z\u00ebvend\u00ebsohet me Kabinetin e Krytearit t\u00eb ri t\u00eb Kuvendit, Z. Niko Peleshi\u201d, \u2013 m\u00eb tha sot Kuvendi i Shqip\u00ebris\u00eb n\u00eb p\u00ebrgjigje t\u00eb nj\u00eb k\u00ebrkese p\u00ebr informacion.<\/p>\n","protected":false},"excerpt":{"rendered":"<p>Esiona Konomi Kabineti i qokave\u2026..parlamentare\u2026 Dje nj\u00eb mik, me nj\u00eb lloj alarmimi, m\u00eb kontaktoi p\u00ebr t\u00eb m\u00eb informuar se kryetari i ri i Kuvendit, Niko Peleshi kishte shkarkuar n\u00eb bllok t\u00eb gjitha kabinetin e kryetares s\u00eb shkuar, Elisa Spiropali. \u201c\u00cbsht\u00eb normale,- i thash\u00eb. Stafi politik ik\u00ebn s\u00eb bashku me titullarin\u201d. \u201cPo e b\u00ebn me urgjenc\u00eb,\u201d-tha. &hellip;<\/p>\n","protected":false},"author":3,"featured_media":123651,"comment_status":"closed","ping_status":"closed","sticky":false,"template":"","format":"standard","meta":{"footnotes":""},"categories":[37],"tags":[],"class_list":["post-123650","post","type-post","status-publish","format-standard","has-post-thumbnail","","category-politike"],"_links":{"self":[{"href":"https:\/\/rdnews.al\/index.php\/wp-json\/wp\/v2\/posts\/123650","targetHints":{"allow":["GET"]}}],"collection":[{"href":"https:\/\/rdnews.al\/index.php\/wp-json\/wp\/v2\/posts"}],"about":[{"href":"https:\/\/rdnews.al\/index.php\/wp-json\/wp\/v2\/types\/post"}],"author":[{"embeddable":true,"href":"https:\/\/rdnews.al\/index.php\/wp-json\/wp\/v2\/users\/3"}],"replies":[{"embeddable":true,"href":"https:\/\/rdnews.al\/index.php\/wp-json\/wp\/v2\/comments?post=123650"}],"version-history":[{"count":2,"href":"https:\/\/rdnews.al\/index.php\/wp-json\/wp\/v2\/posts\/123650\/revisions"}],"predecessor-version":[{"id":123653,"href":"https:\/\/rdnews.al\/index.php\/wp-json\/wp\/v2\/posts\/123650\/revisions\/123653"}],"wp:featuredmedia":[{"embeddable":true,"href":"https:\/\/rdnews.al\/index.php\/wp-json\/wp\/v2\/media\/123651"}],"wp:attachment":[{"href":"https:\/\/rdnews.al\/index.php\/wp-json\/wp\/v2\/media?parent=123650"}],"wp:term":[{"taxonomy":"category","embeddable":true,"href":"https:\/\/rdnews.al\/index.php\/wp-json\/wp\/v2\/categories?post=123650"},{"taxonomy":"post_tag","embeddable":true,"href":"https:\/\/rdnews.al\/index.php\/wp-json\/wp\/v2\/tags?post=123650"}],"curies":[{"name":"wp","href":"https:\/\/api.w.org\/{rel}","templated":true}]}}