{"id":123657,"date":"2025-09-19T11:47:09","date_gmt":"2025-09-19T11:47:09","guid":{"rendered":"https:\/\/rdnews.al\/?p=123657"},"modified":"2025-09-19T11:47:09","modified_gmt":"2025-09-19T11:47:09","slug":"berisha-banesa-e-deputetit-xhelal-mziu-u-sulmua-me-tritol-nga-bandite-shteterore-synon-ti-mbylle-gojen-opozitareve","status":"publish","type":"post","link":"https:\/\/rdnews.al\/index.php\/2025\/09\/19\/berisha-banesa-e-deputetit-xhelal-mziu-u-sulmua-me-tritol-nga-bandite-shteterore-synon-ti-mbylle-gojen-opozitareve\/","title":{"rendered":"Berisha: Banesa e deputetit Xhelal Mziu u sulmua me tritol nga bandit\u00eb shtet\u00ebror\u00eb! Synon t\u2019i mbyll\u00eb goj\u00ebn opozitar\u00ebve!\u00a0"},"content":{"rendered":"<p>Kryetari i PD, Sali Berisha, gjat\u00eb nj\u00eb konference p\u00ebr media komentoi mbi ngjarjen e r\u00ebnd\u00eb t\u00eb ndodhur t\u00eb sulmit me tritol n\u00eb banes\u00ebn e deputetit Xhelal Mziu.<br \/>\nBerisha e cil\u00ebsoi k\u00ebt\u00eb si nj\u00eb akt t\u00eb past\u00ebr terrorizmi shtet\u00ebror ndaj nj\u00eb deputeti dhe familjes s\u00eb tij, duke shtuar se masa e eksplozivit ka qen\u00eb e konsiderueshme dhe ka shkaktuar d\u00ebme edhe n\u00eb zon\u00ebn p\u00ebrreth.<br \/>\nAi tha se, ky sulm \u00ebsht\u00eb nj\u00eb p\u00ebrpjekje p\u00ebr t\u00eb mbyllur goj\u00ebn e opozit\u00ebs, nd\u00ebrsa akuzoi direkt kryeministrin Edi Rama dhe strukturat e shtetit p\u00ebr lidhje me bandat kriminale q\u00eb, si\u00e7 tha, sot jan\u00eb \u201cpron\u00eb totale e qeveris\u00eb\u201d.<br \/>\n\u201cS\u00eb pari me nj\u00eb ndjes\u00eb p\u00ebr k\u00ebt\u00eb shtytje t\u00eb detyruar t\u00eb konferenc\u00ebs p\u00ebr shkak, e kuptoni vet\u00eb, t\u00eb nj\u00eb trafiku t\u00eb pashembult q\u00eb ekziston n\u00eb rrug\u00ebt e Tiran\u00ebs.<br \/>\nDhe zoti Mziu, q\u00eb \u00ebsht\u00eb nisur me koh\u00eb p\u00ebr t\u00eb ardhur n\u00eb k\u00ebt\u00eb konferenc\u00eb, iu desh trefishi i koh\u00ebs.<br \/>\nSot un\u00eb jam k\u00ebtu me deputetin Xhelal Mziu p\u00ebr t\u00eb denoncuar nj\u00eb akt terrorizmi shtet\u00ebror ndaj deputetit dhe familjes s\u00eb tij.<br \/>\nBanesa e deputetit Xhelal Mziu, duke qen\u00eb brenda n\u00eb banes\u00eb, \u00ebsht\u00eb sulmuar me tritol nga bandit\u00eb shtet\u00ebrore.<br \/>\nBandat jan\u00eb sot pron\u00eb totale e shtetit.<br \/>\nMasa e eksplozivit ka qen\u00eb e konsiderueshme dhe ka krijuar d\u00ebme edhe n\u00eb zon\u00ebn p\u00ebrreth.<br \/>\nKy akt vjen pas q\u00ebndrimit t\u00eb djesh\u00ebm antikushtetues t\u00eb kreut t\u00eb organizat\u00ebs kriminale ndaj parlamentit dhe opozit\u00ebs.<br \/>\nKy akt ka vet\u00ebm nj\u00eb synim, t\u00eb mbyll\u00eb goj\u00ebn e opozitar\u00ebve.<br \/>\nP\u00ebr t\u00eb gjitha k\u00ebto, e garantoj Edi Ram\u00ebn se do mbaj\u00eb p\u00ebrgjegj\u00ebsi maksimale\u201d, tha Berisha.<\/p>\n","protected":false},"excerpt":{"rendered":"<p>Kryetari i PD, Sali Berisha, gjat\u00eb nj\u00eb konference p\u00ebr media komentoi mbi ngjarjen e r\u00ebnd\u00eb t\u00eb ndodhur t\u00eb sulmit me tritol n\u00eb banes\u00ebn e deputetit Xhelal Mziu. Berisha e cil\u00ebsoi k\u00ebt\u00eb si nj\u00eb akt t\u00eb past\u00ebr terrorizmi shtet\u00ebror ndaj nj\u00eb deputeti dhe familjes s\u00eb tij, duke shtuar se masa e eksplozivit ka qen\u00eb e konsiderueshme &hellip;<\/p>\n","protected":false},"author":4,"featured_media":123658,"comment_status":"closed","ping_status":"closed","sticky":false,"template":"","format":"standard","meta":{"footnotes":""},"categories":[37],"tags":[],"class_list":["post-123657","post","type-post","status-publish","format-standard","has-post-thumbnail","","category-politike"],"_links":{"self":[{"href":"https:\/\/rdnews.al\/index.php\/wp-json\/wp\/v2\/posts\/123657","targetHints":{"allow":["GET"]}}],"collection":[{"href":"https:\/\/rdnews.al\/index.php\/wp-json\/wp\/v2\/posts"}],"about":[{"href":"https:\/\/rdnews.al\/index.php\/wp-json\/wp\/v2\/types\/post"}],"author":[{"embeddable":true,"href":"https:\/\/rdnews.al\/index.php\/wp-json\/wp\/v2\/users\/4"}],"replies":[{"embeddable":true,"href":"https:\/\/rdnews.al\/index.php\/wp-json\/wp\/v2\/comments?post=123657"}],"version-history":[{"count":1,"href":"https:\/\/rdnews.al\/index.php\/wp-json\/wp\/v2\/posts\/123657\/revisions"}],"predecessor-version":[{"id":123659,"href":"https:\/\/rdnews.al\/index.php\/wp-json\/wp\/v2\/posts\/123657\/revisions\/123659"}],"wp:featuredmedia":[{"embeddable":true,"href":"https:\/\/rdnews.al\/index.php\/wp-json\/wp\/v2\/media\/123658"}],"wp:attachment":[{"href":"https:\/\/rdnews.al\/index.php\/wp-json\/wp\/v2\/media?parent=123657"}],"wp:term":[{"taxonomy":"category","embeddable":true,"href":"https:\/\/rdnews.al\/index.php\/wp-json\/wp\/v2\/categories?post=123657"},{"taxonomy":"post_tag","embeddable":true,"href":"https:\/\/rdnews.al\/index.php\/wp-json\/wp\/v2\/tags?post=123657"}],"curies":[{"name":"wp","href":"https:\/\/api.w.org\/{rel}","templated":true}]}}