{"id":123660,"date":"2025-09-19T11:51:09","date_gmt":"2025-09-19T11:51:09","guid":{"rendered":"https:\/\/rdnews.al\/?p=123660"},"modified":"2025-09-19T11:57:25","modified_gmt":"2025-09-19T11:57:25","slug":"sulmi-ndaj-deputetit-berisha-eshte-iluzion-te-besosh-se-policia-do-zbardhe-krimin-politik","status":"publish","type":"post","link":"https:\/\/rdnews.al\/index.php\/2025\/09\/19\/sulmi-ndaj-deputetit-berisha-eshte-iluzion-te-besosh-se-policia-do-zbardhe-krimin-politik\/","title":{"rendered":"Shp\u00ebrthimi te banesa e deputetit, Berisha: \u00cbsht\u00eb iluzion t\u00eb besosh se policia do zbardh\u00eb krimin politik!"},"content":{"rendered":"<p>Kryetari i PD, Sali Berisha komentoi ngjarjen e r\u00ebnd\u00eb t\u00eb shp\u00ebrthimit me tritol n\u00eb banes\u00ebn e deputetit Xhelal Mziu.<\/p>\n<p>Gjat\u00eb nj\u00eb konference p\u00ebr media, Berisha u shpreh se, policia \u00ebsht\u00eb thell\u00ebsisht dhe tmerr\u00ebsisht e politizuar dhe se besimi se ajo mund t\u00eb zbardh\u00eb krimin politik \u00ebsht\u00eb nj\u00eb iluzion.<\/p>\n<p>\u201cKeni parasysh se policia \u00ebsht\u00eb thell\u00ebsisht dhe tmerr\u00ebsisht e politizuar. Po u rikujtoj k\u00ebtu, i nderuar zot\u00ebri, dhe qytetar\u00ebve se koh\u00eb m\u00eb par\u00eb, kur un\u00eb paraqita para jush rastin e zyr\u00ebs elektorale sekrete t\u00eb PS n\u00eb qendr\u00ebn e votimit n\u00eb Pekisht, n\u00eb t\u00eb cil\u00ebn u gjet\u00ebn flet\u00eb votimi, paund, lek\u00eb, karta identiteti, u gjet i gjith\u00eb dokumentacioni, polici, i cili b\u00ebri detyr\u00ebn dhe mori n\u00eb procedim pronarin e barit, u nd\u00ebshkua nga Proda i krimit.<\/p>\n<p>U nd\u00ebshkua!<\/p>\n<p>Un\u00eb nuk mund t\u00eb them se \u00e7do segment i policis\u00eb \u00ebsht\u00eb i infiltruar nga krimi, por t\u00eb besosh se do e zbardh\u00eb, do e pranoj\u00eb t\u00eb zbardhin krimin politik policia, \u00ebsht\u00eb nj\u00eb iluzion\u201d, tha Berisha.<\/p>\n","protected":false},"excerpt":{"rendered":"<p>Kryetari i PD, Sali Berisha komentoi ngjarjen e r\u00ebnd\u00eb t\u00eb shp\u00ebrthimit me tritol n\u00eb banes\u00ebn e deputetit Xhelal Mziu. Gjat\u00eb nj\u00eb konference p\u00ebr media, Berisha u shpreh se, policia \u00ebsht\u00eb thell\u00ebsisht dhe tmerr\u00ebsisht e politizuar dhe se besimi se ajo mund t\u00eb zbardh\u00eb krimin politik \u00ebsht\u00eb nj\u00eb iluzion. \u201cKeni parasysh se policia \u00ebsht\u00eb thell\u00ebsisht dhe &hellip;<\/p>\n","protected":false},"author":4,"featured_media":123665,"comment_status":"closed","ping_status":"closed","sticky":false,"template":"","format":"standard","meta":{"footnotes":""},"categories":[37],"tags":[],"class_list":["post-123660","post","type-post","status-publish","format-standard","has-post-thumbnail","","category-politike"],"_links":{"self":[{"href":"https:\/\/rdnews.al\/index.php\/wp-json\/wp\/v2\/posts\/123660","targetHints":{"allow":["GET"]}}],"collection":[{"href":"https:\/\/rdnews.al\/index.php\/wp-json\/wp\/v2\/posts"}],"about":[{"href":"https:\/\/rdnews.al\/index.php\/wp-json\/wp\/v2\/types\/post"}],"author":[{"embeddable":true,"href":"https:\/\/rdnews.al\/index.php\/wp-json\/wp\/v2\/users\/4"}],"replies":[{"embeddable":true,"href":"https:\/\/rdnews.al\/index.php\/wp-json\/wp\/v2\/comments?post=123660"}],"version-history":[{"count":3,"href":"https:\/\/rdnews.al\/index.php\/wp-json\/wp\/v2\/posts\/123660\/revisions"}],"predecessor-version":[{"id":123664,"href":"https:\/\/rdnews.al\/index.php\/wp-json\/wp\/v2\/posts\/123660\/revisions\/123664"}],"wp:featuredmedia":[{"embeddable":true,"href":"https:\/\/rdnews.al\/index.php\/wp-json\/wp\/v2\/media\/123665"}],"wp:attachment":[{"href":"https:\/\/rdnews.al\/index.php\/wp-json\/wp\/v2\/media?parent=123660"}],"wp:term":[{"taxonomy":"category","embeddable":true,"href":"https:\/\/rdnews.al\/index.php\/wp-json\/wp\/v2\/categories?post=123660"},{"taxonomy":"post_tag","embeddable":true,"href":"https:\/\/rdnews.al\/index.php\/wp-json\/wp\/v2\/tags?post=123660"}],"curies":[{"name":"wp","href":"https:\/\/api.w.org\/{rel}","templated":true}]}}