{"id":123666,"date":"2025-09-19T12:01:03","date_gmt":"2025-09-19T12:01:03","guid":{"rendered":"https:\/\/rdnews.al\/?p=123666"},"modified":"2025-09-19T12:10:56","modified_gmt":"2025-09-19T12:10:56","slug":"shperthimi-i-tritolit-mziu-e-konsideroj-nje-sinjal-nga-kjo-mazhorance-per-te-me-mbyllur-gojen","status":"publish","type":"post","link":"https:\/\/rdnews.al\/index.php\/2025\/09\/19\/shperthimi-i-tritolit-mziu-e-konsideroj-nje-sinjal-nga-kjo-mazhorance-per-te-me-mbyllur-gojen\/","title":{"rendered":"Shp\u00ebrthimi i tritolit\/ Mziu: E konsideroj nj\u00eb sinjal nga kjo mazhoranc\u00eb p\u00ebr t\u00eb m\u00eb mbyllur goj\u00ebn!"},"content":{"rendered":"<p>Deputeti i PD, Xhelal Mziu, u shpreh\u00a0 n\u00eb daljen e tij p\u00ebr media se nuk ka dyshime tek askush lidhur me shp\u00ebrthimin e tritolit n\u00eb banes\u00ebn e tij Ai tha se e konsideron si nj\u00eb sinjal t\u00eb mazhoranc\u00ebs p\u00ebr t\u00eb mbyllur goj\u00ebn.<\/p>\n<p>\u201cN\u00ebse do t\u00eb kisha indicie p\u00ebr persona, absolutisht nuk do t\u00eb hezitoja p\u00ebr t\u00eb dh\u00ebn\u00eb emrin e tij. Un\u00eb dua t\u00eb ju them q\u00eb duke u treguar absolutisht i hapur n\u00eb marr\u00ebdh\u00ebniet e mia dhe duke qen\u00eb kryetar bashkia apo si deputet nuk kam asnj\u00eb lloj konflikti me asnj\u00eb person, dhe nuk gjej dot asnj\u00eb lidhje q\u00eb t\u00eb ket\u00eb me mua apo familjen time p\u00ebr tu vendosur tritoli.<\/p>\n<p>Un\u00eb e konsideroj edhe nj\u00ebher\u00eb nj\u00eb sinjal nga kjo mazhoranc\u00eb p\u00ebr t\u00eb mbyllur goj\u00ebn, si\u00e7 ishte mbyllja e goj\u00ebs dje n\u00eb seanc\u00ebn plenare, por dhe \u00e7do lloj reagimi q\u00eb kemi pasur gjat\u00eb k\u00ebsaj periudhe&#8230;.<\/p>\n<p>&#8230;Ishte policia aty, p\u00ebrcaktoi q\u00eb ishte mas\u00eb tritoli dhe mor\u00ebm t\u00eb gjith\u00eb ekspertiz\u00ebn e nevojshme. Shpresojm\u00eb q\u00eb policia t\u00eb jet\u00eb n\u00eb lart\u00ebsin\u00eb e duhur p\u00ebr t\u00eb mbledhur mjaftuesh\u00ebm informacione dhe duke marr\u00eb kamerat e gjith\u00eb lagjes dhe p\u00ebrreth saj.<\/p>\n<p>N\u00ebse ekziston vullneti i k\u00ebsaj policie, absolutisht q\u00eb do t\u00eb kapen autor\u00ebt dhe do t\u00eb dal\u00eb se kush \u00ebsht\u00eb porosit\u00ebsi. Shpresojm\u00eb q\u00eb policia t\u00eb jet\u00eb n\u00eb lart\u00ebsin\u00eb e duhur, edhe pse nuk jam shum\u00eb besimplot\u00eb n\u00eb k\u00ebt\u00eb drejtim, por urojm\u00eb q\u00eb n\u00eb k\u00ebt\u00eb rast t\u00eb jet\u00eb n\u00eb lart\u00ebsin\u00eb e duhur\u201d, tha Mziu.<\/p>\n<p>Ai tha se, &#8220;jo vet\u00ebm un\u00eb me familjen e komshinjt\u00eb, por dhe n\u00eb Kamz\u00eb apo persona nga Tirana e kan\u00eb d\u00ebgjuar oshtim\u00ebn e k\u00ebtij tritoli.<\/p>\n<p>&#8220;Si\u00e7 tha dhe doktori, por besoj se jeni t\u00eb informuar. Mbr\u00ebm\u00eb rreth or\u00ebs 1 pa 10, pran\u00eb sht\u00ebpis\u00eb time n\u00eb kod\u00ebr Kamz\u00eb rruga e \u2018Arbrit\u2019, pati nj\u00eb shp\u00ebrthim eksplozivi q\u00eb fal\u00eb Zotit nuk pat d\u00ebme n\u00eb njer\u00ebz.<\/p>\n<p>Isha un\u00eb me familjen, komshinjt\u00eb, por jo vet\u00ebm ato, por dhe n\u00eb Kamz\u00eb apo persona nga Tirana e kan\u00eb d\u00ebgjuar oshtim\u00ebn e k\u00ebtij tritoli.<\/p>\n<p>Pati d\u00ebme materiale. Normalisht jam i g\u00ebzuar q\u00eb nuk pati probleme njer\u00ebzore as tek un\u00eb, dhe as tek kalimtar\u00ebt q\u00eb ishin n\u00eb rrug\u00eb. Nuk kam asnj\u00eb lloj konflikti me asnj\u00eb person, gjat\u00eb karrier\u00ebs time, nuk kam asnj\u00eb borxh ndaj askujt.<\/p>\n<p>Un\u00eb e shoh k\u00ebt\u00eb nj\u00eb akt absolutisht politik dhe \u00ebsht\u00eb nj\u00eb sinjal p\u00ebr t\u00eb treguar se, nuk mund t\u00eb sillesh apo reagosh ndaj k\u00ebsaj qeverie krimi dhe korrupsioni. K\u00ebshtu q\u00eb p\u00ebrve\u00e7 se nj\u00eb hakmarrje politike un\u00eb asgj\u00eb tjet\u00ebr nuk mund ta konsideroj.<\/p>\n<p>Madje me gjith\u00eb njer\u00ebzit q\u00eb komunikojm\u00eb dhe gjat\u00eb k\u00ebtyre or\u00ebve nuk gjejm\u00eb asnj\u00eb gj\u00eb tjet\u00ebr ve\u00e7 prapavij\u00ebs politike apo sinjalit p\u00ebr t\u00eb na b\u00ebr\u00eb nj\u00eb ushtar t\u00eb tyre dhe jo p\u00ebr t\u00eb qen\u00eb nj\u00eb opozit\u00eb si\u00e7 duhet, p\u00ebr t\u00eb qen\u00eb nj\u00eb opozit\u00eb ndaj k\u00ebsaj qeverie krimi dhe korrupsioni&#8221;, p\u00ebrfundoi Mziu.<\/p>\n<p>&nbsp;<\/p>\n","protected":false},"excerpt":{"rendered":"<p>Deputeti i PD, Xhelal Mziu, u shpreh\u00a0 n\u00eb daljen e tij p\u00ebr media se nuk ka dyshime tek askush lidhur me shp\u00ebrthimin e tritolit n\u00eb banes\u00ebn e tij Ai tha se e konsideron si nj\u00eb sinjal t\u00eb mazhoranc\u00ebs p\u00ebr t\u00eb mbyllur goj\u00ebn. \u201cN\u00ebse do t\u00eb kisha indicie p\u00ebr persona, absolutisht nuk do t\u00eb hezitoja p\u00ebr &hellip;<\/p>\n","protected":false},"author":4,"featured_media":123661,"comment_status":"closed","ping_status":"closed","sticky":false,"template":"","format":"standard","meta":{"footnotes":""},"categories":[37],"tags":[],"class_list":["post-123666","post","type-post","status-publish","format-standard","has-post-thumbnail","","category-politike"],"_links":{"self":[{"href":"https:\/\/rdnews.al\/index.php\/wp-json\/wp\/v2\/posts\/123666","targetHints":{"allow":["GET"]}}],"collection":[{"href":"https:\/\/rdnews.al\/index.php\/wp-json\/wp\/v2\/posts"}],"about":[{"href":"https:\/\/rdnews.al\/index.php\/wp-json\/wp\/v2\/types\/post"}],"author":[{"embeddable":true,"href":"https:\/\/rdnews.al\/index.php\/wp-json\/wp\/v2\/users\/4"}],"replies":[{"embeddable":true,"href":"https:\/\/rdnews.al\/index.php\/wp-json\/wp\/v2\/comments?post=123666"}],"version-history":[{"count":3,"href":"https:\/\/rdnews.al\/index.php\/wp-json\/wp\/v2\/posts\/123666\/revisions"}],"predecessor-version":[{"id":123672,"href":"https:\/\/rdnews.al\/index.php\/wp-json\/wp\/v2\/posts\/123666\/revisions\/123672"}],"wp:featuredmedia":[{"embeddable":true,"href":"https:\/\/rdnews.al\/index.php\/wp-json\/wp\/v2\/media\/123661"}],"wp:attachment":[{"href":"https:\/\/rdnews.al\/index.php\/wp-json\/wp\/v2\/media?parent=123666"}],"wp:term":[{"taxonomy":"category","embeddable":true,"href":"https:\/\/rdnews.al\/index.php\/wp-json\/wp\/v2\/categories?post=123666"},{"taxonomy":"post_tag","embeddable":true,"href":"https:\/\/rdnews.al\/index.php\/wp-json\/wp\/v2\/tags?post=123666"}],"curies":[{"name":"wp","href":"https:\/\/api.w.org\/{rel}","templated":true}]}}