{"id":123668,"date":"2025-09-19T12:05:50","date_gmt":"2025-09-19T12:05:50","guid":{"rendered":"https:\/\/rdnews.al\/?p=123668"},"modified":"2025-09-19T12:05:50","modified_gmt":"2025-09-19T12:05:50","slug":"lubi-balluku-eshte-pergjuar-ne-nje-bisede-telefonike-duke-i-kerkuar-nje-shume-te-majme-nje-biznesmeni-per-nje-tender","status":"publish","type":"post","link":"https:\/\/rdnews.al\/index.php\/2025\/09\/19\/lubi-balluku-eshte-pergjuar-ne-nje-bisede-telefonike-duke-i-kerkuar-nje-shume-te-majme-nje-biznesmeni-per-nje-tender\/","title":{"rendered":"Lubi Balluku \u00ebsht\u00eb p\u00ebrgjuar n\u00eb nj\u00eb bised\u00eb telefonike duke i k\u00ebrkuar nj\u00eb shum\u00eb t\u00eb majme nj\u00eb biznesmeni p\u00ebr nj\u00eb tender!"},"content":{"rendered":"<p>Kryetari i PD, Sali Berisha tha gjat\u00eb konferenc\u00ebs p\u00ebr shtyp se, Lubi Balluku \u00ebsht\u00eb p\u00ebrgjuar n\u00eb nj\u00eb bised\u00eb telefonike duke i k\u00ebrkuar nj\u00eb shum\u00eb t\u00eb majme nj\u00eb biznesmeni p\u00ebr nj\u00eb tender.<\/p>\n<p>Berisha tha se, m\u00ebnyra se si \u00ebsht\u00eb b\u00ebr\u00eb regjistrimi, nuk kam t\u00eb dh\u00ebna nga qytetari dixhital, por ai pohon dhe insiston se ky regjistrim \u00ebsht\u00eb d\u00ebrguar dy jav\u00eb m\u00eb par\u00eb n\u00eb zyr\u00ebn e Edi Ram\u00ebs.<\/p>\n<p>\u201cQytetari dixhital sot \u00ebsht\u00eb para jush me informacionin shum\u00eb t\u00eb r\u00ebnd\u00ebsish\u00ebm.<\/p>\n<p>Qytetari dixhital informon se Lubi Balluku lakohet shum\u00eb n\u00eb bised\u00ebn telefonike t\u00eb nj\u00eb biznesmeni me nj\u00eb person tjet\u00ebr.<\/p>\n<p>Lakohet p\u00ebr nj\u00eb tender, n\u00eb t\u00eb cilin Lubi Balluku, sipas biznesmenit, ka k\u00ebrkuar nj\u00eb p\u00ebrqindje t\u00eb majme p\u00ebr t\u00eb akorduar tenderin.<\/p>\n<p>Sipas qytetarit dixhital, ky regjistrim i \u00ebsht\u00eb d\u00ebrguar kreut t\u00eb organizat\u00ebs kriminale, Edi Rama, n\u00ebp\u00ebrmjet famozit Ergys Agasi.<\/p>\n<p>M\u00ebnyra se si \u00ebsht\u00eb b\u00ebr\u00eb regjistrimi, nuk kam t\u00eb dh\u00ebna nga qytetari dixhital, por ai pohon dhe insiston se ky regjistrim \u00ebsht\u00eb d\u00ebrguar dy jav\u00eb m\u00eb par\u00eb n\u00eb zyr\u00ebn e Edi Ram\u00ebs.<\/p>\n<p>Natyrisht ky regjistrim nuk e ka penguar Edi Ram\u00ebn t\u00eb em\u00ebroj\u00eb at\u00eb z\u00ebvend\u00ebskryeministre, pasi me Lubin\u00eb e lidhin aferat e tmerrshme korruptive.<\/p>\n<p>E lidh tuneli i Llogaras\u00eb, n\u00eb t\u00eb cilin del se kan\u00eb futur n\u00eb xhep jo 50 milion\u00eb, por 90 milion\u00eb euro.<\/p>\n<p>E lidh bllokimi i supervizimit t\u00eb nd\u00ebrtimit t\u00eb djeg\u00ebsit t\u00eb Tiran\u00ebs nga drejtoria q\u00eb varej direkt nga Lubi Tuneli, dhe meq\u00eb Rama ishte p\u00ebrfituesi kryesor i 130 milion\u00eb eurove t\u00eb zhdukura, kjo nuk ka dor\u00ebzuar qoft\u00eb nj\u00eb raport t\u00eb vet\u00ebm t\u00eb mbik\u00ebqyrjes, q\u00eb \u00ebsht\u00eb detyra me kontrat\u00eb, t\u00eb nd\u00ebrtimit t\u00eb djeg\u00ebsit, duke besuar se do lante duart me krimin e saj t\u00eb sh\u00ebmtuar dhe do faj\u00ebsonte Erion Veliajn.<\/p>\n<p>Theksoj k\u00ebtu se Erion Veliaj n\u00eb k\u00ebt\u00eb \u00e7\u00ebshtjen e supervizimit \u00ebsht\u00eb po aq fajtor sa vet\u00eb Lubia, pra jan\u00eb bashk\u00ebfajtor\u00eb, sepse edhe ky ka pasur zotim me shkrim q\u00eb do ta mbik\u00ebqyr\u00eb.<\/p>\n<p>Por, as nj\u00ebri, as tjetri nuk jan\u00eb marr\u00eb me t\u00eb\u201d, tha Berisha.<\/p>\n","protected":false},"excerpt":{"rendered":"<p>Kryetari i PD, Sali Berisha tha gjat\u00eb konferenc\u00ebs p\u00ebr shtyp se, Lubi Balluku \u00ebsht\u00eb p\u00ebrgjuar n\u00eb nj\u00eb bised\u00eb telefonike duke i k\u00ebrkuar nj\u00eb shum\u00eb t\u00eb majme nj\u00eb biznesmeni p\u00ebr nj\u00eb tender. Berisha tha se, m\u00ebnyra se si \u00ebsht\u00eb b\u00ebr\u00eb regjistrimi, nuk kam t\u00eb dh\u00ebna nga qytetari dixhital, por ai pohon dhe insiston se ky regjistrim &hellip;<\/p>\n","protected":false},"author":4,"featured_media":123669,"comment_status":"closed","ping_status":"closed","sticky":false,"template":"","format":"standard","meta":{"footnotes":""},"categories":[37],"tags":[],"class_list":["post-123668","post","type-post","status-publish","format-standard","has-post-thumbnail","","category-politike"],"_links":{"self":[{"href":"https:\/\/rdnews.al\/index.php\/wp-json\/wp\/v2\/posts\/123668","targetHints":{"allow":["GET"]}}],"collection":[{"href":"https:\/\/rdnews.al\/index.php\/wp-json\/wp\/v2\/posts"}],"about":[{"href":"https:\/\/rdnews.al\/index.php\/wp-json\/wp\/v2\/types\/post"}],"author":[{"embeddable":true,"href":"https:\/\/rdnews.al\/index.php\/wp-json\/wp\/v2\/users\/4"}],"replies":[{"embeddable":true,"href":"https:\/\/rdnews.al\/index.php\/wp-json\/wp\/v2\/comments?post=123668"}],"version-history":[{"count":1,"href":"https:\/\/rdnews.al\/index.php\/wp-json\/wp\/v2\/posts\/123668\/revisions"}],"predecessor-version":[{"id":123670,"href":"https:\/\/rdnews.al\/index.php\/wp-json\/wp\/v2\/posts\/123668\/revisions\/123670"}],"wp:featuredmedia":[{"embeddable":true,"href":"https:\/\/rdnews.al\/index.php\/wp-json\/wp\/v2\/media\/123669"}],"wp:attachment":[{"href":"https:\/\/rdnews.al\/index.php\/wp-json\/wp\/v2\/media?parent=123668"}],"wp:term":[{"taxonomy":"category","embeddable":true,"href":"https:\/\/rdnews.al\/index.php\/wp-json\/wp\/v2\/categories?post=123668"},{"taxonomy":"post_tag","embeddable":true,"href":"https:\/\/rdnews.al\/index.php\/wp-json\/wp\/v2\/tags?post=123668"}],"curies":[{"name":"wp","href":"https:\/\/api.w.org\/{rel}","templated":true}]}}