{"id":123673,"date":"2025-09-19T12:15:41","date_gmt":"2025-09-19T12:15:41","guid":{"rendered":"https:\/\/rdnews.al\/?p=123673"},"modified":"2025-09-19T12:15:41","modified_gmt":"2025-09-19T12:15:41","slug":"berisha-rama-e-hodhi-ne-kosh-pergjimin-e-lubi-ballukut-jane-te-lidhur-si-mishi-me-thoin","status":"publish","type":"post","link":"https:\/\/rdnews.al\/index.php\/2025\/09\/19\/berisha-rama-e-hodhi-ne-kosh-pergjimin-e-lubi-ballukut-jane-te-lidhur-si-mishi-me-thoin\/","title":{"rendered":"Berisha: Rama e hodhi n\u00eb kosh p\u00ebrgjimin e Lubi Ballukut! Jan\u00eb t\u00eb lidhur si mishi me thoin!"},"content":{"rendered":"<p>Lideri i opozit\u00ebs, Sali Berisha, n\u00eb nj\u00eb deklarat\u00eb p\u00ebr mediat tha se, Rama e hodhi n\u00eb kosh p\u00ebrgjimin e Lubi Ballukut, n\u00ebdr\u00ebsa vjedhjet e tyre kan\u00eb alarmuar nd\u00ebrkomb\u00ebtar\u00eb<br \/>\nAi tha se, kryeministri me ministren e Infrastruktur\u00ebs kan\u00eb zbrazur n\u00eb m\u00ebnyr\u00eb t\u00eb p\u00ebrs\u00ebritur digat e m\u00ebdha t\u00eb vendit, duke shitur energjin\u00eb me \u00e7mime t\u00eb ul\u00ebta p\u00ebr kompani t\u00eb af\u00ebrta me pushtetin, nd\u00ebrsa m\u00eb pas ajo \u00ebsht\u00eb rishitur me shum\u00ebfishin e \u00e7mimit n\u00eb tregun nd\u00ebrkomb\u00ebtar.<br \/>\n\u201cQytetar\u00ebt duhet ta din\u00eb se dyshja Rama-Balluku vjedhjet m\u00eb kolosale i kan\u00eb b\u00ebr\u00eb n\u00eb fush\u00ebn e energjis\u00eb.<br \/>\nVjedhjet e tyre, q\u00eb kapin qiellin n\u00eb energji, shqet\u00ebsuan shum\u00eb institucionet nd\u00ebrkomb\u00ebtar\u00eb.<br \/>\nArriti problemi, n\u00eb m\u00ebnyr\u00eb t\u00eb p\u00ebrs\u00ebritur digat, rezerva e art\u00eb energjetike e Shqip\u00ebris\u00eb, n\u00eb kuptimin q\u00eb Shqip\u00ebria mund t\u00eb depozitoj\u00eb n\u00eb digat e liqenit t\u00eb Vaut t\u00eb Dej\u00ebs, Komanit dhe Fierz\u00ebs, sasi kolosale, qindra milion\u00eb euro energji, t\u00eb cilat n\u00eb ligjin e interesit publik t\u00eb shqiptar\u00ebve, duhet t\u2019i ruaj\u00eb p\u00ebr koh\u00ebrat kur \u00e7mimi i energjis\u00eb shkon n\u00eb maksimum.<br \/>\nLubia me Edi Ram\u00ebn kan\u00eb zbrazur digat, duke ua shitur operator\u00ebve t\u00eb tyre n\u00eb Shqip\u00ebri, kompanive me \u00e7mime qesharake, 40 euro.<br \/>\nDhe k\u00ebto, duke ua shitur kompanive t\u00eb huaja me \u00e7mim 140 euro.<br \/>\nDhe kjo si pasoj\u00eb, duke bler\u00eb Shqip\u00ebria p\u00ebr shkak t\u00eb zbrazjes s\u00eb energjis\u00eb, n\u00eb pikun e konsumit t\u00eb energjis\u00eb me 200 dhe 300 euro megavatin.<br \/>\nBesoj se e shpjegova se \u00e7far\u00eb vjedhje t\u00eb tmerrshme ka b\u00ebr\u00eb Lubi Balluku me Edi Ram\u00ebn me energjin\u00eb.<br \/>\nInsistimi i institucioneve nd\u00ebrkomb\u00ebtare, Bank\u00ebs Bot\u00ebrore dhe FMN-s\u00eb, p\u00ebr ngritjen e burs\u00ebs, kishte p\u00ebr q\u00ebllim pik\u00ebrisht t\u00eb frenonte k\u00ebt\u00eb vjedhje t\u00eb tmerrshme.<br \/>\nPor, bursa u ngrit dhe Lubia vazhdoi t\u00eb gjith\u00eb transaksionet e energjis\u00eb jasht\u00eb burs\u00ebs.<br \/>\nPra, Rama, p\u00ebr t\u00eb mos th\u00ebn\u00eb pastaj aferat e tjera t\u00eb m\u00ebdha, \u00ebsht\u00eb i lidhur me Lubin\u00eb si mishi me thoin n\u00eb vjedhje, vjedhje dhe korrupsion.<br \/>\nNdaj dhe regjistrimi i fundit q\u00eb i shkoi para dy jav\u00ebsh, ku biznesmeni i thot\u00eb me z\u00eb dhe figur\u00eb thot\u00eb q\u00eb Lubia ka k\u00ebrkuar kaq p\u00ebrqindje, Edi Rama e ka hedhur n\u00eb kosh dhe e ka sjell\u00eb dje n\u00eb parlament.<br \/>\nE kuptoni vet\u00eb pse e mbyll\u00ebn dje n\u00eb m\u00ebnyr\u00ebn m\u00eb kriminale dhe m\u00eb antikushtetuese seanc\u00ebn p\u00ebr 20 minuta, duke sh\u00ebnuar rekordin m\u00eb t\u00eb zi n\u00eb historin\u00eb e bot\u00ebs t\u00eb miratimit t\u00eb nj\u00eb qeverie. As n\u00eb koh\u00eb lufte nuk ka ndodhur ndonj\u00ebher\u00eb kjo\u201d, u shpreh Berisha.<\/p>\n","protected":false},"excerpt":{"rendered":"<p>Lideri i opozit\u00ebs, Sali Berisha, n\u00eb nj\u00eb deklarat\u00eb p\u00ebr mediat tha se, Rama e hodhi n\u00eb kosh p\u00ebrgjimin e Lubi Ballukut, n\u00ebdr\u00ebsa vjedhjet e tyre kan\u00eb alarmuar nd\u00ebrkomb\u00ebtar\u00eb Ai tha se, kryeministri me ministren e Infrastruktur\u00ebs kan\u00eb zbrazur n\u00eb m\u00ebnyr\u00eb t\u00eb p\u00ebrs\u00ebritur digat e m\u00ebdha t\u00eb vendit, duke shitur energjin\u00eb me \u00e7mime t\u00eb ul\u00ebta p\u00ebr &hellip;<\/p>\n","protected":false},"author":4,"featured_media":123674,"comment_status":"closed","ping_status":"closed","sticky":false,"template":"","format":"standard","meta":{"footnotes":""},"categories":[37],"tags":[],"class_list":["post-123673","post","type-post","status-publish","format-standard","has-post-thumbnail","","category-politike"],"_links":{"self":[{"href":"https:\/\/rdnews.al\/index.php\/wp-json\/wp\/v2\/posts\/123673","targetHints":{"allow":["GET"]}}],"collection":[{"href":"https:\/\/rdnews.al\/index.php\/wp-json\/wp\/v2\/posts"}],"about":[{"href":"https:\/\/rdnews.al\/index.php\/wp-json\/wp\/v2\/types\/post"}],"author":[{"embeddable":true,"href":"https:\/\/rdnews.al\/index.php\/wp-json\/wp\/v2\/users\/4"}],"replies":[{"embeddable":true,"href":"https:\/\/rdnews.al\/index.php\/wp-json\/wp\/v2\/comments?post=123673"}],"version-history":[{"count":1,"href":"https:\/\/rdnews.al\/index.php\/wp-json\/wp\/v2\/posts\/123673\/revisions"}],"predecessor-version":[{"id":123675,"href":"https:\/\/rdnews.al\/index.php\/wp-json\/wp\/v2\/posts\/123673\/revisions\/123675"}],"wp:featuredmedia":[{"embeddable":true,"href":"https:\/\/rdnews.al\/index.php\/wp-json\/wp\/v2\/media\/123674"}],"wp:attachment":[{"href":"https:\/\/rdnews.al\/index.php\/wp-json\/wp\/v2\/media?parent=123673"}],"wp:term":[{"taxonomy":"category","embeddable":true,"href":"https:\/\/rdnews.al\/index.php\/wp-json\/wp\/v2\/categories?post=123673"},{"taxonomy":"post_tag","embeddable":true,"href":"https:\/\/rdnews.al\/index.php\/wp-json\/wp\/v2\/tags?post=123673"}],"curies":[{"name":"wp","href":"https:\/\/api.w.org\/{rel}","templated":true}]}}