{"id":123676,"date":"2025-09-19T12:20:00","date_gmt":"2025-09-19T12:20:00","guid":{"rendered":"https:\/\/rdnews.al\/?p=123676"},"modified":"2025-09-19T12:20:00","modified_gmt":"2025-09-19T12:20:00","slug":"berisha-me-kete-narkoqeveri-ka-vetem-lufte-frontale-do-ti-pergjigjemi-dhemb-per-dhemb","status":"publish","type":"post","link":"https:\/\/rdnews.al\/index.php\/2025\/09\/19\/berisha-me-kete-narkoqeveri-ka-vetem-lufte-frontale-do-ti-pergjigjemi-dhemb-per-dhemb\/","title":{"rendered":"Berisha: Me k\u00ebt\u00eb narkoqeveri ka vet\u00ebm luft\u00eb frontale! Do t&#8217;i p\u00ebrgjigjemi dh\u00ebmb p\u00ebr dh\u00ebmb!"},"content":{"rendered":"<p>Kryetari i PD, Sali Berisha tha gjat\u00eb konferenc\u00ebs p\u00ebr shtyp se, me k\u00ebt\u00eb narkoqeveri ka vet\u00ebm luft\u00eb frontale! Berisha tha se, do t\u2019i p\u00ebrgjigjemi dh\u00ebmb p\u00ebr dh\u00ebmb kudo!<\/p>\n<p>\u201cOpozita e ka shum\u00eb t\u00eb qart\u00eb se me k\u00ebt\u00eb narkoqeveri, q\u00eb ka shnd\u00ebrruar procesin zgjedhor n\u00eb fars\u00eb elektorale, ka vet\u00ebm luft\u00eb frontale me t\u00eb gjitha format e saj, n\u00eb parlament, jasht\u00eb parlamenti.<\/p>\n<p>Ne do t&#8217;i p\u00ebrgjigjemi dh\u00ebmb p\u00ebr dh\u00ebmb t\u00eb gjith\u00eb k\u00ebsaj p\u00ebrpjekje p\u00ebr t\u00eb shtypur pluralizmin n\u00eb Shqip\u00ebri\u201d, tha Berisha.<\/p>\n","protected":false},"excerpt":{"rendered":"<p>Kryetari i PD, Sali Berisha tha gjat\u00eb konferenc\u00ebs p\u00ebr shtyp se, me k\u00ebt\u00eb narkoqeveri ka vet\u00ebm luft\u00eb frontale! Berisha tha se, do t\u2019i p\u00ebrgjigjemi dh\u00ebmb p\u00ebr dh\u00ebmb kudo! \u201cOpozita e ka shum\u00eb t\u00eb qart\u00eb se me k\u00ebt\u00eb narkoqeveri, q\u00eb ka shnd\u00ebrruar procesin zgjedhor n\u00eb fars\u00eb elektorale, ka vet\u00ebm luft\u00eb frontale me t\u00eb gjitha format e &hellip;<\/p>\n","protected":false},"author":4,"featured_media":123677,"comment_status":"closed","ping_status":"closed","sticky":false,"template":"","format":"standard","meta":{"footnotes":""},"categories":[37],"tags":[],"class_list":["post-123676","post","type-post","status-publish","format-standard","has-post-thumbnail","","category-politike"],"_links":{"self":[{"href":"https:\/\/rdnews.al\/index.php\/wp-json\/wp\/v2\/posts\/123676","targetHints":{"allow":["GET"]}}],"collection":[{"href":"https:\/\/rdnews.al\/index.php\/wp-json\/wp\/v2\/posts"}],"about":[{"href":"https:\/\/rdnews.al\/index.php\/wp-json\/wp\/v2\/types\/post"}],"author":[{"embeddable":true,"href":"https:\/\/rdnews.al\/index.php\/wp-json\/wp\/v2\/users\/4"}],"replies":[{"embeddable":true,"href":"https:\/\/rdnews.al\/index.php\/wp-json\/wp\/v2\/comments?post=123676"}],"version-history":[{"count":1,"href":"https:\/\/rdnews.al\/index.php\/wp-json\/wp\/v2\/posts\/123676\/revisions"}],"predecessor-version":[{"id":123678,"href":"https:\/\/rdnews.al\/index.php\/wp-json\/wp\/v2\/posts\/123676\/revisions\/123678"}],"wp:featuredmedia":[{"embeddable":true,"href":"https:\/\/rdnews.al\/index.php\/wp-json\/wp\/v2\/media\/123677"}],"wp:attachment":[{"href":"https:\/\/rdnews.al\/index.php\/wp-json\/wp\/v2\/media?parent=123676"}],"wp:term":[{"taxonomy":"category","embeddable":true,"href":"https:\/\/rdnews.al\/index.php\/wp-json\/wp\/v2\/categories?post=123676"},{"taxonomy":"post_tag","embeddable":true,"href":"https:\/\/rdnews.al\/index.php\/wp-json\/wp\/v2\/tags?post=123676"}],"curies":[{"name":"wp","href":"https:\/\/api.w.org\/{rel}","templated":true}]}}