{"id":123684,"date":"2025-09-19T14:00:46","date_gmt":"2025-09-19T14:00:46","guid":{"rendered":"https:\/\/rdnews.al\/?p=123684"},"modified":"2025-09-19T14:01:12","modified_gmt":"2025-09-19T14:01:12","slug":"perplasja-elisa-shtyn-kumbaron-per-te-qene-ne-krah-te-udheheqesit-te-partise","status":"publish","type":"post","link":"https:\/\/rdnews.al\/index.php\/2025\/09\/19\/perplasja-elisa-shtyn-kumbaron-per-te-qene-ne-krah-te-udheheqesit-te-partise\/","title":{"rendered":"P\u00ebrplasja\/ Elisa shtyn Kumbaron p\u00ebr t\u00eb qen\u00eb n\u00eb krah t\u00eb udh\u00ebheq\u00ebsit t\u00eb Partis\u00eb"},"content":{"rendered":"<p>N\u00eb vend t\u00eb nj\u00eb portreti solemn t\u00eb kabinetit t\u00eb ri qeveritar, pas ceremonis\u00eb s\u00eb betimit, Shqip\u00ebria mori nj\u00eb leksion t\u00eb gjall\u00eb mbi m\u00ebnyr\u00ebn se si funksionon af\u00ebrsia me pushtetin me b\u00ebrryla. Teksa ministrat e qeveris\u00eb Rama 4 pozicionoheshin p\u00ebr fotografin\u00eb para Kryeministris\u00eb, ministrja p\u00ebr Europ\u00ebn dhe Pun\u00ebt e Jashtme, Elisa Spiropali, ndryshe e njohur si Mamica vendosi t\u00eb p\u00ebrdor\u00eb m\u00eb shum\u00eb diplomaci fizike sesa politike, duke larguar kolegen e saj ministren e Arsimit, Mirela Kumbaro, p\u00ebr t\u00eb z\u00ebn\u00eb ajo vendin m\u00eb t\u00eb lakmuar, af\u00ebr Ram\u00ebs.<\/p>\n<p>Kumbaro shihet teksa reagon me nj\u00eb buz\u00ebqeshje t\u00eb ngrir\u00eb. Ajo zhvendoset pak pas Spiropalit dhe duke par\u00eb dhe mimik\u00ebn e saj q\u00eb shpreh qart\u00eb pas shtyrjes nga Spiropali, Kumbaro vendos para saj ministrin e financave Petrit Malajn, si nj\u00eb &#8216;mur&#8217; mes saj dhe Spiropalit pas gjestit p\u00ebr t\u00eb qen\u00eb af\u00ebr kryeministrit.<\/p>\n<p>N\u00eb nj\u00eb sken\u00eb q\u00eb foli m\u00eb shum\u00eb se \u00e7do deklarat\u00eb politike, fotografia e par\u00eb e kabinetit Rama 4 u kthye n\u00eb nj\u00eb metafor\u00eb perfekte t\u00eb realitetit politik shqiptar se kush shtyn m\u00eb fort, del m\u00eb af\u00ebr pushtetit. Dhe n\u00ebse diplomacia e jashtme matet me pozicionin n\u00eb krah t\u00eb Kryeministrit, at\u00ebher\u00eb duket se b\u00ebrryli \u00ebsht\u00eb b\u00ebr\u00eb m\u00eb efektiv se \u00e7do marr\u00ebveshje nd\u00ebrkomb\u00ebtare. N\u00eb k\u00ebt\u00eb teat\u00ebr t\u00eb heshtur, ku \u00e7do centimet\u00ebr pran\u00eb Ram\u00ebs ka pesh\u00eb simbolike, b\u00ebhet e qart\u00eb se n\u00eb politik\u00ebn shqiptare, nuk ka r\u00ebnd\u00ebsi vet\u00ebm \u00e7far\u00eb thua, por ku q\u00ebndron n\u00eb foto.<\/p>\n","protected":false},"excerpt":{"rendered":"<p>N\u00eb vend t\u00eb nj\u00eb portreti solemn t\u00eb kabinetit t\u00eb ri qeveritar, pas ceremonis\u00eb s\u00eb betimit, Shqip\u00ebria mori nj\u00eb leksion t\u00eb gjall\u00eb mbi m\u00ebnyr\u00ebn se si funksionon af\u00ebrsia me pushtetin me b\u00ebrryla. Teksa ministrat e qeveris\u00eb Rama 4 pozicionoheshin p\u00ebr fotografin\u00eb para Kryeministris\u00eb, ministrja p\u00ebr Europ\u00ebn dhe Pun\u00ebt e Jashtme, Elisa Spiropali, ndryshe e njohur si &hellip;<\/p>\n","protected":false},"author":3,"featured_media":123685,"comment_status":"closed","ping_status":"closed","sticky":false,"template":"","format":"standard","meta":{"footnotes":""},"categories":[37],"tags":[],"class_list":["post-123684","post","type-post","status-publish","format-standard","has-post-thumbnail","","category-politike"],"_links":{"self":[{"href":"https:\/\/rdnews.al\/index.php\/wp-json\/wp\/v2\/posts\/123684","targetHints":{"allow":["GET"]}}],"collection":[{"href":"https:\/\/rdnews.al\/index.php\/wp-json\/wp\/v2\/posts"}],"about":[{"href":"https:\/\/rdnews.al\/index.php\/wp-json\/wp\/v2\/types\/post"}],"author":[{"embeddable":true,"href":"https:\/\/rdnews.al\/index.php\/wp-json\/wp\/v2\/users\/3"}],"replies":[{"embeddable":true,"href":"https:\/\/rdnews.al\/index.php\/wp-json\/wp\/v2\/comments?post=123684"}],"version-history":[{"count":2,"href":"https:\/\/rdnews.al\/index.php\/wp-json\/wp\/v2\/posts\/123684\/revisions"}],"predecessor-version":[{"id":123687,"href":"https:\/\/rdnews.al\/index.php\/wp-json\/wp\/v2\/posts\/123684\/revisions\/123687"}],"wp:featuredmedia":[{"embeddable":true,"href":"https:\/\/rdnews.al\/index.php\/wp-json\/wp\/v2\/media\/123685"}],"wp:attachment":[{"href":"https:\/\/rdnews.al\/index.php\/wp-json\/wp\/v2\/media?parent=123684"}],"wp:term":[{"taxonomy":"category","embeddable":true,"href":"https:\/\/rdnews.al\/index.php\/wp-json\/wp\/v2\/categories?post=123684"},{"taxonomy":"post_tag","embeddable":true,"href":"https:\/\/rdnews.al\/index.php\/wp-json\/wp\/v2\/tags?post=123684"}],"curies":[{"name":"wp","href":"https:\/\/api.w.org\/{rel}","templated":true}]}}