{"id":123689,"date":"2025-09-19T17:05:08","date_gmt":"2025-09-19T17:05:08","guid":{"rendered":"https:\/\/rdnews.al\/?p=123689"},"modified":"2025-09-19T17:06:19","modified_gmt":"2025-09-19T17:06:19","slug":"reagon-arben-ahmetaj-spak-fshehu-provat-me-do-rama-ne-burg","status":"publish","type":"post","link":"https:\/\/rdnews.al\/index.php\/2025\/09\/19\/reagon-arben-ahmetaj-spak-fshehu-provat-me-do-rama-ne-burg\/","title":{"rendered":"Dosja &#8220;Buka&#8221;\/ Arben Ahmetaj: SPAK fshehu provat, m\u00eb do Rama n\u00eb burg!"},"content":{"rendered":"<p>Ish-z\u00ebvend\u00ebskryeministri Arben Ahmetaj, ka reaguar p\u00ebrmes nj\u00eb \u201ce mail\u201d-i p\u00ebr gazetar\u00ebt n\u00eb lidhje me dosjen e njohur si \u201cBuka\u201d, ku ai \u00ebsht\u00eb marr\u00eb i pandehur p\u00ebr vepr\u00ebn penale \u201cShp\u00ebrdorim detyre\u201d, ku fillimisht Ahmetraj u akuzua se i kishte shkaktuar rreth 7 miliard\u00eb lek\u00eb d\u00ebm shtetit.<\/p>\n<p>P\u00ebr k\u00ebt\u00eb \u00e7\u00ebshtje SPAK po heton edhe 7 persona t\u00eb tjer\u00eb p\u00ebrfaq\u00ebsues t\u00eb Ministris\u00eb s\u00eb Financave si dhe biznesmenin Lirim Fezollari, por ndaj tyre \u00ebsht\u00eb ndar\u00eb dosja m\u00eb vete, duke ngritur dyshime p\u00ebr favorizim ndaj biznesmenit.<\/p>\n<p>Lirim Fezollari p\u00ebrfitoi aksionet e \u201cBuka\u201d sh.a., bazuar n\u00eb nj\u00eb procedur\u00eb ankandi t\u00eb zhvilluar nga ish-ministri Arben Ahmetaj n\u00eb vitin 2015 dhe q\u00eb u konstatua e paligjshme nga gjykata.<\/p>\n<p>Arben Ahmetaj akuzon prokurorin e \u00e7\u00ebshtjes, Elvin Gokaj, se tashm\u00eb ia ka t\u00ebrhequr akuz\u00ebn d\u00ebmin e shkaktuar ndaj shtetit, duke pranuar se ka qen\u00eb lapsus i tij dhe se po fsheh provat p\u00ebr t\u00eb mbrojtur personat e p\u00ebrfshir\u00eb n\u00eb dosje.<\/p>\n<p>Sipas Ahmertajt, akuzat ndaj tij ishin shtuar q\u00ebllimisht p\u00ebr shkak se ishte targetuar nga \u201ci madhi\u201d, duke iu referuar Edi Ram\u00ebs.<\/p>\n<p><em>\u201cDo t\u00eb lutesha t\u00eb lexonit me kujdes se si prokurori i cili n\u00eb fillim m\u00eb akuzonte q\u00eb kam d\u00ebmtuar shtetin, e t\u00ebrheq k\u00ebt\u00eb akuz\u00eb p\u00ebr d\u00ebmtim t\u00eb shtetit. Se si po ky prokuror fsheh provat p\u00ebrpara gjykat\u00ebs p\u00ebr t\u00eb mbrojtur personat e p\u00ebrfshir\u00eb n\u00eb dosje, q\u00eb nga telefona t\u00eb caktuar t\u2019i jan\u00eb rikthyer, komunikime telefonike n\u00eb k\u00ebto telefona q\u00eb jan\u00eb fshehur, deri tek d\u00ebshmi t\u00eb personave t\u00eb pyetur t\u00eb cilat nuk paraqiten.<\/em><\/p>\n<p><em>Q\u00eb nga korriku i vitit 2022 kur kjo \u00e7\u00ebshtje u mor nga SPAK, n\u00eb media dhe gjithandej p\u00ebrflitej q\u00eb un\u00eb akuzohesha q\u00eb kisha d\u00ebmtuar shtetin, kjo gj\u00eb u shkrua dhe n\u00eb akuz\u00eb.<\/em><\/p>\n<p><em>Nd\u00ebrkoh\u00eb n\u00eb seanc\u00ebn e gjykimit paraprak prokurori t\u00ebrheq akuz\u00ebn e b\u00ebr\u00eb nga vet\u00eb dora e tij e shkruar e zeza n\u00eb t\u00eb bardh\u00eb, se un\u00eb kam d\u00ebmtuar shtetin. \u201c\u00cbsht\u00eb lapsus i imi\u2026\u201d deklaron. \u00cbsht\u00eb kjo qesharake Qesharake?? \u00cbsht\u00eb tendencioze akuza e dikurshme?? Pooo. \u201cTa ngarkojm\u00eb k\u00ebtij se e ka kthyer i madhi n\u00eb target\u201d.\u201d\u00a0<\/em>\u2013 shkruan Ahmetaj n\u00eb e-mailin drejtuar gazetar\u00ebve.<\/p>\n<p>M\u00eb tej Ahmetaj thot\u00eb se ndarja e dosjes n\u00eb dy pjes\u00eb, ku u favorizua biznesmeni Lirim Fezollari, \u00ebsht\u00eb stil tashm\u00eb i konsoliduar n\u00eb shum\u00eb her\u00eb i organit t\u00eb akuz\u00ebs p\u00ebr t\u00eb devijuar t\u00eb v\u00ebrtet\u00ebn. Sipas ish-numrit dy t\u00eb Qeveris\u00eb, ka vendim gjykate q\u00eb \u00e7\u00ebshtja t\u00eb mos ndahej.<\/p>\n<p>M\u00eb tej, Ahmetaj thot\u00eb se prokurori e akuzon edhe pse nuk ka zbatuar vendimin e Gjykat\u00ebs Kushtetuese, kur nuk e ka zbatuar vet\u00eb prokurori, apo pse nuk ka qen\u00eb i pranish\u00ebm n\u00eb sall\u00eb gjat\u00eb seancave gjyq\u00ebsore, ku sipas ish-numrit 2 t\u00eb Qeveris\u00eb, \u00ebsht\u00eb e drejt\u00eb e \u00e7do qytetari. Akuz\u00ebn ndaj tij, Ahmetaj e konsideron si t\u00eb sajuar.<\/p>\n<h4><strong>Reagimi i plot\u00eb Ahmetajt:\u00a0<\/strong><\/h4>\n<p><em>\u201cT\u00eb nderuar Gazetar\u00eb,<\/em><\/p>\n<p><em>K\u00ebto dokumente q\u00eb po ndaj me ju, do t\u2019i ndaj edhe me media t\u00eb tjera p\u00ebr t\u2019i treguar kujtdo q\u00eb \u00ebsht\u00eb i interesuar se \u00e7far\u00eb presioni politik, persekucioni personal, familjar po mbaj mbi supe.<\/em><\/p>\n<p><em>Dokumentet q\u00eb gjeni t\u00eb atashuar n\u00eb k\u00ebt\u00eb email kan\u00eb t\u00eb b\u00ebjn\u00eb me \u00e7\u00ebshtjen \u201cBuka Sh.a\u201d ku akuzohem p\u00ebr shp\u00ebrdorim detyre.<\/em><\/p>\n<p><em>Do t\u00eb lutesha t\u00eb lexonit me kujdes se si prokurori i cili n\u00eb fillim m\u00eb akuzonte q\u00eb kam d\u00ebmtuar shtetin, e t\u00ebrheq k\u00ebt\u00eb akuz\u00eb p\u00ebr d\u00ebmtim t\u00eb shtetit. Se si po ky prokuror fsheh provat p\u00ebrpara gjykat\u00ebs p\u00ebr t\u00eb mbrojtur personat e p\u00ebrfshir\u00eb n\u00eb dosje, q\u00eb nga telefona t\u00eb caktuar t\u2019i jan\u00eb rikthyer, komunikime telefonike n\u00eb k\u00ebto telefona q\u00eb jan\u00eb fshehur, deri tek d\u00ebshmi t\u00eb personave t\u00eb pyetur t\u00eb cilat nuk paraqiten.<\/em><\/p>\n<p><em>Q\u00eb nga korriku i vitit 2022 kur kjo \u00e7\u00ebshtje u mor nga SPAK, n\u00eb media dhe gjithandej p\u00ebrflitej q\u00eb un\u00eb akuzohesha q\u00eb kisha d\u00ebmtuar shtetin, kjo gj\u00eb u shkrua dhe n\u00eb akuz\u00eb.<\/em><\/p>\n<p><em>Nd\u00ebrkoh\u00eb n\u00eb seanc\u00ebn e gjykimit paraprak prokurori t\u00ebrheq akuz\u00ebn e b\u00ebr\u00eb nga vet\u00eb dora e tij e shkruar e zeza n\u00eb t\u00eb bardh\u00eb, se un\u00eb kam d\u00ebmtuar shtetin. \u201c\u00cbsht\u00eb lapsus i imi\u2026\u201d deklaron. \u00cbsht\u00eb kjo qesharake Qesharake?? \u00cbsht\u00eb tendencioze akuza e dikurshme?? Pooo. \u201cTa ngarkojm\u00eb k\u00ebtij se e ka kthyer i madhi n\u00eb target\u201d.<\/em><\/p>\n<p><em>E dyta po ta shikoni n\u00eb dokumentin e atashuar, ka nj\u00eb moment ku debati Prokuror-Avokat ka t\u00eb b\u00ebj\u00eb mes ndarjes s\u00eb k\u00ebsaj \u00e7\u00ebshtje n\u00eb dy pjes\u00eb, stil tashm\u00eb i konsoliduar n\u00eb shum\u00eb her\u00eb i organit t\u00eb akuz\u00ebs p\u00ebr t\u00eb devijuar t\u00eb v\u00ebrtet\u00ebn. Megjith\u00ebse ka vendim gjykate q\u00eb t\u00eb mos ndahet kjo \u00e7\u00ebshtje, prokurori e ka ndar\u00eb \u00e7\u00ebshtjen se ashtu i konvenion. Por cila \u00ebsht\u00eb arsyeja? T\u00eb mos dali panorama e t\u00eb v\u00ebrtet\u00ebs e plot\u00eb duke fshehur faktet, duke mos ngarkuar me p\u00ebrgjegj\u00ebsi ata q\u00eb jan\u00eb pjes\u00eb?<\/em><\/p>\n<p><em>E treta, Prokurori n\u00eb akuz\u00eb pretendon se s\u2019kam zbatuar Vendimin e Gjykat\u00ebs Kushtetuese.<\/em><\/p>\n<p><em>Prokurori q\u00eb vet\u00eb nuk e zbaton vendimin e gjykat\u00ebs, m\u00eb akuzon mua p\u00ebr moszbatim t\u00eb vendimit t\u00eb Gjykat\u00ebs Kushtetuese dhe pse n\u00eb rastin tim kjo gj\u00eb nuk \u00ebsht\u00eb e v\u00ebrtet\u00eb. Fakti q\u00eb aksionet n\u00eb konsekuenc\u00eb t\u00eb rivler\u00ebsimit t\u00eb pavarur t\u00eb kryer nga vler\u00ebsues t\u00eb pavarur, tregon se vlera e aseteve dhe aksioneve p\u00ebr k\u00ebt\u00eb shkak \u00ebsht\u00eb trefishuar rr\u00ebzon dhe k\u00ebt\u00eb pretendim.<\/em><br \/>\n<em>Dhe ky vler\u00ebsim \u00ebsht\u00eb p\u00ebr t\u00eb gjitha pal\u00ebt, shtetin dhe privatin, pra aksionet si t\u00eb shtetit ashtu edhe t\u00eb privatit jan\u00eb trefishuar me rivler\u00ebsimin.<\/em><br \/>\n<em>Pretendimi i ri i prokurorit \u00ebsht\u00eb q\u00eb pse s\u2019kam vler\u00ebsuar vet\u00ebm privatin. N\u00eb baz\u00eb t\u00eb kujt ligji e neni ta b\u00ebj k\u00ebt\u00eb? A ka ligj p\u00ebr Shoq\u00ebrit\u00eb Aksionere? A ka ligj privatizimi t\u00eb aseteve shtet\u00ebrore?<\/em><\/p>\n<p><em>Sigurisht q\u00eb ka, por prokurori o nuk e njeh o nuk do t\u2019i lexoj\u00eb pasi n\u00eb baz\u00eb t\u00eb tyre un\u00eb s\u2019kam shkelur asnj\u00eb ligj. Ashtu si\u00e7 nuk p\u00ebrmend asnj\u00eb ligj q\u00eb un\u00eb kam shkelur n\u00eb akuz\u00ebn e ngritur prej tij apo Rmes.<\/em><br \/>\n<em>Ku \u00ebsht\u00eb par\u00eb, e n\u00eb cilin ligj shkruhet q\u00eb kur vler\u00ebsohet sht\u00ebpia metrat katror\u00eb t\u00eb kuzhin\u00ebs vler\u00ebsohen me 200 lek\u00eb, nd\u00ebrsa ato t\u00eb dhom\u00ebs s\u00eb gjumit me 50 lek\u00eb.<\/em><br \/>\n<em>N\u00ebse un\u00eb do kisha b\u00ebr\u00eb k\u00ebt\u00eb vler\u00ebsim p\u00ebr t\u00eb cilin po akuzohem, meritoja t\u00eb akuzohesha p\u00ebr at\u00eb q\u00eb m\u00eb b\u00ebjn\u00eb tani. DMTH duke mbrojtur interesat e shtetit e privatit n\u00eb t\u00eb nj\u00ebjt\u00ebn koh\u00eb kam b\u00ebr\u00eb k\u00ebt\u00eb \u201cKrimin\u201d e domosdosh\u00ebm, se ju duhem n\u00eb burg.<\/em><\/p>\n<p><em>E kat\u00ebrta, shiheni gjuh\u00ebn q\u00eb p\u00ebrdor prokurori\u2026 Po t\u00eb ishte i pavarur s\u2019do bridhte rrug\u00ebve t\u00eb Europ\u00ebs. Ku e gjen t\u00eb drejt\u00ebn t\u00eb paragjykoj\u00eb p\u00ebr prezenc\u00ebn apo mos prezenc\u00ebn time n\u00eb sall\u00ebn e gjyqit e cila \u00ebsht\u00eb zgjedhje sovrane e \u00e7do njeriu. Hajde Reform\u00eb n\u00eb Drejt\u00ebsi hajde\u2026 E mbani mend deklarat\u00ebn p\u00ebr dosje voluminoze q\u00eb as i lexon.<\/em><\/p>\n<p><em>N\u00eb dokumentin n\u00eb WeTransfer gjeni aktin e vler\u00ebsimit ku do t\u00eb shihni \u00e7mimin e referenc\u00ebs p\u00ebr vler\u00ebsimin e.<\/em><\/p>\n<p><em>Shpresoj q\u00eb t\u2019i lexoni k\u00ebto dokumente e t\u00eb nxirrni konkluzion vet\u00eb. E m\u00eb tej, pyesni p\u00ebr kureshtje nj\u00eb vler\u00ebsues t\u00eb pavarur tjet\u00ebr se si b\u00ebhen k\u00ebto vler\u00ebsime, e si rivler\u00ebsohet nj\u00eb Sh.a (shoq\u00ebri tregtare).<\/em><\/p>\n<p><em>Nuk \u00ebsht\u00eb se habitem me k\u00ebt\u00eb gj\u00eb, q\u00eb dikush e quan qesharake. Un\u00eb q\u00eb e kam n\u00eb kurriz e di mir\u00eb pse e kan\u00eb sajuar edhe k\u00ebt\u00eb akuz\u00eb.<\/em><br \/>\n<em>Fatkeq\u00ebsisht nj\u00eb pjes\u00eb e juaja s\u2019e keni ndar\u00eb kurr\u00eb q\u00ebndrimin tim me shikuesit apo lexuesit tuaj, po kjo \u00ebsht\u00eb \u00e7\u00ebshtje q\u00eb lidhet me interesat e mediave q\u00eb ju drejtoni.<\/em><br \/>\n<em>Ndjes\u00eb p\u00ebr k\u00ebdo, po k\u00ebto email-e kisha.\u201d<\/em>\u00a0\u2013 shkruan Ahmetaj.<\/p>\n<h4><strong>Ankandi problematik i \u201cBuka\u201d<\/strong><\/h4>\n<p>\u201cBoldnews.al\u201d ka raportuar m\u00eb par\u00eb p\u00ebr dosjen \u201cBuka\u201d, n\u00eb t\u00eb cil\u00ebn\u00a0 jan\u00eb t\u00eb p\u00ebrfshir\u00eb disa zyrtar\u00eb t\u00eb lart\u00eb t\u00eb shtetit shqiptar.<\/p>\n<p>N\u00eb fillim Arben Ahmetaj, m\u00eb tej Shk\u00eblqim Cani dhe n\u00eb fund Erion Veliaj, kan\u00eb nd\u00ebrmarr\u00eb nj\u00eb seri aktesh, n\u00eb kund\u00ebrshtim me vendimet e gjykatave, madje edhe asaj Kushtetuese, p\u00ebr t\u2019i dh\u00ebn\u00eb biznesmenit Lirim Fezollari prona publike, t\u00eb cilat u ishin njohur pronar\u00ebve.<\/p>\n<p>Dhe m\u00eb tej, k\u00ebto prona u shnd\u00ebrruan n\u00eb asete tejet fitimprur\u00ebse p\u00ebr biznesmenin, duke sh\u00ebnuar nj\u00eb skandal shum\u00eb t\u00eb r\u00ebnd\u00eb financiar dhe ligjor, ku e shohin veten t\u00eb p\u00ebrfshir\u00eb m\u00eb s\u00eb paku tre bashk\u00ebpun\u00ebtor\u00eb t\u00eb ngusht\u00eb t\u00eb kryeministrit Edi Rama.<\/p>\n<figure id=\"attachment_1265107\" class=\"wp-caption alignnone\" aria-describedby=\"caption-attachment-1265107\">\n<figure id=\"attachment_1265107\" class=\"wp-caption alignnone\" aria-describedby=\"caption-attachment-1265107\">\n<figure id=\"attachment_1265107\" class=\"wp-caption alignnone\" aria-describedby=\"caption-attachment-1265107\"><img loading=\"lazy\" decoding=\"async\" class=\"wp-image-1265107 size-medium\" src=\"https:\/\/boldnews.al\/wp-content\/uploads\/2023\/10\/WhatsApp-Image-2023-10-01-at-02.08.37-1-640x537.jpeg\" sizes=\"auto, (max-width: 640px) 100vw, 640px\" srcset=\"https:\/\/boldnews.al\/wp-content\/uploads\/2023\/10\/WhatsApp-Image-2023-10-01-at-02.08.37-1-640x537.jpeg 640w, https:\/\/boldnews.al\/wp-content\/uploads\/2023\/10\/WhatsApp-Image-2023-10-01-at-02.08.37-1.jpeg 647w\" alt=\"\" width=\"640\" height=\"537\" data-pin-no-hover=\"true\" \/><figcaption id=\"caption-attachment-1265107\" class=\"wp-caption-text\">N\u00eb foto: N\u00eb truallin e \u201cBuka\u201d sha \u00ebsht\u00eb nd\u00ebrtuar Qendra Tregtare \u201cEmerald\u201d e Lirim Fezollarit<\/figcaption><\/figure>\n<\/figure>\n<\/figure>\n<p>Rasti doli n\u00eb sip\u00ebrfaqe disa muaj m\u00eb par\u00eb, kur Struktura e Posa\u00e7me Anti-Korrupsion (SPAK), thirri si \u201cperson q\u00eb ka dijeni\u201d Shk\u00eblqim Canin, ish-ministrin e Financave n\u00eb mandatin e par\u00eb qeveris\u00ebs s\u00eb Edi Ram\u00ebs.<\/p>\n<p>Cani u paraqit para prokuror\u00ebve, pas kall\u00ebzimit t\u00eb p\u00ebrfaq\u00ebsuesve t\u00eb nj\u00eb familjeje t\u00eb vjet\u00ebr tiranase, t\u00eb cilat pan\u00eb me syt\u00eb e tyre se si prona e trash\u00ebguar po u tjet\u00ebrsohej n\u00eb favor t\u00eb Lirim Fezollarit dhe askush nga qeveritar\u00ebt nuk pranoi t\u2019i d\u00ebgjonte.<\/p>\n<p>\u201cBoldnews.al\u201d ka siguruar detaje mbi k\u00ebt\u00eb \u00e7\u00ebshtje, t\u00eb cilat gjenden n\u00eb vendimet e form\u00ebs s\u00eb prer\u00eb t\u00eb gjyq\u00ebsorit shqiptar.<\/p>\n<p><strong>Historia e skandalit qeveritar<\/strong><\/p>\n<p>N\u00eb Korrik t\u00eb vitit 1995, nj\u00eb vendim i Komisioni i Kthimit dhe Kompensimit t\u00eb Pronave\u00a0 (KPPP), i sakt\u00ebsuar nga nj\u00eb vendim gjyq\u00ebsor i asaj kohe, i ka njohur nj\u00eb familjeje t\u00eb vjet\u00ebr tiranase pron\u00ebsin\u00eb n\u00eb nj\u00eb sip\u00ebrfaqe 8980 m2 n\u00eb zon\u00ebn e \u201c5 Majit\u201d, nga e cila 4890 m2 ishte nd\u00ebrtes\u00eb e fabrik\u00ebs shtet\u00ebrore t\u00eb Buk\u00ebs.<\/p>\n<p>Dy muaj m\u00eb pas, n\u00eb Tetor 1995, \u00ebsht\u00eb regjistruar shoq\u00ebria tregtare anonime \u201cBuka\u201d sha, n\u00eb pron\u00ebsi absolute t\u00eb shtetit shqiptar, n\u00ebp\u00ebrmjet Ministris\u00eb s\u00eb Financave. Pjes\u00eb e aseteve t\u00eb k\u00ebsaj shoq\u00ebrie ishte edhe trualli, i cili i ishte njohur familjes tiranase.<\/p>\n<p>N\u00eb vitin 1996, Ministria e Financave vendosi shitjen e 49 p\u00ebrqind t\u00eb aksioneve t\u00eb saj, duke vijuar t\u00eb ruaj\u00eb kontrollin mbi shoq\u00ebrin\u00eb \u201cBuka\u201d sha.<\/p>\n<p>N\u00eb vitin 2000, Ministria e Financave ka llogaritur kuotat q\u00eb i takojn\u00eb ish-pronar\u00ebve n\u00eb shoq\u00ebrin\u00eb \u201cBuka\u201d sha. P\u00ebr ish-pronar\u00ebt e truallit t\u00eb k\u00ebsaj shoq\u00ebrie \u00ebsht\u00eb akorduar vlera prej 8.8 milion\u00eb lek\u00eb t\u00eb reja, q\u00eb i korrespondon nj\u00eb pakete prej 3.1 p\u00ebrqind t\u00eb aksioneve.<\/p>\n<p>N\u00eb vitin 2004, Ministria e Ekonomis\u00eb vendos t\u00eb shes\u00eb aksionet e saj n\u00eb shoq\u00ebrin\u00eb \u201cBuka\u201d sha, n\u00eb shifr\u00ebn 47.65 p\u00ebrqind.<\/p>\n<p>Trash\u00ebgimtar\u00ebt e truallit kan\u00eb kund\u00ebrshtuar n\u00eb rrug\u00eb gjyq\u00ebsore, si vler\u00ebn e kuotave q\u00eb u \u00ebsht\u00eb p\u00ebrcaktuar nga Ministria e Ekonomis\u00eb, po ashtu edhe procedur\u00ebn e ankandit, derisa t\u00eb sqarohet p\u00ebrfundimisht sasia e aksioneve n\u00eb \u201cBuka\u201d sha.<\/p>\n<p>Nd\u00ebr t\u00eb tjera, vendimi i Ministris\u00eb s\u00eb Ekonomis\u00eb p\u00ebr num\u00ebr minimal kuotash, u hiqte t\u00eb drejt\u00ebn atyre jo vet\u00ebm t\u00eb nj\u00eb vler\u00ebsimi t\u00eb drejt\u00eb, por edhe t\u00eb p\u00ebrfshirjen n\u00eb ankand me t\u00eb drejt\u00ebn e parablerjes s\u00eb aksioneve qeveritare.<\/p>\n<p>K\u00ebrkesa e tyre pranohet nga Gjykata e Apelit n\u00eb vitin 2006 dhe Ministria e Ekonomis\u00eb detyrohet nga gjykata q\u00eb t\u00eb anuloj\u00eb ankandin, si edhe t\u00eb vler\u00ebroj\u00eb trash\u00ebgimtar\u00ebt e pronarit me vler\u00ebn e tregut.<\/p>\n<figure class=\"wp-caption alignnone\">\n<figure id=\"attachment_1265108\" class=\"wp-caption alignnone\" aria-describedby=\"caption-attachment-1265108\">\n<figure id=\"attachment_1265108\" class=\"wp-caption alignnone\" aria-describedby=\"caption-attachment-1265108\"><img loading=\"lazy\" decoding=\"async\" class=\"wp-image-1265108 size-full\" src=\"https:\/\/boldnews.al\/wp-content\/uploads\/2023\/10\/WhatsApp-Image-2023-10-01-at-02.08.38.jpeg\" alt=\"\" width=\"640\" height=\"669\" data-pin-no-hover=\"true\" \/><figcaption id=\"caption-attachment-1265108\" class=\"wp-caption-text\">N\u00eb foto: N\u00eb vendimin e Gjykat\u00ebs Administrative sqarohet historiku i aksioneve t\u00eb \u201cBuka\u201d sha<\/figcaption><\/figure>\n<\/figure>\n<\/figure>\n<p>Ministria e Ekonomis\u00eb anuloi procedur\u00ebn e ankandit, por p\u00ebr vite me radh\u00eb nuk zbatoi pjes\u00ebn e vendimit p\u00ebr ri-llogaritjen e aksioneve t\u00eb trash\u00ebgimtar\u00ebve dhe vler\u00ebsimin e tyre.<\/p>\n<p>N\u00eb vitin 2014, Ministri i Ekonomis\u00eb s\u00eb koh\u00ebs, Arben Ahmetaj, shpall s\u00ebrish ankandin p\u00ebr shitjen\u00a0 e 47.6 p\u00ebrqind t\u00eb aksioneve shtet\u00ebrore n\u00eb \u201cBuka\u201d sha.<\/p>\n<p>K\u00ebtu \u00ebsht\u00eb momenti kur shfaqet biznesmeni Lirim Fezollari. N\u00eb shtator 2014, ai fillimisht kishte bler\u00eb 15 p\u00ebrqind t\u00eb aksioneve. Brenda tre muajve, deri n\u00eb n\u00ebntor 2014, Fezollari arrin t\u00eb blej\u00eb 40 p\u00ebrqind t\u00eb aksioneve nga moria e ortak\u00ebve n\u00eb minoranc\u00eb (kryesisht ish-punonj\u00ebs t\u00eb \u201cBuka\u201d sha).<\/p>\n<p>Pra, n\u00eb momentin e shpalljes s\u00eb ankandit, Lirim Fezollari rezultonte efektivisht aksioneri i dyt\u00eb m\u00eb i madh i \u201cBuka\u201d sha, pas Ministris\u00eb s\u00eb Ekonomis\u00eb.<\/p>\n<p>Por, kjo situat\u00eb e aksioner\u00ebve nuk kishte reflektuar vendimin e Gjykat\u00ebs s\u00eb Apelit t\u00eb vitit 2006, e cila k\u00ebrkonte ri-vler\u00ebsimin e kuotave n\u00eb shoq\u00ebri t\u00eb trash\u00ebgimtar\u00ebve t\u00eb truallit, ku gjendeshin godinat e \u201cBuka\u201d sha.<\/p>\n<p><strong>Ankandi i paligjsh\u00ebm<\/strong><\/p>\n<p>N\u00eb Shtator 2014, Ahmetaj shpall procedurat e ankandit p\u00ebr shitjen e aksioneve t\u00eb qeveris\u00eb n\u00eb \u201cBuka\u201d sha., nd\u00ebrkoh\u00eb q\u00eb nuk ishte zbatuar ende vendimi i form\u00ebs s\u00eb prer\u00eb, t\u00eb marr\u00eb nga i Gjykata e Apelit n\u00eb vitin 2006, p\u00ebr ri-llogaritjen e kuotave t\u00eb ish-pronar\u00ebve n\u00eb \u201cBuka\u201d sha.<\/p>\n<figure id=\"attachment_1265111\" class=\"wp-caption alignnone\" aria-describedby=\"caption-attachment-1265111\">\n<figure id=\"attachment_1265111\" class=\"wp-caption alignnone\" aria-describedby=\"caption-attachment-1265111\">\n<figure id=\"attachment_1265111\" class=\"wp-caption alignnone\" aria-describedby=\"caption-attachment-1265111\"><img loading=\"lazy\" decoding=\"async\" class=\"wp-image-1265111 size-full\" src=\"https:\/\/boldnews.al\/wp-content\/uploads\/2023\/10\/WhatsApp-Image-2023-10-01-at-02.08.39.jpeg\" alt=\"\" width=\"640\" height=\"803\" data-pin-no-hover=\"true\" \/><figcaption id=\"caption-attachment-1265111\" class=\"wp-caption-text\">N\u00eb foto: Ahmetaj shpall ankandin p\u00ebr shitjen e aksioneve<\/figcaption><\/figure>\n<\/figure>\n<\/figure>\n<p>N\u00eb Qershor t\u00eb vitit 2015, Komisioni i Ankandit, i ngritur pran\u00eb Ministris\u00eb s\u00eb Financave, e cila n\u00eb at\u00eb koh\u00eb drejtohej nga Shk\u00eblqim Cani, n\u00ebnshkruar nj\u00eb marr\u00ebveshje paraprake me biznesmenin Lirim Fezollari, ku p\u00ebrcaktohen modalitetet e procedur\u00ebs.<\/p>\n<p>Pra, duket qart\u00eb q\u00eb n\u00eb ankand nuk jan\u00eb thirrur trash\u00ebgimtar\u00ebt e ish-pronarit t\u00eb truallit.<\/p>\n<p>N\u00eb Gusht 2015, Ministria e Financave shpall biznesmenin Fezollari fitues t\u00eb ankandit p\u00ebr blerjen e aksioneve (rrjedhimisht edhe aseteve) t\u00eb shoq\u00ebris\u00eb anonime \u201cBuka\u201d sha.<\/p>\n<p>Nd\u00ebrkoh\u00eb q\u00eb zhvilloheshin k\u00ebto procedura, trash\u00ebgimtar\u00ebt e ish-pronarit i drejtohen s\u00ebrish gjykat\u00ebs, ku k\u00ebrkohej anulimi i ankandit t\u00eb shpallur rishtazi, si edhe rivler\u00ebsimin e pron\u00ebs me \u00e7mimet e p\u00ebrcaktuara, sipas nj\u00eb vendimi t\u00eb Gjykat\u00ebs Kushtetuese t\u00eb vitit 2001 dhe akteve pasuese t\u00eb tij.<\/p>\n<figure id=\"attachment_1265112\" class=\"wp-caption alignnone\" aria-describedby=\"caption-attachment-1265112\">\n<figure id=\"attachment_1265112\" class=\"wp-caption alignnone\" aria-describedby=\"caption-attachment-1265112\">\n<figure id=\"attachment_1265112\" class=\"wp-caption alignnone\" aria-describedby=\"caption-attachment-1265112\"><img loading=\"lazy\" decoding=\"async\" class=\"wp-image-1265112 size-full\" src=\"https:\/\/boldnews.al\/wp-content\/uploads\/2023\/10\/WhatsApp-Image-2023-10-01-at-02.08.38-1.jpeg\" alt=\"\" width=\"640\" height=\"809\" data-pin-no-hover=\"true\" \/><figcaption id=\"caption-attachment-1265112\" class=\"wp-caption-text\">N\u00eb foto: Rezultatet e ankandit p\u00ebr aksionet e \u201cBuka\u201d sha<\/figcaption><\/figure>\n<\/figure>\n<\/figure>\n<p>Ministria e Financave u tregua e paduruar p\u00ebr t\u00eb mbyllur ankandin, nd\u00ebrkoh\u00eb q\u00eb institucioni ishte i paditur n\u00eb gjykat\u00eb dhe procesi gjyq\u00ebsor ishte n\u00eb vijim.<\/p>\n<p>N\u00eb tetor 2015, vet\u00ebm dy muaj pas shpalljes s\u00eb rezultateve t\u00eb ankandit, Gjykata Administrative e Shkall\u00ebs s\u00eb Par\u00eb u jep t\u00eb drejt\u00eb ish-pronar\u00ebve, duke vendosur gjithashtu anulimin e pasojave t\u00eb procedur\u00ebs.<\/p>\n<p>\u00c7\u00ebshtja shkon n\u00eb Apel, me ankimues Ministrin\u00eb e Ekonomis\u00eb, si institucioni q\u00eb kishte urdh\u00ebruar zhvillimin e ankandit.<\/p>\n<p>Nd\u00ebrkoh\u00eb q\u00eb \u00e7\u00ebshtja priste vendimin n\u00eb Apel, rezulton se biznesmeni Lirim Fezollari, si aksioneri maxhoritar i \u201cBuka\u201d sha, shet asetet e shoq\u00ebris\u00eb, konkretisht trojet e saj, tek kompania \u201cTobbaco Holding\u201d, e cila ishte gjithashtu n\u00eb pron\u00ebsi t\u00eb saj.<\/p>\n<figure id=\"attachment_1265113\" class=\"wp-caption alignnone\" aria-describedby=\"caption-attachment-1265113\">\n<figure id=\"attachment_1265113\" class=\"wp-caption alignnone\" aria-describedby=\"caption-attachment-1265113\">\n<figure id=\"attachment_1265113\" class=\"wp-caption alignnone\" aria-describedby=\"caption-attachment-1265113\"><img loading=\"lazy\" decoding=\"async\" class=\"wp-image-1265113 size-full\" src=\"https:\/\/boldnews.al\/wp-content\/uploads\/2023\/10\/WhatsApp-Image-2023-10-01-at-02.08.38-2.jpeg\" alt=\"\" width=\"640\" height=\"834\" data-pin-no-hover=\"true\" \/><figcaption id=\"caption-attachment-1265113\" class=\"wp-caption-text\">N\u00eb foto: Ektrakti i kompanis\u00eb \u201cTobbaco Holding\u201d<\/figcaption><\/figure>\n<\/figure>\n<\/figure>\n<p>N\u00eb n\u00ebntor t\u00eb vitit 2017, Gjykata Administrative e Apelit u jep p\u00ebrfundimisht t\u00eb drejt\u00eb ish-pronar\u00ebve, si p\u00ebr anulimin e ankandit, ashtu edhe p\u00ebr rivler\u00ebsimin e kuotave n\u00eb shoq\u00ebrin\u00eb \u201cBuka\u201d sha.<\/p>\n<p>Por, tashm\u00eb, nj\u00eb pjes\u00eb e aseteve t\u00eb saj, kryesisht n\u00eb zon\u00ebn \u201c5 Maji\u201d dhe tek \u201cPallati me Shigjeta\u201d, Lirim Fezollari ia kishte shitur Lirim Fezollarit (shoq\u00ebris\u00eb \u201cTobbaco Holding\u201d).<\/p>\n<p>N\u00eb k\u00ebto prona, biznesmeni Fezollari ka marr\u00eb leje nga kryetari i Bashkis\u00eb s\u00eb Tiran\u00ebs, Erion Veliaj, p\u00ebr t\u00eb nd\u00ebrtuar nj\u00eb qend\u00ebr tregtare (n\u00eb zon\u00ebn e \u201c5 Majit\u201d), si edhe ka nd\u00ebrtuar nj\u00eb kompleks loj\u00ebrash (tek \u201cPallati me Shigjeta\u201d).<\/p>\n<p><strong>DOKUMENTI I D\u00cbRGUAR NGA ARBEN AHMETAJ<\/strong><\/p>\n<p><img loading=\"lazy\" decoding=\"async\" class=\"alignnone size-medium wp-image-1600976\" src=\"https:\/\/boldnews.al\/wp-content\/uploads\/2025\/09\/1758292623xbuka-komente-2-163_page-0001-640x904.jpg\" sizes=\"auto, (max-width: 640px) 100vw, 640px\" srcset=\"https:\/\/boldnews.al\/wp-content\/uploads\/2025\/09\/1758292623xbuka-komente-2-163_page-0001-640x904.jpg 640w, https:\/\/boldnews.al\/wp-content\/uploads\/2025\/09\/1758292623xbuka-komente-2-163_page-0001-1024x1447.jpg 1024w, https:\/\/boldnews.al\/wp-content\/uploads\/2025\/09\/1758292623xbuka-komente-2-163_page-0001-1087x1536.jpg 1087w, https:\/\/boldnews.al\/wp-content\/uploads\/2025\/09\/1758292623xbuka-komente-2-163_page-0001-750x1060.jpg 750w, https:\/\/boldnews.al\/wp-content\/uploads\/2025\/09\/1758292623xbuka-komente-2-163_page-0001-1140x1611.jpg 1140w, https:\/\/boldnews.al\/wp-content\/uploads\/2025\/09\/1758292623xbuka-komente-2-163_page-0001.jpg 1242w\" alt=\"\" width=\"640\" height=\"904\" data-pin-no-hover=\"true\" \/>\u00a0<img loading=\"lazy\" decoding=\"async\" class=\"alignnone size-medium wp-image-1600977\" src=\"https:\/\/boldnews.al\/wp-content\/uploads\/2025\/09\/1758292623xbuka-komente-2-163_page-0002-640x904.jpg\" sizes=\"auto, (max-width: 640px) 100vw, 640px\" srcset=\"https:\/\/boldnews.al\/wp-content\/uploads\/2025\/09\/1758292623xbuka-komente-2-163_page-0002-640x904.jpg 640w, https:\/\/boldnews.al\/wp-content\/uploads\/2025\/09\/1758292623xbuka-komente-2-163_page-0002-1024x1447.jpg 1024w, https:\/\/boldnews.al\/wp-content\/uploads\/2025\/09\/1758292623xbuka-komente-2-163_page-0002-1087x1536.jpg 1087w, https:\/\/boldnews.al\/wp-content\/uploads\/2025\/09\/1758292623xbuka-komente-2-163_page-0002-750x1060.jpg 750w, https:\/\/boldnews.al\/wp-content\/uploads\/2025\/09\/1758292623xbuka-komente-2-163_page-0002-1140x1611.jpg 1140w, https:\/\/boldnews.al\/wp-content\/uploads\/2025\/09\/1758292623xbuka-komente-2-163_page-0002.jpg 1242w\" alt=\"\" width=\"640\" height=\"904\" data-pin-no-hover=\"true\" \/>\u00a0<img loading=\"lazy\" decoding=\"async\" class=\"alignnone size-medium wp-image-1600978\" src=\"https:\/\/boldnews.al\/wp-content\/uploads\/2025\/09\/1758292623xbuka-komente-2-163_page-0003-640x904.jpg\" sizes=\"auto, (max-width: 640px) 100vw, 640px\" srcset=\"https:\/\/boldnews.al\/wp-content\/uploads\/2025\/09\/1758292623xbuka-komente-2-163_page-0003-640x904.jpg 640w, https:\/\/boldnews.al\/wp-content\/uploads\/2025\/09\/1758292623xbuka-komente-2-163_page-0003-1024x1447.jpg 1024w, https:\/\/boldnews.al\/wp-content\/uploads\/2025\/09\/1758292623xbuka-komente-2-163_page-0003-1087x1536.jpg 1087w, https:\/\/boldnews.al\/wp-content\/uploads\/2025\/09\/1758292623xbuka-komente-2-163_page-0003-750x1060.jpg 750w, https:\/\/boldnews.al\/wp-content\/uploads\/2025\/09\/1758292623xbuka-komente-2-163_page-0003-1140x1611.jpg 1140w, https:\/\/boldnews.al\/wp-content\/uploads\/2025\/09\/1758292623xbuka-komente-2-163_page-0003.jpg 1242w\" alt=\"\" width=\"640\" height=\"904\" data-pin-no-hover=\"true\" \/>\u00a0<img loading=\"lazy\" decoding=\"async\" class=\"alignnone size-medium wp-image-1600979\" src=\"https:\/\/boldnews.al\/wp-content\/uploads\/2025\/09\/1758292623xbuka-komente-2-163_page-0004-640x904.jpg\" sizes=\"auto, (max-width: 640px) 100vw, 640px\" srcset=\"https:\/\/boldnews.al\/wp-content\/uploads\/2025\/09\/1758292623xbuka-komente-2-163_page-0004-640x904.jpg 640w, https:\/\/boldnews.al\/wp-content\/uploads\/2025\/09\/1758292623xbuka-komente-2-163_page-0004-1024x1447.jpg 1024w, https:\/\/boldnews.al\/wp-content\/uploads\/2025\/09\/1758292623xbuka-komente-2-163_page-0004-1087x1536.jpg 1087w, https:\/\/boldnews.al\/wp-content\/uploads\/2025\/09\/1758292623xbuka-komente-2-163_page-0004-750x1060.jpg 750w, https:\/\/boldnews.al\/wp-content\/uploads\/2025\/09\/1758292623xbuka-komente-2-163_page-0004-1140x1611.jpg 1140w, https:\/\/boldnews.al\/wp-content\/uploads\/2025\/09\/1758292623xbuka-komente-2-163_page-0004.jpg 1242w\" alt=\"\" width=\"640\" height=\"904\" data-pin-no-hover=\"true\" \/>\u00a0<img loading=\"lazy\" decoding=\"async\" class=\"alignnone size-medium wp-image-1600980\" src=\"https:\/\/boldnews.al\/wp-content\/uploads\/2025\/09\/1758292623xbuka-komente-2-163_page-0005-640x904.jpg\" sizes=\"auto, (max-width: 640px) 100vw, 640px\" srcset=\"https:\/\/boldnews.al\/wp-content\/uploads\/2025\/09\/1758292623xbuka-komente-2-163_page-0005-640x904.jpg 640w, https:\/\/boldnews.al\/wp-content\/uploads\/2025\/09\/1758292623xbuka-komente-2-163_page-0005-1024x1447.jpg 1024w, https:\/\/boldnews.al\/wp-content\/uploads\/2025\/09\/1758292623xbuka-komente-2-163_page-0005-1087x1536.jpg 1087w, https:\/\/boldnews.al\/wp-content\/uploads\/2025\/09\/1758292623xbuka-komente-2-163_page-0005-750x1060.jpg 750w, https:\/\/boldnews.al\/wp-content\/uploads\/2025\/09\/1758292623xbuka-komente-2-163_page-0005-1140x1611.jpg 1140w, https:\/\/boldnews.al\/wp-content\/uploads\/2025\/09\/1758292623xbuka-komente-2-163_page-0005.jpg 1242w\" alt=\"\" width=\"640\" height=\"904\" data-pin-no-hover=\"true\" \/>\u00a0<img loading=\"lazy\" decoding=\"async\" class=\"alignnone size-medium wp-image-1600981\" src=\"https:\/\/boldnews.al\/wp-content\/uploads\/2025\/09\/1758292623xbuka-komente-2-163_page-0006-640x904.jpg\" sizes=\"auto, (max-width: 640px) 100vw, 640px\" srcset=\"https:\/\/boldnews.al\/wp-content\/uploads\/2025\/09\/1758292623xbuka-komente-2-163_page-0006-640x904.jpg 640w, https:\/\/boldnews.al\/wp-content\/uploads\/2025\/09\/1758292623xbuka-komente-2-163_page-0006-1024x1447.jpg 1024w, https:\/\/boldnews.al\/wp-content\/uploads\/2025\/09\/1758292623xbuka-komente-2-163_page-0006-1087x1536.jpg 1087w, https:\/\/boldnews.al\/wp-content\/uploads\/2025\/09\/1758292623xbuka-komente-2-163_page-0006-750x1060.jpg 750w, https:\/\/boldnews.al\/wp-content\/uploads\/2025\/09\/1758292623xbuka-komente-2-163_page-0006-1140x1611.jpg 1140w, https:\/\/boldnews.al\/wp-content\/uploads\/2025\/09\/1758292623xbuka-komente-2-163_page-0006.jpg 1242w\" alt=\"\" width=\"640\" height=\"904\" data-pin-no-hover=\"true\" \/>\u00a0<img loading=\"lazy\" decoding=\"async\" class=\"alignnone size-medium wp-image-1600982\" src=\"https:\/\/boldnews.al\/wp-content\/uploads\/2025\/09\/1758292623xbuka-komente-2-163_page-0007-640x904.jpg\" sizes=\"auto, (max-width: 640px) 100vw, 640px\" srcset=\"https:\/\/boldnews.al\/wp-content\/uploads\/2025\/09\/1758292623xbuka-komente-2-163_page-0007-640x904.jpg 640w, https:\/\/boldnews.al\/wp-content\/uploads\/2025\/09\/1758292623xbuka-komente-2-163_page-0007-1024x1447.jpg 1024w, https:\/\/boldnews.al\/wp-content\/uploads\/2025\/09\/1758292623xbuka-komente-2-163_page-0007-1087x1536.jpg 1087w, https:\/\/boldnews.al\/wp-content\/uploads\/2025\/09\/1758292623xbuka-komente-2-163_page-0007-750x1060.jpg 750w, https:\/\/boldnews.al\/wp-content\/uploads\/2025\/09\/1758292623xbuka-komente-2-163_page-0007-1140x1611.jpg 1140w, https:\/\/boldnews.al\/wp-content\/uploads\/2025\/09\/1758292623xbuka-komente-2-163_page-0007.jpg 1242w\" alt=\"\" width=\"640\" height=\"904\" data-pin-no-hover=\"true\" \/>\u00a0<img loading=\"lazy\" decoding=\"async\" class=\"alignnone size-medium wp-image-1600983\" src=\"https:\/\/boldnews.al\/wp-content\/uploads\/2025\/09\/1758292623xbuka-komente-2-163_page-0008-640x904.jpg\" sizes=\"auto, (max-width: 640px) 100vw, 640px\" srcset=\"https:\/\/boldnews.al\/wp-content\/uploads\/2025\/09\/1758292623xbuka-komente-2-163_page-0008-640x904.jpg 640w, https:\/\/boldnews.al\/wp-content\/uploads\/2025\/09\/1758292623xbuka-komente-2-163_page-0008-1024x1447.jpg 1024w, https:\/\/boldnews.al\/wp-content\/uploads\/2025\/09\/1758292623xbuka-komente-2-163_page-0008-1087x1536.jpg 1087w, https:\/\/boldnews.al\/wp-content\/uploads\/2025\/09\/1758292623xbuka-komente-2-163_page-0008-750x1060.jpg 750w, https:\/\/boldnews.al\/wp-content\/uploads\/2025\/09\/1758292623xbuka-komente-2-163_page-0008-1140x1611.jpg 1140w, https:\/\/boldnews.al\/wp-content\/uploads\/2025\/09\/1758292623xbuka-komente-2-163_page-0008.jpg 1242w\" alt=\"\" width=\"640\" height=\"904\" data-pin-no-hover=\"true\" \/><\/p>\n","protected":false},"excerpt":{"rendered":"<p>Ish-z\u00ebvend\u00ebskryeministri Arben Ahmetaj, ka reaguar p\u00ebrmes nj\u00eb \u201ce mail\u201d-i p\u00ebr gazetar\u00ebt n\u00eb lidhje me dosjen e njohur si \u201cBuka\u201d, ku ai \u00ebsht\u00eb marr\u00eb i pandehur p\u00ebr vepr\u00ebn penale \u201cShp\u00ebrdorim detyre\u201d, ku fillimisht Ahmetraj u akuzua se i kishte shkaktuar rreth 7 miliard\u00eb lek\u00eb d\u00ebm shtetit. P\u00ebr k\u00ebt\u00eb \u00e7\u00ebshtje SPAK po heton edhe 7 persona t\u00eb &hellip;<\/p>\n","protected":false},"author":4,"featured_media":102699,"comment_status":"closed","ping_status":"closed","sticky":false,"template":"","format":"standard","meta":{"footnotes":""},"categories":[37],"tags":[],"class_list":["post-123689","post","type-post","status-publish","format-standard","has-post-thumbnail","","category-politike"],"_links":{"self":[{"href":"https:\/\/rdnews.al\/index.php\/wp-json\/wp\/v2\/posts\/123689","targetHints":{"allow":["GET"]}}],"collection":[{"href":"https:\/\/rdnews.al\/index.php\/wp-json\/wp\/v2\/posts"}],"about":[{"href":"https:\/\/rdnews.al\/index.php\/wp-json\/wp\/v2\/types\/post"}],"author":[{"embeddable":true,"href":"https:\/\/rdnews.al\/index.php\/wp-json\/wp\/v2\/users\/4"}],"replies":[{"embeddable":true,"href":"https:\/\/rdnews.al\/index.php\/wp-json\/wp\/v2\/comments?post=123689"}],"version-history":[{"count":2,"href":"https:\/\/rdnews.al\/index.php\/wp-json\/wp\/v2\/posts\/123689\/revisions"}],"predecessor-version":[{"id":123691,"href":"https:\/\/rdnews.al\/index.php\/wp-json\/wp\/v2\/posts\/123689\/revisions\/123691"}],"wp:featuredmedia":[{"embeddable":true,"href":"https:\/\/rdnews.al\/index.php\/wp-json\/wp\/v2\/media\/102699"}],"wp:attachment":[{"href":"https:\/\/rdnews.al\/index.php\/wp-json\/wp\/v2\/media?parent=123689"}],"wp:term":[{"taxonomy":"category","embeddable":true,"href":"https:\/\/rdnews.al\/index.php\/wp-json\/wp\/v2\/categories?post=123689"},{"taxonomy":"post_tag","embeddable":true,"href":"https:\/\/rdnews.al\/index.php\/wp-json\/wp\/v2\/tags?post=123689"}],"curies":[{"name":"wp","href":"https:\/\/api.w.org\/{rel}","templated":true}]}}