{"id":123692,"date":"2025-09-19T17:10:33","date_gmt":"2025-09-19T17:10:33","guid":{"rendered":"https:\/\/rdnews.al\/?p=123692"},"modified":"2025-09-19T17:10:33","modified_gmt":"2025-09-19T17:10:33","slug":"kamikazet-mediatike-pula-perballe-rames-dhe-gjela-ndaj-opozites-cfare-degradimi","status":"publish","type":"post","link":"https:\/\/rdnews.al\/index.php\/2025\/09\/19\/kamikazet-mediatike-pula-perballe-rames-dhe-gjela-ndaj-opozites-cfare-degradimi\/","title":{"rendered":"Kamikaz\u00ebt mediatik\u00eb pula p\u00ebrball\u00eb Ram\u00ebs dhe gjela ndaj opozit\u00ebs, \u00e7far\u00eb degradimi!"},"content":{"rendered":"<p><strong>Nga Petrit VASILI<\/strong><\/p>\n<p>Ka nj\u00eb pandemi t\u00eb v\u00ebrtet\u00eb logoreje n\u00ebp\u00ebr banak\u00ebt e televizioneve t\u00eb incenerator\u00ebve.<\/p>\n<p>Lloj e soj analist\u00ebsh, shumica t\u00eb vet\u00ebquajtur e ca t\u00eb tjer\u00eb se e b\u00ebjn\u00eb prej koh\u00ebsh k\u00ebt\u00eb pun\u00eb, po stigmatizojn\u00eb, analizojn\u00eb, bullizojn\u00eb dhe studiojn\u00eb deri n\u00eb detaj opozit\u00ebn.<\/p>\n<p>Debiliteti mediatik i komanduar nga Rama \u00ebsht\u00eb kthyer n\u00eb nj\u00eb shp\u00ebrthim masiv uj\u00ebrash t\u00eb zeza mediatike, q\u00eb godet opozit\u00ebn p\u00ebr t\u00eb fshehur nga syt\u00eb e opinionit gj\u00ebmat dhe b\u00ebmat e Ram\u00ebs.<\/p>\n<p>Debilitetit t\u00eb ramist\u00ebve mediatik\u00eb nuk ju intereson fare situata katastrofike e vendit, apo korrupsioni i tmerrsh\u00ebm i qeveris\u00eb. Dhe kan\u00eb t\u00eb drejt\u00eb q\u00eb nuk e shohin dot, se me k\u00ebt\u00eb korrupsion i ushqen dhe i sponsorizon edhe ata vet\u00eb.<\/p>\n<p>K\u00ebta gjela mediatik\u00eb t\u00eb v\u00ebrtet\u00eb, t\u00eb ngrehur sa s\u2019b\u00ebhet, q\u00eb e k\u00ebrkojn\u00eb edhe qimen tek opozita, traun e b\u00ebmave shkat\u00ebrrimtare tek Rama nuk e shohin dot dhe p\u00ebrball\u00eb Ram\u00ebs b\u00ebhen si pula t\u00eb shushatura, qeshin me \u00ebmb\u00eblsi dhe pranojn\u00eb \u00e7do lloj posht\u00ebrimi.<\/p>\n<p>Mjerim i madh v\u00ebrtet!<\/p>\n<p>K\u00ebta njer\u00ebz t\u00eb shp\u00eblar\u00eb nga \u00e7do vler\u00eb morale dhe profesionale jan\u00eb shnd\u00ebrruar n\u00eb nj\u00eb Covid social, q\u00eb vet\u00ebm d\u00ebmton sh\u00ebndetin e shoq\u00ebris\u00eb n\u00eb em\u00ebr t\u00eb lug\u00ebs s\u00eb sup\u00ebs, q\u00eb han\u00eb n\u00eb tasin e korrupsionit t\u00eb qeveris\u00eb.<\/p>\n<p>K\u00ebta personazhe b\u00ebjn\u00eb sikur ju shqyhet zemra p\u00ebr opozit\u00ebn, sikur e duan shum\u00eb opozit\u00ebn, sikur i duan m\u00eb t\u00eb mir\u00ebn opozit\u00ebs, kur n\u00eb fakt b\u00ebjn\u00eb \u00e7\u2019munden q\u00eb opozita t\u00eb mos ekzistoj\u00eb fare.<\/p>\n<p>Po k\u00ebta q\u00eb sot d\u00ebrd\u00ebllisin n\u00eb \u00e7do banak se pse opozita reagoi fort ndaj Ram\u00ebs q\u00eb provokonte me Diell\u00ebn n\u00eb Kuvend, do ishin po k\u00ebta q\u00eb n\u00ebse opozita rrinte n\u00eb sall\u00eb do thoshin: opozita u posht\u00ebrua nga Rama se d\u00ebgjoi Diell\u00ebn.<\/p>\n<p>Pra nj\u00eb loj\u00eb super bajate, provinciale dhe e q\u00ebllimshme ma ftoh\u00eb ma ngroh\u00eb gomarin.<\/p>\n<p>A ka opozita gj\u00ebra p\u00ebr t\u00eb ndryshuar?<\/p>\n<p>Sigurisht ka, edhe shum\u00eb bile.<\/p>\n<p>Por Shqip\u00ebria \u00ebsht\u00eb n\u00eb buz\u00eb t\u00eb gremin\u00ebs s\u00eb pla\u00e7kitet nga narkoqeveria e Ram\u00ebs dhe k\u00ebt\u00eb nuk e luan topi.<\/p>\n<p>Ndaj mos humbni asnj\u00eb sekond\u00eb me k\u00ebta kamikaz\u00eb mediatik\u00eb, por shihni se si ju grabit t\u00eb drejtat, taksat dhe pron\u00ebn qeveria dhe Rama.<\/p>\n<p>Nj\u00eb gj\u00eb \u00ebsht\u00eb e qart\u00eb q\u00eb k\u00ebta rrin\u00eb dhe do t\u00eb rrin\u00eb p\u00ebrjet\u00ebsisht si pula t\u00eb lagura p\u00ebrpara Ram\u00ebs dhe do t\u00eb vazhdojn\u00eb t\u00eb ngrehen si gjeli n\u00eb pleh kund\u00ebr opozit\u00ebs.<\/p>\n","protected":false},"excerpt":{"rendered":"<p>Nga Petrit VASILI Ka nj\u00eb pandemi t\u00eb v\u00ebrtet\u00eb logoreje n\u00ebp\u00ebr banak\u00ebt e televizioneve t\u00eb incenerator\u00ebve. Lloj e soj analist\u00ebsh, shumica t\u00eb vet\u00ebquajtur e ca t\u00eb tjer\u00eb se e b\u00ebjn\u00eb prej koh\u00ebsh k\u00ebt\u00eb pun\u00eb, po stigmatizojn\u00eb, analizojn\u00eb, bullizojn\u00eb dhe studiojn\u00eb deri n\u00eb detaj opozit\u00ebn. Debiliteti mediatik i komanduar nga Rama \u00ebsht\u00eb kthyer n\u00eb nj\u00eb shp\u00ebrthim masiv &hellip;<\/p>\n","protected":false},"author":4,"featured_media":110711,"comment_status":"closed","ping_status":"closed","sticky":false,"template":"","format":"standard","meta":{"footnotes":""},"categories":[44],"tags":[],"class_list":["post-123692","post","type-post","status-publish","format-standard","has-post-thumbnail","","category-editorial"],"_links":{"self":[{"href":"https:\/\/rdnews.al\/index.php\/wp-json\/wp\/v2\/posts\/123692","targetHints":{"allow":["GET"]}}],"collection":[{"href":"https:\/\/rdnews.al\/index.php\/wp-json\/wp\/v2\/posts"}],"about":[{"href":"https:\/\/rdnews.al\/index.php\/wp-json\/wp\/v2\/types\/post"}],"author":[{"embeddable":true,"href":"https:\/\/rdnews.al\/index.php\/wp-json\/wp\/v2\/users\/4"}],"replies":[{"embeddable":true,"href":"https:\/\/rdnews.al\/index.php\/wp-json\/wp\/v2\/comments?post=123692"}],"version-history":[{"count":1,"href":"https:\/\/rdnews.al\/index.php\/wp-json\/wp\/v2\/posts\/123692\/revisions"}],"predecessor-version":[{"id":123693,"href":"https:\/\/rdnews.al\/index.php\/wp-json\/wp\/v2\/posts\/123692\/revisions\/123693"}],"wp:featuredmedia":[{"embeddable":true,"href":"https:\/\/rdnews.al\/index.php\/wp-json\/wp\/v2\/media\/110711"}],"wp:attachment":[{"href":"https:\/\/rdnews.al\/index.php\/wp-json\/wp\/v2\/media?parent=123692"}],"wp:term":[{"taxonomy":"category","embeddable":true,"href":"https:\/\/rdnews.al\/index.php\/wp-json\/wp\/v2\/categories?post=123692"},{"taxonomy":"post_tag","embeddable":true,"href":"https:\/\/rdnews.al\/index.php\/wp-json\/wp\/v2\/tags?post=123692"}],"curies":[{"name":"wp","href":"https:\/\/api.w.org\/{rel}","templated":true}]}}