{"id":123697,"date":"2025-09-19T17:41:04","date_gmt":"2025-09-19T17:41:04","guid":{"rendered":"https:\/\/rdnews.al\/?p=123697"},"modified":"2025-09-19T17:41:04","modified_gmt":"2025-09-19T17:41:04","slug":"ndahet-nga-jeta-abdi-baleta-ish-themelues-i-pd","status":"publish","type":"post","link":"https:\/\/rdnews.al\/index.php\/2025\/09\/19\/ndahet-nga-jeta-abdi-baleta-ish-themelues-i-pd\/","title":{"rendered":"Ndahet nga jeta Abdi Baleta, ish-themelues i PD"},"content":{"rendered":"<p>Nd\u00ebrron jet\u00eb n\u00eb mosh\u00ebn 84 vje\u00e7, Abdi Baleta, ish-themelues i PD.<\/p>\n<p>Abdi Baleta ka lindur n\u00eb fshatin Gur i Bardh t\u00eb Matit n\u00eb vitin 1941, ka studiuar p\u00ebr marr\u00ebdh\u00ebnie nd\u00ebrkomb\u00ebtare n\u00eb Mosk\u00eb dhe \u00ebsht\u00eb diplomuar p\u00ebr drejt\u00ebsi n\u00eb Universitetin e Tiran\u00ebs, n\u00eb vitin 1964.<\/p>\n<p>Deri n\u00eb vitin n\u00eb vitin 1983 ka sh\u00ebrbyer n\u00eb diplomacin\u00eb e shtetit shqiptar si punonj\u00ebs e drejtor n\u00eb Ministrin\u00eb e Jashtme dhe ambasador e p\u00ebrfaq\u00ebsues i Shqip\u00ebris\u00eb n\u00eb OKB, n\u00eb Ne\u00eb York.<\/p>\n<p>Baleta ka kryer detyr\u00ebn e kryetarit t\u00eb Gjykat\u00ebs s\u00eb Rrethit n\u00eb Pogradec (1983-1987) dhe t\u00eb pedagogut t\u00eb s\u00eb drejt\u00ebs nd\u00ebrkomb\u00ebtare n\u00eb Fakultetin e Drejt\u00ebsis\u00eb (1987-1995).<\/p>\n<p>N\u00eb vitet 1991-1996 u zgjodh deputet i Partis\u00eb Demokratike n\u00eb Kuvendin e Shqip\u00ebris\u00eb. N\u00eb 1994 Abdi Baleta u largua nga Partia Demokratike dhe krijoi nj\u00eb forc\u00eb tjet\u00ebr politike e cila u pag\u00ebzua \u201cRim\u00ebk\u00ebmbja Komb\u00ebtare\u201d.<\/p>\n","protected":false},"excerpt":{"rendered":"<p>Nd\u00ebrron jet\u00eb n\u00eb mosh\u00ebn 84 vje\u00e7, Abdi Baleta, ish-themelues i PD. Abdi Baleta ka lindur n\u00eb fshatin Gur i Bardh t\u00eb Matit n\u00eb vitin 1941, ka studiuar p\u00ebr marr\u00ebdh\u00ebnie nd\u00ebrkomb\u00ebtare n\u00eb Mosk\u00eb dhe \u00ebsht\u00eb diplomuar p\u00ebr drejt\u00ebsi n\u00eb Universitetin e Tiran\u00ebs, n\u00eb vitin 1964. Deri n\u00eb vitin n\u00eb vitin 1983 ka sh\u00ebrbyer n\u00eb diplomacin\u00eb e &hellip;<\/p>\n","protected":false},"author":4,"featured_media":123698,"comment_status":"closed","ping_status":"closed","sticky":false,"template":"","format":"standard","meta":{"footnotes":""},"categories":[37],"tags":[],"class_list":["post-123697","post","type-post","status-publish","format-standard","has-post-thumbnail","","category-politike"],"_links":{"self":[{"href":"https:\/\/rdnews.al\/index.php\/wp-json\/wp\/v2\/posts\/123697","targetHints":{"allow":["GET"]}}],"collection":[{"href":"https:\/\/rdnews.al\/index.php\/wp-json\/wp\/v2\/posts"}],"about":[{"href":"https:\/\/rdnews.al\/index.php\/wp-json\/wp\/v2\/types\/post"}],"author":[{"embeddable":true,"href":"https:\/\/rdnews.al\/index.php\/wp-json\/wp\/v2\/users\/4"}],"replies":[{"embeddable":true,"href":"https:\/\/rdnews.al\/index.php\/wp-json\/wp\/v2\/comments?post=123697"}],"version-history":[{"count":1,"href":"https:\/\/rdnews.al\/index.php\/wp-json\/wp\/v2\/posts\/123697\/revisions"}],"predecessor-version":[{"id":123699,"href":"https:\/\/rdnews.al\/index.php\/wp-json\/wp\/v2\/posts\/123697\/revisions\/123699"}],"wp:featuredmedia":[{"embeddable":true,"href":"https:\/\/rdnews.al\/index.php\/wp-json\/wp\/v2\/media\/123698"}],"wp:attachment":[{"href":"https:\/\/rdnews.al\/index.php\/wp-json\/wp\/v2\/media?parent=123697"}],"wp:term":[{"taxonomy":"category","embeddable":true,"href":"https:\/\/rdnews.al\/index.php\/wp-json\/wp\/v2\/categories?post=123697"},{"taxonomy":"post_tag","embeddable":true,"href":"https:\/\/rdnews.al\/index.php\/wp-json\/wp\/v2\/tags?post=123697"}],"curies":[{"name":"wp","href":"https:\/\/api.w.org\/{rel}","templated":true}]}}