{"id":123701,"date":"2025-09-19T17:45:05","date_gmt":"2025-09-19T17:45:05","guid":{"rendered":"https:\/\/rdnews.al\/?p=123701"},"modified":"2025-09-19T17:45:05","modified_gmt":"2025-09-19T17:45:05","slug":"reagon-deputeti-i-pd-kur-na-mbyllin-gojen-ne-parlament-eshte-detyra-jone-te-flasim-me-fort","status":"publish","type":"post","link":"https:\/\/rdnews.al\/index.php\/2025\/09\/19\/reagon-deputeti-i-pd-kur-na-mbyllin-gojen-ne-parlament-eshte-detyra-jone-te-flasim-me-fort\/","title":{"rendered":"Reagon deputeti i PD: Kur na mbyllin goj\u00ebn n\u00eb Parlament, \u00ebsht\u00eb detyra jon\u00eb t\u00eb flasim m\u00eb fort!"},"content":{"rendered":"<p>Deputeti i PD, Fidel Kreka ka reaguar lidhur me vendimin e sot\u00ebm t\u00eb socialist\u00ebve, ku s\u00eb bashku me Gazment Bardhi u p\u00ebrjashtunan me nga 10 dit\u00eb nga aktivitetet parlamentare p\u00ebr shkak t\u00eb tensioneve n\u00eb seanc\u00ebn e djeshme plenare.<\/p>\n<p>N\u00eb nj\u00eb postim n\u00eb rrjetet sociale, Kreka shkruan se u p\u00ebrjashtua vet\u00ebm se ngriti z\u00ebrin kund\u00ebr nj\u00eb kryetari sharlatan q\u00eb sillet si pronar i Kuvendit, duke iu referuar Niko Peleshit.<\/p>\n<p>\u201cKur na mbyllin goj\u00ebn n\u00eb Parlament, \u00ebsht\u00eb detyra jon\u00eb t\u00eb flasim m\u00eb fort!<\/p>\n<p>U p\u00ebrjashtova 10 dit\u00eb sepse ngrita z\u00ebrin kund\u00ebr nj\u00eb kryetari sharlatan q\u00eb mendon se \u00ebsht\u00eb pronar i Kuvendit.<\/p>\n<p>Ne nuk t\u00ebrhiqemi, nuk dor\u00ebzohemi!<\/p>\n<p>Opozita duhet t\u00eb ngrihet m\u00eb e bashkuar dhe m\u00eb e fort\u00eb se kurr\u00eb.<\/p>\n<p>Si deputet i Partis\u00eb Demokratike, do t\u00eb jem \u00e7do dit\u00eb n\u00eb krah t\u00eb demokrat\u00ebve dhe opozitar\u00ebve p\u00ebr t\u00eb mbrojtur interesat e tyre!\u201d, shkruan Kreka.<\/p>\n","protected":false},"excerpt":{"rendered":"<p>Deputeti i PD, Fidel Kreka ka reaguar lidhur me vendimin e sot\u00ebm t\u00eb socialist\u00ebve, ku s\u00eb bashku me Gazment Bardhi u p\u00ebrjashtunan me nga 10 dit\u00eb nga aktivitetet parlamentare p\u00ebr shkak t\u00eb tensioneve n\u00eb seanc\u00ebn e djeshme plenare. N\u00eb nj\u00eb postim n\u00eb rrjetet sociale, Kreka shkruan se u p\u00ebrjashtua vet\u00ebm se ngriti z\u00ebrin kund\u00ebr nj\u00eb &hellip;<\/p>\n","protected":false},"author":4,"featured_media":123702,"comment_status":"closed","ping_status":"closed","sticky":false,"template":"","format":"standard","meta":{"footnotes":""},"categories":[37],"tags":[],"class_list":["post-123701","post","type-post","status-publish","format-standard","has-post-thumbnail","","category-politike"],"_links":{"self":[{"href":"https:\/\/rdnews.al\/index.php\/wp-json\/wp\/v2\/posts\/123701","targetHints":{"allow":["GET"]}}],"collection":[{"href":"https:\/\/rdnews.al\/index.php\/wp-json\/wp\/v2\/posts"}],"about":[{"href":"https:\/\/rdnews.al\/index.php\/wp-json\/wp\/v2\/types\/post"}],"author":[{"embeddable":true,"href":"https:\/\/rdnews.al\/index.php\/wp-json\/wp\/v2\/users\/4"}],"replies":[{"embeddable":true,"href":"https:\/\/rdnews.al\/index.php\/wp-json\/wp\/v2\/comments?post=123701"}],"version-history":[{"count":1,"href":"https:\/\/rdnews.al\/index.php\/wp-json\/wp\/v2\/posts\/123701\/revisions"}],"predecessor-version":[{"id":123703,"href":"https:\/\/rdnews.al\/index.php\/wp-json\/wp\/v2\/posts\/123701\/revisions\/123703"}],"wp:featuredmedia":[{"embeddable":true,"href":"https:\/\/rdnews.al\/index.php\/wp-json\/wp\/v2\/media\/123702"}],"wp:attachment":[{"href":"https:\/\/rdnews.al\/index.php\/wp-json\/wp\/v2\/media?parent=123701"}],"wp:term":[{"taxonomy":"category","embeddable":true,"href":"https:\/\/rdnews.al\/index.php\/wp-json\/wp\/v2\/categories?post=123701"},{"taxonomy":"post_tag","embeddable":true,"href":"https:\/\/rdnews.al\/index.php\/wp-json\/wp\/v2\/tags?post=123701"}],"curies":[{"name":"wp","href":"https:\/\/api.w.org\/{rel}","templated":true}]}}