{"id":123708,"date":"2025-09-19T19:49:02","date_gmt":"2025-09-19T19:49:02","guid":{"rendered":"https:\/\/rdnews.al\/?p=123708"},"modified":"2025-09-19T19:49:02","modified_gmt":"2025-09-19T19:49:02","slug":"opozita-pergatitet-per-protesta-deklarata-e-bardhit","status":"publish","type":"post","link":"https:\/\/rdnews.al\/index.php\/2025\/09\/19\/opozita-pergatitet-per-protesta-deklarata-e-bardhit\/","title":{"rendered":"Opozita p\u00ebrgatitet p\u00ebr protesta\/ Deklarata e Bardhit"},"content":{"rendered":"<p>Deklarata e Gazment Bardhit<\/p>\n<p style=\"text-align: left;\">\u201cKemi pasur shum\u00eb diskutime n\u00eb grupin parlamentar.<br \/>\nKa nj\u00eb pjes\u00eb publike t\u00eb diskutimit t\u00eb kryetarit t\u00eb partis\u00eb, m\u00eb pas ka diskutime me dyer t\u00eb mbyllura mes koleg\u00ebsh. Mos prisni nga un\u00eb t\u00eb c\u00ebnoj diskrecionin e mbledhjeve me dyer t\u00eb mbyllura. Vendimin e publikova un\u00eb sapo mbaroi mblehdja. Secili n\u00eb mbledhje shprehu mendimin e tij<br \/>\nN\u00eb momentin kur bllokohet \u00e7do m\u00ebnyr\u00eb reagimi, reagimi radikal \u00ebsht\u00eb e vetmja m\u00ebnyr\u00eb q\u00eb na mbetet.<br \/>\nN\u00eb t\u00eb shkuar\u00ebn PD ka marr\u00eb vendime t\u00eb forta deri n\u00eb djegie mandatesh por n\u00eb afatgjat\u00eb doli q\u00eb ishte gabim. \u00c7do vendim q\u00eb duhet marr\u00eb do t\u00eb merret duke llogaritur efektin afatgjat\u00eb.<br \/>\nSa i p\u00ebrket protestave, kjo nuk \u00ebsht\u00eb kompetence e grupit parlamentar.<br \/>\nKoha p\u00ebr protest\u00eb \u00ebsht\u00eb \u00e7do dit\u00eb.<br \/>\nKoha p\u00ebr protest\u00eb \u00ebsht\u00eb edhe kur mbyllet media m\u00eb e madhe informative n\u00eb vend. Duhet t\u00eb reagojm\u00eb edhe kur c\u00ebnohet liria e tjetrit, prona, liria e medias, jo vet\u00ebm kur na b\u00ebhet ne padrejt\u00ebsi\u201d, tha ai.<\/p>\n","protected":false},"excerpt":{"rendered":"<p>Deklarata e Gazment Bardhit \u201cKemi pasur shum\u00eb diskutime n\u00eb grupin parlamentar. Ka nj\u00eb pjes\u00eb publike t\u00eb diskutimit t\u00eb kryetarit t\u00eb partis\u00eb, m\u00eb pas ka diskutime me dyer t\u00eb mbyllura mes koleg\u00ebsh. Mos prisni nga un\u00eb t\u00eb c\u00ebnoj diskrecionin e mbledhjeve me dyer t\u00eb mbyllura. Vendimin e publikova un\u00eb sapo mbaroi mblehdja. Secili n\u00eb mbledhje shprehu &hellip;<\/p>\n","protected":false},"author":3,"featured_media":68683,"comment_status":"closed","ping_status":"closed","sticky":false,"template":"","format":"standard","meta":{"footnotes":""},"categories":[37],"tags":[],"class_list":["post-123708","post","type-post","status-publish","format-standard","has-post-thumbnail","","category-politike"],"_links":{"self":[{"href":"https:\/\/rdnews.al\/index.php\/wp-json\/wp\/v2\/posts\/123708","targetHints":{"allow":["GET"]}}],"collection":[{"href":"https:\/\/rdnews.al\/index.php\/wp-json\/wp\/v2\/posts"}],"about":[{"href":"https:\/\/rdnews.al\/index.php\/wp-json\/wp\/v2\/types\/post"}],"author":[{"embeddable":true,"href":"https:\/\/rdnews.al\/index.php\/wp-json\/wp\/v2\/users\/3"}],"replies":[{"embeddable":true,"href":"https:\/\/rdnews.al\/index.php\/wp-json\/wp\/v2\/comments?post=123708"}],"version-history":[{"count":1,"href":"https:\/\/rdnews.al\/index.php\/wp-json\/wp\/v2\/posts\/123708\/revisions"}],"predecessor-version":[{"id":123709,"href":"https:\/\/rdnews.al\/index.php\/wp-json\/wp\/v2\/posts\/123708\/revisions\/123709"}],"wp:featuredmedia":[{"embeddable":true,"href":"https:\/\/rdnews.al\/index.php\/wp-json\/wp\/v2\/media\/68683"}],"wp:attachment":[{"href":"https:\/\/rdnews.al\/index.php\/wp-json\/wp\/v2\/media?parent=123708"}],"wp:term":[{"taxonomy":"category","embeddable":true,"href":"https:\/\/rdnews.al\/index.php\/wp-json\/wp\/v2\/categories?post=123708"},{"taxonomy":"post_tag","embeddable":true,"href":"https:\/\/rdnews.al\/index.php\/wp-json\/wp\/v2\/tags?post=123708"}],"curies":[{"name":"wp","href":"https:\/\/api.w.org\/{rel}","templated":true}]}}