{"id":123710,"date":"2025-09-19T20:01:37","date_gmt":"2025-09-19T20:01:37","guid":{"rendered":"https:\/\/rdnews.al\/?p=123710"},"modified":"2025-09-19T20:01:37","modified_gmt":"2025-09-19T20:01:37","slug":"lidhjet-me-krimin-e-organizuar-balluku-shantazhon-ramen-deklarata-e-forte","status":"publish","type":"post","link":"https:\/\/rdnews.al\/index.php\/2025\/09\/19\/lidhjet-me-krimin-e-organizuar-balluku-shantazhon-ramen-deklarata-e-forte\/","title":{"rendered":"Lidhjet me krimin e organizuar\/ Balluku shantazhon Ram\u00ebn, deklarata e fort\u00eb"},"content":{"rendered":"<p>Kryetari i grupit parlamentar t\u00eb PD, Gazment Bardhi, ishte i ftuar n\u00eb emisionin \u201cKjo Jav\u00eb\u201d e drejtuar nga gazetarja Nisida Tufa, ku komentoi, mes t\u00eb tjerash, edhe p\u00ebrb\u00ebrjen e qeveris\u00eb s\u00eb re, ku ai pohoi se surpriza m\u00eb e madhe ishte rikonfirmimi i Belinda Ballukut n\u00eb pozicionin e saj.<\/p>\n<p>Sipas Bardhit, kjo tregon edhe nj\u00ebher\u00eb se ato q\u00eb qarkullojn\u00eb si fjal\u00eb n\u00eb ambientin politik dhe mediatik q\u00eb zonja Balluku e mban n\u00ebn presion e shantazh kryeministrin e vendit apo p\u00ebr shkak t\u00eb lidhjes me krimin e organizuar q\u00eb ajo ka,<\/p>\n<p><strong>Gazment Bardhi:<\/strong> Per mua, surpriza m\u00eb e madhe e kabinetit t\u00eb ri qeveritar ishte rikonfirmimi i personit m\u00eb t\u00eb korruptuar n\u00eb 35 vite qeverisje demokratike, q\u00eb \u00ebsht\u00eb z\u00ebvend\u00ebskryeminstrja Belinda Balluku. Kjo tregon edhe nj\u00ebher\u00eb se ato q\u00eb qarkullojn\u00eb si fjal\u00eb n\u00eb ambientin politik dhe mediatik q\u00eb zonja Balluku e mban n\u00ebn presion e shantazh kryeministrin e vendit apo p\u00ebr shkak t\u00eb lidhjes me krimin e organizuar q\u00eb ajo ka, rezultuan t\u00eb v\u00ebrteta.<\/p>\n<div class=\"mobile_ad ad_bottom_space\"><ins id=\"revive-0-17\" data-revive-zoneid=\"616\" data-revive-id=\"865a9b17001ac752b0bc1ea1f790187c\" data-revive-seq=\"17\" data-revive-loaded=\"1\"><\/p>\n<div id=\"beacon_3c4690b034\"><img loading=\"lazy\" decoding=\"async\" src=\"https:\/\/ads.balkanweb.com\/www\/delivery\/lg.php?bannerid=0&amp;campaignid=0&amp;zoneid=616&amp;loc=https%3A%2F%2Fwww.balkanweb.com%2Frikonfirmimi-i-ballukut-ishte-surpriza-me-e-madhe-e-qeverise-bardhi-u-vertetua-se-ajo-e-mban-nen-presion-e-shantazh-ramen-quajeni-qeveria-balluku-1%2F&amp;referer=https%3A%2F%2Fwww.balkanweb.com%2F&amp;cb=3c4690b034\" alt=\"\" width=\"0\" height=\"0\" \/>Po t\u00eb shikosh kabinetin, duket i ndar\u00eb gjysm\u00eb p\u00ebr gjysm\u00eb, disa ushtar\u00eb t\u00eb Belinda Ballukut dhe gjysma tjet\u00ebr t\u00eb Edi Ram\u00ebs. Nuk e di n\u00ebse mund ta quajm\u00eb qeveria Rama 4 apo qeveria Balluku 1.\u201d<\/div>\n<p><\/ins><\/div>\n<p>&nbsp;<\/p>\n","protected":false},"excerpt":{"rendered":"<p>Kryetari i grupit parlamentar t\u00eb PD, Gazment Bardhi, ishte i ftuar n\u00eb emisionin \u201cKjo Jav\u00eb\u201d e drejtuar nga gazetarja Nisida Tufa, ku komentoi, mes t\u00eb tjerash, edhe p\u00ebrb\u00ebrjen e qeveris\u00eb s\u00eb re, ku ai pohoi se surpriza m\u00eb e madhe ishte rikonfirmimi i Belinda Ballukut n\u00eb pozicionin e saj. Sipas Bardhit, kjo tregon edhe nj\u00ebher\u00eb &hellip;<\/p>\n","protected":false},"author":3,"featured_media":123711,"comment_status":"closed","ping_status":"closed","sticky":false,"template":"","format":"standard","meta":{"footnotes":""},"categories":[37],"tags":[],"class_list":["post-123710","post","type-post","status-publish","format-standard","has-post-thumbnail","","category-politike"],"_links":{"self":[{"href":"https:\/\/rdnews.al\/index.php\/wp-json\/wp\/v2\/posts\/123710","targetHints":{"allow":["GET"]}}],"collection":[{"href":"https:\/\/rdnews.al\/index.php\/wp-json\/wp\/v2\/posts"}],"about":[{"href":"https:\/\/rdnews.al\/index.php\/wp-json\/wp\/v2\/types\/post"}],"author":[{"embeddable":true,"href":"https:\/\/rdnews.al\/index.php\/wp-json\/wp\/v2\/users\/3"}],"replies":[{"embeddable":true,"href":"https:\/\/rdnews.al\/index.php\/wp-json\/wp\/v2\/comments?post=123710"}],"version-history":[{"count":1,"href":"https:\/\/rdnews.al\/index.php\/wp-json\/wp\/v2\/posts\/123710\/revisions"}],"predecessor-version":[{"id":123712,"href":"https:\/\/rdnews.al\/index.php\/wp-json\/wp\/v2\/posts\/123710\/revisions\/123712"}],"wp:featuredmedia":[{"embeddable":true,"href":"https:\/\/rdnews.al\/index.php\/wp-json\/wp\/v2\/media\/123711"}],"wp:attachment":[{"href":"https:\/\/rdnews.al\/index.php\/wp-json\/wp\/v2\/media?parent=123710"}],"wp:term":[{"taxonomy":"category","embeddable":true,"href":"https:\/\/rdnews.al\/index.php\/wp-json\/wp\/v2\/categories?post=123710"},{"taxonomy":"post_tag","embeddable":true,"href":"https:\/\/rdnews.al\/index.php\/wp-json\/wp\/v2\/tags?post=123710"}],"curies":[{"name":"wp","href":"https:\/\/api.w.org\/{rel}","templated":true}]}}