{"id":123714,"date":"2025-09-19T20:45:14","date_gmt":"2025-09-19T20:45:14","guid":{"rendered":"https:\/\/rdnews.al\/?p=123714"},"modified":"2025-09-19T20:52:26","modified_gmt":"2025-09-19T20:52:26","slug":"gare-reale-meritokraci-dhe-rinovim-deklarata-e-bardhit","status":"publish","type":"post","link":"https:\/\/rdnews.al\/index.php\/2025\/09\/19\/gare-reale-meritokraci-dhe-rinovim-deklarata-e-bardhit\/","title":{"rendered":"\u201cGar\u00eb reale, meritokraci dhe rinovim\u201d\/ Deklarata e Bardhit"},"content":{"rendered":"<p>Kryetari i grupit parlamentar t\u00eb PD, Gazment Bardhi, gjat\u00eb intervist\u00ebs n\u00eb emisionin \u201cKjo Jav\u00eb\u201d e konsideroi nevoj\u00ebn e hapjes s\u00eb PD ndaj prurjeve t\u00eb reja, shoq\u00ebria civile, si nevoj\u00eb e domosdoshme p\u00ebr rinovimin e saj.<\/p>\n<p>Bardhi tha se PD q\u00eb sot \u00ebsht\u00eb 12 vjet n\u00eb opozit\u00eb, cilido nga demokrat\u00ebt i angazhuar n\u00eb pozicione, do t\u00eb duhet t\u00eb jet\u00eb i hapur ndaj prurjeve t\u00eb reja.<\/p>\n<p><strong>Deklarata e Gazment Bardhit<\/strong><\/p>\n<p>Sigurisht q\u00eb secili prej nesh \u00ebshte i hapur p\u00ebr kritika e propozime, dhe jam i bindur q\u00eb secili e thot\u00eb n\u00eb t\u00eb mir\u00eb t\u00eb PD. Nevoja p\u00ebr rinovim, elemente t\u00eb rinj nga shoqeria civile q\u00eb kan\u00eb ngritur kauza t\u00eb r\u00ebnd\u00ebsishme \u00ebsht\u00eb hap pozitiv p\u00ebrpara.<\/p>\n<p>Reflektoj se cfar\u00eb do b\u00ebjm\u00eb secili prej nesh p\u00ebr t\u00eb pasur nj\u00eb rinovim t\u00eb p\u00ebrditsh\u00ebm dhe k\u00ebtu nuk flas p\u00ebr ndarje pozicionesh, por p\u00ebr nevoj\u00ebn p\u00ebr t\u00eb patur gar\u00eb reale n\u00eb PD, meritokraci, prurje t\u00eb reja her\u00eb pas here dhe p\u00ebr t\u2019i angazhuar n\u00eb p\u00ebrgjegj\u00ebsi t\u00eb caktuara. Un\u00eb nuk kam nj\u00eb post t\u00eb r\u00ebnd\u00ebsish\u00ebm, por nj\u00eb p\u00ebrgjegj\u00ebsi t\u00eb madhe q\u00eb do t\u00eb duhet ta p\u00ebrmbush me sukses dhe sot q\u00eb PD \u00ebsht\u00eb 12 vjet n\u00eb opozit\u00eb cilido i angazhuar n\u00eb pozicione do t\u00eb duhet t\u00eb jet\u00eb i hapur ndaj prurjeve t\u00eb reja.<\/p>\n<p>Un\u00eb besoj q\u00eb \u00a0me zgjedhje t\u00eb lira e t\u00eb ndershme e PD q\u00eb nuk humb koh\u00eb sic humb\u00ebm 4 vjet m\u00eb par\u00eb me betejat brenda vetes dhe ekipin dhe alternativ\u00ebn e duhur, padyshim q\u00eb PD i fiton zgjedhjet.<\/p>\n","protected":false},"excerpt":{"rendered":"<p>Kryetari i grupit parlamentar t\u00eb PD, Gazment Bardhi, gjat\u00eb intervist\u00ebs n\u00eb emisionin \u201cKjo Jav\u00eb\u201d e konsideroi nevoj\u00ebn e hapjes s\u00eb PD ndaj prurjeve t\u00eb reja, shoq\u00ebria civile, si nevoj\u00eb e domosdoshme p\u00ebr rinovimin e saj. Bardhi tha se PD q\u00eb sot \u00ebsht\u00eb 12 vjet n\u00eb opozit\u00eb, cilido nga demokrat\u00ebt i angazhuar n\u00eb pozicione, do t\u00eb &hellip;<\/p>\n","protected":false},"author":3,"featured_media":82548,"comment_status":"closed","ping_status":"closed","sticky":false,"template":"","format":"standard","meta":{"footnotes":""},"categories":[37],"tags":[],"class_list":["post-123714","post","type-post","status-publish","format-standard","has-post-thumbnail","","category-politike"],"_links":{"self":[{"href":"https:\/\/rdnews.al\/index.php\/wp-json\/wp\/v2\/posts\/123714","targetHints":{"allow":["GET"]}}],"collection":[{"href":"https:\/\/rdnews.al\/index.php\/wp-json\/wp\/v2\/posts"}],"about":[{"href":"https:\/\/rdnews.al\/index.php\/wp-json\/wp\/v2\/types\/post"}],"author":[{"embeddable":true,"href":"https:\/\/rdnews.al\/index.php\/wp-json\/wp\/v2\/users\/3"}],"replies":[{"embeddable":true,"href":"https:\/\/rdnews.al\/index.php\/wp-json\/wp\/v2\/comments?post=123714"}],"version-history":[{"count":2,"href":"https:\/\/rdnews.al\/index.php\/wp-json\/wp\/v2\/posts\/123714\/revisions"}],"predecessor-version":[{"id":123718,"href":"https:\/\/rdnews.al\/index.php\/wp-json\/wp\/v2\/posts\/123714\/revisions\/123718"}],"wp:featuredmedia":[{"embeddable":true,"href":"https:\/\/rdnews.al\/index.php\/wp-json\/wp\/v2\/media\/82548"}],"wp:attachment":[{"href":"https:\/\/rdnews.al\/index.php\/wp-json\/wp\/v2\/media?parent=123714"}],"wp:term":[{"taxonomy":"category","embeddable":true,"href":"https:\/\/rdnews.al\/index.php\/wp-json\/wp\/v2\/categories?post=123714"},{"taxonomy":"post_tag","embeddable":true,"href":"https:\/\/rdnews.al\/index.php\/wp-json\/wp\/v2\/tags?post=123714"}],"curies":[{"name":"wp","href":"https:\/\/api.w.org\/{rel}","templated":true}]}}