{"id":123716,"date":"2025-09-19T20:48:00","date_gmt":"2025-09-19T20:48:00","guid":{"rendered":"https:\/\/rdnews.al\/?p=123716"},"modified":"2025-09-19T20:48:00","modified_gmt":"2025-09-19T20:48:00","slug":"elisa-kercenon-rusine","status":"publish","type":"post","link":"https:\/\/rdnews.al\/index.php\/2025\/09\/19\/elisa-kercenon-rusine\/","title":{"rendered":"Elisa k\u00ebrc\u00ebnon Rusin\u00eb"},"content":{"rendered":"<p>Ministrja p\u00ebr Evrop\u00ebn dhe Pun\u00ebt e Jashtme, Elisa Spiropali, ka d\u00ebnuar shkeljen e hap\u00ebsir\u00ebs ajrore estoneze nga avion\u00ebt rus\u00eb.<\/p>\n<p>Me an\u00eb t\u00eb nj\u00eb postimi n\u00eb \u201cX\u201d, Spiropali thekson se Shqip\u00ebria qendron n\u00eb solidaritet t\u00eb plot\u00eb me aleatin toin\u00eb, Estonin\u00eb.<\/p>\n<div class=\"twitter-tweet twitter-tweet-rendered\"><iframe id=\"twitter-widget-0\" class=\"\" title=\"X Post\" src=\"https:\/\/platform.twitter.com\/embed\/Tweet.html?creatorScreenName=vizionplustv&amp;dnt=false&amp;embedId=twitter-widget-0&amp;features=eyJ0ZndfdGltZWxpbmVfbGlzdCI6eyJidWNrZXQiOltdLCJ2ZXJzaW9uIjpudWxsfSwidGZ3X2ZvbGxvd2VyX2NvdW50X3N1bnNldCI6eyJidWNrZXQiOnRydWUsInZlcnNpb24iOm51bGx9LCJ0ZndfdHdlZXRfZWRpdF9iYWNrZW5kIjp7ImJ1Y2tldCI6Im9uIiwidmVyc2lvbiI6bnVsbH0sInRmd19yZWZzcmNfc2Vzc2lvbiI6eyJidWNrZXQiOiJvbiIsInZlcnNpb24iOm51bGx9LCJ0ZndfZm9zbnJfc29mdF9pbnRlcnZlbnRpb25zX2VuYWJsZWQiOnsiYnVja2V0Ijoib24iLCJ2ZXJzaW9uIjpudWxsfSwidGZ3X21peGVkX21lZGlhXzE1ODk3Ijp7ImJ1Y2tldCI6InRyZWF0bWVudCIsInZlcnNpb24iOm51bGx9LCJ0ZndfZXhwZXJpbWVudHNfY29va2llX2V4cGlyYXRpb24iOnsiYnVja2V0IjoxMjA5NjAwLCJ2ZXJzaW9uIjpudWxsfSwidGZ3X3Nob3dfYmlyZHdhdGNoX3Bpdm90c19lbmFibGVkIjp7ImJ1Y2tldCI6Im9uIiwidmVyc2lvbiI6bnVsbH0sInRmd19kdXBsaWNhdGVfc2NyaWJlc190b19zZXR0aW5ncyI6eyJidWNrZXQiOiJvbiIsInZlcnNpb24iOm51bGx9LCJ0ZndfdXNlX3Byb2ZpbGVfaW1hZ2Vfc2hhcGVfZW5hYmxlZCI6eyJidWNrZXQiOiJvbiIsInZlcnNpb24iOm51bGx9LCJ0ZndfdmlkZW9faGxzX2R5bmFtaWNfbWFuaWZlc3RzXzE1MDgyIjp7ImJ1Y2tldCI6InRydWVfYml0cmF0ZSIsInZlcnNpb24iOm51bGx9LCJ0ZndfbGVnYWN5X3RpbWVsaW5lX3N1bnNldCI6eyJidWNrZXQiOnRydWUsInZlcnNpb24iOm51bGx9LCJ0ZndfdHdlZXRfZWRpdF9mcm9udGVuZCI6eyJidWNrZXQiOiJvbiIsInZlcnNpb24iOm51bGx9fQ%3D%3D&amp;frame=false&amp;hideCard=false&amp;hideThread=false&amp;id=1969131500068053307&amp;lang=en&amp;origin=https%3A%2F%2Fwww.vizionplus.tv%2Favionet-ruse-ne-estoni-reagon-spiropali-thellesisht-te-shqetesuar%2F&amp;sessionId=79c4218e66ba3311b28655900de758bcb6cc8c38&amp;siteScreenName=vizionplustv&amp;theme=light&amp;widgetsVersion=2615f7e52b7e0%3A1702314776716&amp;width=550px\" frameborder=\"0\" scrolling=\"no\" allowfullscreen=\"allowfullscreen\" data-tweet-id=\"1969131500068053307\" data-mce-fragment=\"1\"><\/iframe><\/div>\n<p><strong>Postimi i Spiropalit:<\/strong><\/p>\n<p><em>Thell\u00ebsisht t\u00eb shqet\u00ebsuar nga shkelja e hap\u00ebsir\u00ebs ajrore estoneze nga tre avion\u00eb luftarak\u00eb rus\u00eb Mig-31 k\u00ebt\u00eb m\u00ebngjes.<\/em><\/p>\n<p><em>Ne\ud83c\udde6\ud83c\uddf1 q\u00ebndrojm\u00eb n\u00eb solidaritet t\u00eb plot\u00eb me aleatin ton\u00eb, Estonin\u00eb \ud83c\uddea\ud83c\uddea<\/em><\/p>\n<p><em>@Tsahkna<\/em><\/p>\n<p><em>#NATO mbetet e bashkuar kund\u00ebr provokimeve t\u00eb Rusis\u00eb.<\/em><\/p>\n","protected":false},"excerpt":{"rendered":"<p>Ministrja p\u00ebr Evrop\u00ebn dhe Pun\u00ebt e Jashtme, Elisa Spiropali, ka d\u00ebnuar shkeljen e hap\u00ebsir\u00ebs ajrore estoneze nga avion\u00ebt rus\u00eb. Me an\u00eb t\u00eb nj\u00eb postimi n\u00eb \u201cX\u201d, Spiropali thekson se Shqip\u00ebria qendron n\u00eb solidaritet t\u00eb plot\u00eb me aleatin toin\u00eb, Estonin\u00eb. Postimi i Spiropalit: Thell\u00ebsisht t\u00eb shqet\u00ebsuar nga shkelja e hap\u00ebsir\u00ebs ajrore estoneze nga tre avion\u00eb luftarak\u00eb &hellip;<\/p>\n","protected":false},"author":3,"featured_media":9455,"comment_status":"closed","ping_status":"closed","sticky":false,"template":"","format":"standard","meta":{"footnotes":""},"categories":[37],"tags":[],"class_list":["post-123716","post","type-post","status-publish","format-standard","has-post-thumbnail","","category-politike"],"_links":{"self":[{"href":"https:\/\/rdnews.al\/index.php\/wp-json\/wp\/v2\/posts\/123716","targetHints":{"allow":["GET"]}}],"collection":[{"href":"https:\/\/rdnews.al\/index.php\/wp-json\/wp\/v2\/posts"}],"about":[{"href":"https:\/\/rdnews.al\/index.php\/wp-json\/wp\/v2\/types\/post"}],"author":[{"embeddable":true,"href":"https:\/\/rdnews.al\/index.php\/wp-json\/wp\/v2\/users\/3"}],"replies":[{"embeddable":true,"href":"https:\/\/rdnews.al\/index.php\/wp-json\/wp\/v2\/comments?post=123716"}],"version-history":[{"count":1,"href":"https:\/\/rdnews.al\/index.php\/wp-json\/wp\/v2\/posts\/123716\/revisions"}],"predecessor-version":[{"id":123717,"href":"https:\/\/rdnews.al\/index.php\/wp-json\/wp\/v2\/posts\/123716\/revisions\/123717"}],"wp:featuredmedia":[{"embeddable":true,"href":"https:\/\/rdnews.al\/index.php\/wp-json\/wp\/v2\/media\/9455"}],"wp:attachment":[{"href":"https:\/\/rdnews.al\/index.php\/wp-json\/wp\/v2\/media?parent=123716"}],"wp:term":[{"taxonomy":"category","embeddable":true,"href":"https:\/\/rdnews.al\/index.php\/wp-json\/wp\/v2\/categories?post=123716"},{"taxonomy":"post_tag","embeddable":true,"href":"https:\/\/rdnews.al\/index.php\/wp-json\/wp\/v2\/tags?post=123716"}],"curies":[{"name":"wp","href":"https:\/\/api.w.org\/{rel}","templated":true}]}}