{"id":123719,"date":"2025-09-19T21:15:13","date_gmt":"2025-09-19T21:15:13","guid":{"rendered":"https:\/\/rdnews.al\/?p=123719"},"modified":"2025-09-19T21:15:13","modified_gmt":"2025-09-19T21:15:13","slug":"mziu-reagon-serish-per-shperthimin-ne-banese-tritoli-i-mafies-politike-nuk-na-ndal","status":"publish","type":"post","link":"https:\/\/rdnews.al\/index.php\/2025\/09\/19\/mziu-reagon-serish-per-shperthimin-ne-banese-tritoli-i-mafies-politike-nuk-na-ndal\/","title":{"rendered":"Mziu reagon s\u00ebrish p\u00ebr shp\u00ebrthimin n\u00eb banes\u00eb: Tritoli i mafies politike nuk na ndal!"},"content":{"rendered":"<p>Deputeti i PD, Xhelal Mziu, ka reaguar s\u00ebrish p\u00ebr shp\u00ebrthimin me tritol t\u00eb regjistruar n\u00eb or\u00ebt e para t\u00eb m\u00ebngjesit t\u00eb sot\u00ebm n\u00eb muret rrethuese t\u00eb banes\u00ebs s\u00eb tij.<\/p>\n<p>Mziu akuon pal\u00ebn kund\u00ebrshtare p\u00ebr tritolion e vendosur n\u00eb banes\u00ebn e tij, ku shkruan\u00a0se ky nuk \u00ebsht\u00eb thjesht sulm ndaj tij, por nj\u00eb mesazh politik i err\u00ebt, sipas tij, p\u00ebr t\u2019i mbyllur goj\u00ebn.<\/p>\n<p>\u201cTritoli i mafies politike nuk na ndal! Sot u vendos tritol n\u00eb sht\u00ebpin\u00eb time. Ky nuk \u00ebsht\u00eb thjesht sulm ndaj meje, por nj\u00eb mesazh politik i err\u00ebt, nj\u00eb akt frike i mafies s\u00eb pushtetit ndaj fjal\u00ebs s\u00eb lir\u00eb. Ata mendojn\u00eb se me tritol do t\u00eb na mbyllin goj\u00ebn, por gabojn\u00eb r\u00ebnd\u00eb! Ne nuk trembemi, nuk t\u00ebrhiqemi, p\u00ebrkundrazi, ky krim na forcon edhe m\u00eb shum\u00eb n\u00eb betej\u00ebn p\u00ebr t\u00eb v\u00ebrtet\u00ebn dhe drejt\u00ebsin\u00eb. Opozita dhe Shqip\u00ebria nuk do t\u00eb gjunj\u00ebzohen p\u00ebrball\u00eb krimit dhe korrupsionit!\u201d,\u00a0shkruan deputeti demokrat.<\/p>\n<p>M\u00eb her\u00ebt gjat\u00eb dit\u00ebs s\u00eb sotme, n\u00eb nj\u00eb konferenc\u00eb p\u00ebr gazetar\u00ebt Mziu mohoi t\u00eb kishte konflikte personale q\u00eb mund t\u00eb lidhen me ngjarjen.<\/p>\n<p>\u201cJam i g\u00ebzuar q\u00eb nuk pati d\u00ebme njer\u00ebzore. Nuk kam asnj\u00eb lloj konflikti me asnj\u00eb person gjat\u00eb karrier\u00ebs sime. Un\u00eb e shoh k\u00ebt\u00eb nj\u00eb akt politik dhe madje hakmarrje politike. N\u00ebse do kisha indicie p\u00ebr persona t\u00eb dyshuar, nuk do kisha nguruar t\u2019i thoja. Shpresoj q\u00eb policia t\u00eb jet\u00eb n\u00eb lart\u00ebsin\u00eb e duhur p\u00ebr t\u00eb mbledhur provat\u201d,\u00a0tha ai.<\/p>\n<p>Ngjarja ndodhi rreth or\u00ebs 00:55 t\u00eb s\u00eb premtes. Sasia e tritolit ishte vendosur n\u00eb murin rrethues t\u00eb sht\u00ebpis\u00eb s\u00eb deputetit demokrat. Nga shp\u00ebrthimi pati vet\u00ebm d\u00ebme materiale. Si autori ashtu sikurse motivet e k\u00ebsaj ngjarjeje nuk dihen. Hetuesit vijojn\u00eb pun\u00ebn p\u00ebr zbardhjen e saj.<\/p>\n","protected":false},"excerpt":{"rendered":"<p>Deputeti i PD, Xhelal Mziu, ka reaguar s\u00ebrish p\u00ebr shp\u00ebrthimin me tritol t\u00eb regjistruar n\u00eb or\u00ebt e para t\u00eb m\u00ebngjesit t\u00eb sot\u00ebm n\u00eb muret rrethuese t\u00eb banes\u00ebs s\u00eb tij. Mziu akuon pal\u00ebn kund\u00ebrshtare p\u00ebr tritolion e vendosur n\u00eb banes\u00ebn e tij, ku shkruan\u00a0se ky nuk \u00ebsht\u00eb thjesht sulm ndaj tij, por nj\u00eb mesazh politik i &hellip;<\/p>\n","protected":false},"author":4,"featured_media":123609,"comment_status":"closed","ping_status":"closed","sticky":false,"template":"","format":"standard","meta":{"footnotes":""},"categories":[37],"tags":[],"class_list":["post-123719","post","type-post","status-publish","format-standard","has-post-thumbnail","","category-politike"],"_links":{"self":[{"href":"https:\/\/rdnews.al\/index.php\/wp-json\/wp\/v2\/posts\/123719","targetHints":{"allow":["GET"]}}],"collection":[{"href":"https:\/\/rdnews.al\/index.php\/wp-json\/wp\/v2\/posts"}],"about":[{"href":"https:\/\/rdnews.al\/index.php\/wp-json\/wp\/v2\/types\/post"}],"author":[{"embeddable":true,"href":"https:\/\/rdnews.al\/index.php\/wp-json\/wp\/v2\/users\/4"}],"replies":[{"embeddable":true,"href":"https:\/\/rdnews.al\/index.php\/wp-json\/wp\/v2\/comments?post=123719"}],"version-history":[{"count":1,"href":"https:\/\/rdnews.al\/index.php\/wp-json\/wp\/v2\/posts\/123719\/revisions"}],"predecessor-version":[{"id":123720,"href":"https:\/\/rdnews.al\/index.php\/wp-json\/wp\/v2\/posts\/123719\/revisions\/123720"}],"wp:featuredmedia":[{"embeddable":true,"href":"https:\/\/rdnews.al\/index.php\/wp-json\/wp\/v2\/media\/123609"}],"wp:attachment":[{"href":"https:\/\/rdnews.al\/index.php\/wp-json\/wp\/v2\/media?parent=123719"}],"wp:term":[{"taxonomy":"category","embeddable":true,"href":"https:\/\/rdnews.al\/index.php\/wp-json\/wp\/v2\/categories?post=123719"},{"taxonomy":"post_tag","embeddable":true,"href":"https:\/\/rdnews.al\/index.php\/wp-json\/wp\/v2\/tags?post=123719"}],"curies":[{"name":"wp","href":"https:\/\/api.w.org\/{rel}","templated":true}]}}